{"id":359068,"date":"2026-02-18T13:02:11","date_gmt":"2026-02-18T13:02:11","guid":{"rendered":"https:\/\/www.europesays.com\/it\/359068\/"},"modified":"2026-02-18T13:02:11","modified_gmt":"2026-02-18T13:02:11","slug":"uae-emirates-xrg-adam-yates-sul-ritiro-improvviso-del-gemello-simon-e-felice-di-quel-che-ha-ottenuto-ora-si-dedica-alle-cose-che-non-poteva-fare-da-corridore","status":"publish","type":"post","link":"https:\/\/www.europesays.com\/it\/359068\/","title":{"rendered":"UAE Emirates XRG, Adam Yates sul ritiro improvviso del gemello Simon: &#8220;\u00c8 felice di quel che ha ottenuto, ora si dedica alle cose che non poteva fare da corridore&#8221;"},"content":{"rendered":"<p>\t\t\t\t\t<a href=\"https:\/\/cyclingpro.net\/spaziociclismo\/altro\/scopri-lapp-ufficiale-di-spaziociclismo\/\" title=\"\" rel=\"nofollow noopener\" target=\"_blank\"><br \/>\n\t\t\t\t\t\t<img loading=\"lazy\" decoding=\"async\" src=\"https:\/\/www.europesays.com\/it\/wp-content\/uploads\/2025\/09\/1758060682_662_Banner-App-SpazioCiclismo.png\" alt=\"\" width=\"728\" height=\"91\"\/><br \/>\n\t\t\t\t\t<\/a><\/p>\n<p>L\u2019improvviso ritiro di <strong>Simon Yates<\/strong> \u00e8 stato uno dei momenti pi\u00f9 dibattuti dell\u2019ultimo inverno ciclistico.<a href=\"https:\/\/cyclingpro.net\/spaziociclismo\/worldtour\/visma-lease-a-bike-clamoroso-simon-yates-si-ritira-con-effetto-immediato\/\" target=\"_blank\" rel=\"noopener nofollow\"> L\u2019inglese ha chiuso la sua carriera con la stagione 2026 ormai dietro l\u2019angolo<\/a>, sorprendendo tutto il mondo sportivo e, probabilmente, anche la sua stessa squadra, la<strong> Visma|Lease a Bike<\/strong>, con la quale aveva appena affrontato le varie incombenze pre-stagionali, compresa la definizione del programma agonistico annuale. In tanti si sono espressi sulla scelta di Yates, che ha lasciato il ciclismo da detentore di una delle corse pi\u00f9 importanti al mondo, il Giro d\u2019Italia; sul tema per\u00f2 non si \u00e8 ancora espresso lo stesso Yates e non lo aveva fatto neppure il gemello <strong>Adam,<\/strong> che \u00e8 invece ancora saldamente in sella, in forza alla UAE Emirates XRG.<\/p>\n<p>I due non si sono ancora incontrati, per via del lungo periodo di allenamenti prima e di gare poi che sta affrontando Adam (attualmente impegnato all\u2019UAE Tour 2026), ma qualche pensiero lo hanno scambiato: \u201cSimon sta provando a fare cose che non ha mai potuto fare da corridore \u2013 le parole di Adam Yates riferite al gemello e raccolte da <a href=\"https:\/\/www.cyclingnews.com\/pro-cycling\/races\/hes-trying-things-that-he-never-had-a-chance-to-do-as-a-bike-rider-adam-yates-looks-ahead-to-first-reunion-with-twin-brother-simon-yates-following-shock-retirement\/\" target=\"_blank\" rel=\"noopener nofollow\">CyclingNews<\/a> \u2013 \u00c8 una cosa di cui si parla spesso, <strong>ma da ciclista il livello di dedizione richiesto \u00e8 altissimo e non puoi proprio concentrarti su altre cose nella tua vita.<\/strong> Quindi, adesso si sta godendo quella parte di vita che prima non poteva considerare, facendo quello che prima non poteva concedersi\u201d.<\/p>\n<p>Adam Yates sottolinea inoltre che \u201clasciare dopo aver vinto il Giro d\u2019Italia e una tappa al Tour de France, a quel livello di prestazioni, \u00e8 un bel modo di farlo. Simon \u00e8 felicissimo di quello che ha ottenuto e di quello che ha fatto da corridore. Cosa potresti volere di pi\u00f9? Penso che se Simon guarda indietro, pu\u00f2 dire di aver avuto una grande carriera. <strong>E c\u2019\u00e8 una cosa che spesso molte persone dimenticano: il percorso sportivo non \u00e8 una cosa di 10 anni, ma spesso sei su una bicicletta da quando di anni ne hai 8\u2026<\/strong> Sono tanti anni a fare la stessa cosa e pu\u00f2 arrivare un momento in cui sei soddisfatto di quello che hai ottenuto e chiuderla l\u00ec\u201d.<\/p>\n<p>Il gemello ancora \u201cattivo\u201d scherza su quello \u201critirato\u201d: \u201c<strong>So che \u00e8 felice e so che si sta dedicando alla palestra<\/strong> \u2013 racconta Adam Yates \u2013 Vuole diventare pi\u00f9 grosso, ma adesso con la parte alta del corpo\u2026 Non vedo l\u2019ora di incontrarlo, non ci vediamo da 3-4 mesi. Devo rendermi conto se sta effettivamente diventando pi\u00f9 muscoloso o se gli sta solo crescendo la pancia perch\u00e9 sta mangiando e bevendo troppo\u2026\u201d.<\/p>\n","protected":false},"excerpt":{"rendered":"L\u2019improvviso ritiro di Simon Yates \u00e8 stato uno dei momenti pi\u00f9 dibattuti dell\u2019ultimo inverno ciclistico. L\u2019inglese ha chiuso&hellip;\n","protected":false},"author":3,"featured_media":359069,"comment_status":"","ping_status":"","sticky":false,"template":"","format":"standard","meta":{"footnotes":"","_share_on_mastodon":"0"},"categories":[1456],"tags":[92638,1824,1825,1537,90,89,130856,245,244],"class_list":["post-359068","post","type-post","status-publish","format-standard","has-post-thumbnail","category-ciclismo","tag-adam-yates","tag-ciclismo","tag-cycling","tag-it","tag-italia","tag-italy","tag-simon-yates","tag-sport","tag-sports"],"share_on_mastodon":{"url":"https:\/\/pubeurope.com\/@it\/116091770828538619","error":""},"_links":{"self":[{"href":"https:\/\/www.europesays.com\/it\/wp-json\/wp\/v2\/posts\/359068","targetHints":{"allow":["GET"]}}],"collection":[{"href":"https:\/\/www.europesays.com\/it\/wp-json\/wp\/v2\/posts"}],"about":[{"href":"https:\/\/www.europesays.com\/it\/wp-json\/wp\/v2\/types\/post"}],"author":[{"embeddable":true,"href":"https:\/\/www.europesays.com\/it\/wp-json\/wp\/v2\/users\/3"}],"replies":[{"embeddable":true,"href":"https:\/\/www.europesays.com\/it\/wp-json\/wp\/v2\/comments?post=359068"}],"version-history":[{"count":0,"href":"https:\/\/www.europesays.com\/it\/wp-json\/wp\/v2\/posts\/359068\/revisions"}],"wp:featuredmedia":[{"embeddable":true,"href":"https:\/\/www.europesays.com\/it\/wp-json\/wp\/v2\/media\/359069"}],"wp:attachment":[{"href":"https:\/\/www.europesays.com\/it\/wp-json\/wp\/v2\/media?parent=359068"}],"wp:term":[{"taxonomy":"category","embeddable":true,"href":"https:\/\/www.europesays.com\/it\/wp-json\/wp\/v2\/categories?post=359068"},{"taxonomy":"post_tag","embeddable":true,"href":"https:\/\/www.europesays.com\/it\/wp-json\/wp\/v2\/tags?post=359068"}],"curies":[{"name":"wp","href":"https:\/\/api.w.org\/{rel}","templated":true}]}}