{"id":359279,"date":"2026-02-18T16:23:11","date_gmt":"2026-02-18T16:23:11","guid":{"rendered":"https:\/\/www.europesays.com\/it\/359279\/"},"modified":"2026-02-18T16:23:11","modified_gmt":"2026-02-18T16:23:11","slug":"arriveremo-a-16-milioni-di-casi-sintomi-intestinali-sono-altri-virus-ecco-come-riconoscerli","status":"publish","type":"post","link":"https:\/\/www.europesays.com\/it\/359279\/","title":{"rendered":"\u00abArriveremo a 16 milioni di casi. Sintomi intestinali? Sono altri virus, ecco come riconoscerli\u00bb"},"content":{"rendered":"<p>L&#8217;influenza \u00e8 in calo, ma i virus respiratori continuano a circolare.\u00a0Si registrano meno polmoniti, ma persistono raffreddori e tracheiti (soprattutto tra gli anziani).<\/p>\n<p><strong>Quanti casi ci dobbiamo attendere? Ci sar\u00e0 una risalita?<\/strong><\/p>\n<p>\u00abLa stagione influenzale normalmente dura tutto il mese di febbraio pi\u00f9 quello di marzo e si spinge anche verso aprile\u00bb, cos\u00ec il virologo Matteo Bassetti. \u00abI casi sono in diminuzione, ma attenzione perch\u00e9 si erano previsti circa 15-16 milioni di casi quest&#8217;anno e probabilmente ci arriveremo, quindi consideri che siamo a poco meno di 11 milioni, mancano ancora 5 milioni, quindi ci arriveremo\u00bb.<\/p>\n<p><strong>Ci attende un nuovo picco dell&#8217;influenza?<\/strong><\/p>\n<p>\u00abSe ci arriveremo con un nuovo picco o mantenendoci su questi livelli, non non si pu\u00f2 sapere. \u00c8 evidente che comunque ci saranno ancora moltissimi casi di di influenza e\u00a0di sindromi parainfluenzali. Non escluderei che non ci possiamo trovare di fronte, magari nei primi mesi di nei primi giorni di marzo, di fronte a un nuovo aumento di casi, magari non che raggiunger\u00e0 il picco di della fine di dicembre, per\u00f2 con una risalita dei casi, quindi non abbassare mai la guardia contro le influenza fino a che non \u00e8 finita,\u00bb.\u00bb.<\/p>\n<p><strong>I medici di medicina generale registrano sintomi intestinali.<\/strong><\/p>\n<p>\u00abPer quanto riguarda invece ci\u00f2 che circola in questi giorni, c&#8217;\u00e8 molta patologia gastroenterica legata anche a virus diversi dall&#8217;influenza. Ci sono enterovirus, rotavirus, norovirus. Quindi virus differenti che danno questo quadro gastroenterico, quindi con diarrea, vomito. Per\u00f2 quello che c&#8217;\u00e8 da dire \u00e8 che rispetto all&#8217;influenza si limita a 2-3 giorni, quindi sono molto meno impegnativi, molto meno gravi e quindi possiamo anche stare pi\u00f9 tranquilli\u00bb.<\/p>\n<p>&#13;<br \/>\n                                \u00a9 RIPRODUZIONE RISERVATA&#13;<\/p>\n<p>&#13;<\/p>\n<p>\n                            Ogni Gioved\u00ec gli aggiornamenti su Salute e Benessere<br \/>\n                            <b>Iscriviti<\/b> e ricevi le notizie via email\n                        <\/p>\n","protected":false},"excerpt":{"rendered":"L&#8217;influenza \u00e8 in calo, ma i virus respiratori continuano a circolare.\u00a0Si registrano meno polmoniti, ma persistono raffreddori e&hellip;\n","protected":false},"author":3,"featured_media":359280,"comment_status":"","ping_status":"","sticky":false,"template":"","format":"standard","meta":{"footnotes":"","_share_on_mastodon":"0"},"categories":[175],"tags":[239,7944,151189,208283,1537,90,89,240],"class_list":["post-359279","post","type-post","status-publish","format-standard","has-post-thumbnail","category-salute","tag-health","tag-influenza","tag-influenza-k","tag-influenza-k-marzo","tag-it","tag-italia","tag-italy","tag-salute"],"share_on_mastodon":{"url":"https:\/\/pubeurope.com\/@it\/116092561368393379","error":""},"_links":{"self":[{"href":"https:\/\/www.europesays.com\/it\/wp-json\/wp\/v2\/posts\/359279","targetHints":{"allow":["GET"]}}],"collection":[{"href":"https:\/\/www.europesays.com\/it\/wp-json\/wp\/v2\/posts"}],"about":[{"href":"https:\/\/www.europesays.com\/it\/wp-json\/wp\/v2\/types\/post"}],"author":[{"embeddable":true,"href":"https:\/\/www.europesays.com\/it\/wp-json\/wp\/v2\/users\/3"}],"replies":[{"embeddable":true,"href":"https:\/\/www.europesays.com\/it\/wp-json\/wp\/v2\/comments?post=359279"}],"version-history":[{"count":0,"href":"https:\/\/www.europesays.com\/it\/wp-json\/wp\/v2\/posts\/359279\/revisions"}],"wp:featuredmedia":[{"embeddable":true,"href":"https:\/\/www.europesays.com\/it\/wp-json\/wp\/v2\/media\/359280"}],"wp:attachment":[{"href":"https:\/\/www.europesays.com\/it\/wp-json\/wp\/v2\/media?parent=359279"}],"wp:term":[{"taxonomy":"category","embeddable":true,"href":"https:\/\/www.europesays.com\/it\/wp-json\/wp\/v2\/categories?post=359279"},{"taxonomy":"post_tag","embeddable":true,"href":"https:\/\/www.europesays.com\/it\/wp-json\/wp\/v2\/tags?post=359279"}],"curies":[{"name":"wp","href":"https:\/\/api.w.org\/{rel}","templated":true}]}}