{"id":359565,"date":"2026-02-18T20:25:12","date_gmt":"2026-02-18T20:25:12","guid":{"rendered":"https:\/\/www.europesays.com\/it\/359565\/"},"modified":"2026-02-18T20:25:12","modified_gmt":"2026-02-18T20:25:12","slug":"ennesimo-oro-nella-staffetta-femminile-italia-non-pervenuta","status":"publish","type":"post","link":"https:\/\/www.europesays.com\/it\/359565\/","title":{"rendered":"ennesimo oro nella staffetta femminile. Italia non pervenuta"},"content":{"rendered":"<p>Le <strong>staffette di genere<\/strong> si rivelano<strong> indigeste per l\u2019Italia ad Anterselva<\/strong>, sede delle gare del <strong>biathlon<\/strong> alle <strong>Olimpiadi Invernali di Milano Cortina 2026<\/strong>: nella <strong>4\u00d76 km femminile<\/strong> le azzurre chiudono all\u2019<strong>11\u00b0 posto,<\/strong> senza essere in pratica mai in gara. L\u2019oro, secondo pronostico, va alla <strong>Francia<\/strong>, che precede <strong>Svezia<\/strong> e <strong>Norvegia<\/strong>.<\/p>\n<p>Il titolo olimpico va alle favorite della vigilia della<strong> Francia, con Camille Bened, Lou Jeanmonnot, Oceane Michelon e Julia Simon<\/strong>: le transalpine provano a complicarsi la vita con un giro di penalit\u00e0 nella prima frazione, chiusa a quasi un minuto dalla vetta, ma gi\u00e0 a met\u00e0 gara risalgono nel gruppo di testa e poi dominano la seconda parte della prova.<\/p>\n<p>Le transalpine vincono in <strong>1:10\u201922\u20337<\/strong>, mentre alle loro spalle \u00e8 accesa la lotta per l\u2019argento: a spuntarla \u00e8 la <strong>Svezia di Linn Gestblom, Anna Magnusson, Elvira ed Hanna Oeberg<\/strong>, d\u2019argento con un ritardo di <strong>51\u20333,<\/strong> nonostante un giro di penalit\u00e0 nella seconda frazione.<\/p>\n<p>Nell\u2019ultimo segmento di gara si sfila dalla lotta per la piazza d\u2019onore la <strong>Norvegia di Marthe Krakstad Johansen, Juni Arnekleiv, Karoline Offigstad Knotten e Maren Kirkeeide<\/strong>, che finisce, seppur con soli 7 colpi ricaricati, oltre il minuto di ritardo dalla vetta, con un gap di<strong> 1\u201907\u20336<\/strong>.<\/p>\n<p>Resta ai piedi del podio la <strong>Germania, quarta a 1\u201929\u20331<\/strong>, a sua volta con un giro di penalit\u00e0, mentre i divari si dilatano ulteriormente gi\u00e0 col quinto posto della<strong> Cechia, a 2\u201907\u20335<\/strong>. Sesta la <strong>Polonia a 2\u201914\u20338<\/strong>, settima la<strong> Finlandia a 2\u201928\u20337<\/strong>, mentre \u00e8 ottava la<strong> Svizzera a 2\u201947\u20336<\/strong>. Nona l\u2019<strong>Ucraina a 3\u201919\u20335<\/strong>, decima la <strong>Slovacchia a 3\u201940\u20338<\/strong>.<\/p>\n<p><strong>Fuori dalla top ten l\u2019Italia, 11ma a 3\u201954\u20337<\/strong>, con due giri di penalit\u00e0 e tredici ricariche utilizzate: le azzurre sono decime dopo la prima frazione di <strong>Hannah Auchentaller<\/strong>, poi <strong>Dorothea Wierer<\/strong> incappa in un giro di penalit\u00e0 e la gara delle padrone di casa finisce. Un altro giro di penalit\u00e0 per <strong>Michela Carrara<\/strong> lascia le azzurre al 14\u00b0 posto, poi nell\u2019ultima frazione <strong>Lisa Vittozzi<\/strong>, usando solo una ricarica in piedi, risale fino all\u201911\u00b0 posto.<\/p>\n","protected":false},"excerpt":{"rendered":"Le staffette di genere si rivelano indigeste per l\u2019Italia ad Anterselva, sede delle gare del biathlon alle Olimpiadi&hellip;\n","protected":false},"author":3,"featured_media":359566,"comment_status":"","ping_status":"","sticky":false,"template":"","format":"standard","meta":{"footnotes":"","_share_on_mastodon":"0"},"categories":[176],"tags":[197068,140417,140419,1537,90,89,33689,140422,47536,245,244],"class_list":["post-359565","post","type-post","status-publish","format-standard","has-post-thumbnail","category-sport","tag-biathlon-milano-cortina-2026","tag-dorothea-wierer","tag-hannah-auchentaller","tag-it","tag-italia","tag-italy","tag-lisa-vittozzi","tag-michela-carrara","tag-olimpiadi-milano-cortina-2026","tag-sport","tag-sports"],"share_on_mastodon":{"url":"https:\/\/pubeurope.com\/@it\/116093512869209202","error":""},"_links":{"self":[{"href":"https:\/\/www.europesays.com\/it\/wp-json\/wp\/v2\/posts\/359565","targetHints":{"allow":["GET"]}}],"collection":[{"href":"https:\/\/www.europesays.com\/it\/wp-json\/wp\/v2\/posts"}],"about":[{"href":"https:\/\/www.europesays.com\/it\/wp-json\/wp\/v2\/types\/post"}],"author":[{"embeddable":true,"href":"https:\/\/www.europesays.com\/it\/wp-json\/wp\/v2\/users\/3"}],"replies":[{"embeddable":true,"href":"https:\/\/www.europesays.com\/it\/wp-json\/wp\/v2\/comments?post=359565"}],"version-history":[{"count":0,"href":"https:\/\/www.europesays.com\/it\/wp-json\/wp\/v2\/posts\/359565\/revisions"}],"wp:featuredmedia":[{"embeddable":true,"href":"https:\/\/www.europesays.com\/it\/wp-json\/wp\/v2\/media\/359566"}],"wp:attachment":[{"href":"https:\/\/www.europesays.com\/it\/wp-json\/wp\/v2\/media?parent=359565"}],"wp:term":[{"taxonomy":"category","embeddable":true,"href":"https:\/\/www.europesays.com\/it\/wp-json\/wp\/v2\/categories?post=359565"},{"taxonomy":"post_tag","embeddable":true,"href":"https:\/\/www.europesays.com\/it\/wp-json\/wp\/v2\/tags?post=359565"}],"curies":[{"name":"wp","href":"https:\/\/api.w.org\/{rel}","templated":true}]}}