{"id":359653,"date":"2026-02-18T21:41:17","date_gmt":"2026-02-18T21:41:17","guid":{"rendered":"https:\/\/www.europesays.com\/it\/359653\/"},"modified":"2026-02-18T21:41:17","modified_gmt":"2026-02-18T21:41:17","slug":"una-mini-casa-di-41mq-colorata-e-pop","status":"publish","type":"post","link":"https:\/\/www.europesays.com\/it\/359653\/","title":{"rendered":"Una mini-casa di 41mq colorata e pop"},"content":{"rendered":"<p data-journey-content=\"true\" data-node-id=\"3\" class=\"css-6wxqfj emevuu60\">A <strong data-node-id=\"3.1\"><a href=\"https:\/\/www.elledecor.com\/it\/viaggi\/a30712752\/ristorante-budapest-buhairest\/\" target=\"_blank\" data-vars-ga-outbound-link=\"https:\/\/www.elledecor.com\/it\/viaggi\/a30712752\/ristorante-budapest-buhairest\/\" data-vars-ga-ux-element=\"Hyperlink\" data-vars-ga-call-to-action=\"Budapest\" data-node-id=\"3.1.0\" class=\"body-link css-g36lkp emevuu60\" rel=\"nofollow noopener\">Budapest<\/a><\/strong>, nel IX distretto, un <strong data-node-id=\"3.3\">appartamento di appena 41 metri quadrati<\/strong> manifesta tutta la sua attitudine alla libert\u00e0 cromatica, inscenando un piccolo teatro domestico fatto di colori accesi e grafismi al limite del pop. Il progetto, firmato da <strong data-node-id=\"3.5\">Zs\u00f3fia Koma per Daken Studio<\/strong>, parte da un gesto di sottrazione: la demolizione di un soppalco che oscurava e frammentava lo spazio. Affrancata dalla scomoda e ingombrante presenza, la casa ha acquistato pi\u00f9 respiro. <\/p>\n<p><img draggable=\"true\" alt=\"interior staircase leading to a sleeping area with a colorful design\" title=\"interior staircase leading to a sleeping area with a colorful design\" loading=\"lazy\" width=\"1343\" height=\"2000\" decoding=\"async\" data-nimg=\"1\" style=\"color:transparent;width:100%;height:auto;\"   src=\"https:\/\/www.europesays.com\/it\/wp-content\/uploads\/2026\/02\/foto-02-250416-vil1-037-6992d93101172.jpg\" class=\"css-0 e1g79fud0\"\/><a target=\"_blank\" rel=\"noopener nofollow\" data-theme-key=\"base-link\" href=\"https:\/\/pinterest.com\/pin\/create\/button\/?url=https:\/\/www.elledecor.com\/it\/case\/a70376295\/mini-casa-41mq-colorata-pop\/&amp;description=elledecoritalia&amp;media=https:\/\/hips.hearstapps.com\/hmg-prod\/images\/foto-02-250416-vil1-037-6992d93101172.jpg?resize=1600:*\" class=\"pinterest css-on9hn5 e1c1bym14\"><img decoding=\"async\" data-dynamic-svg=\"true\" src=\"https:\/\/www.elledecor.com\/_assets\/design-tokens\/fre\/static\/icons\/social\/pinterest.e8cf655.svg?primary=%2523ffffff\" loading=\"lazy\" data-testid=\"dynamic-svg-base\" height=\"auto\" width=\"auto\" alt=\"pinterest\" class=\"css-4lml0h e1mlxuuw1\"\/><\/a><\/p>\n<p>Csaba Villanyi<\/p>\n<p><img draggable=\"true\" alt=\"living room with modern decor and artwork\" title=\"living room with modern decor and artwork\" loading=\"lazy\" width=\"1472\" height=\"2000\" decoding=\"async\" data-nimg=\"1\" style=\"color:transparent;width:100%;height:auto;\"   src=\"https:\/\/www.europesays.com\/it\/wp-content\/uploads\/2026\/02\/foto-03-250416-vil1-022-hdr-6992d9853a317.jpg\" class=\"css-0 e1g79fud0\"\/><a target=\"_blank\" rel=\"noopener nofollow\" data-theme-key=\"base-link\" href=\"https:\/\/pinterest.com\/pin\/create\/button\/?url=https:\/\/www.elledecor.com\/it\/case\/a70376295\/mini-casa-41mq-colorata-pop\/&amp;description=elledecoritalia&amp;media=https:\/\/hips.hearstapps.com\/hmg-prod\/images\/foto-03-250416-vil1-022-hdr-6992d9853a317.jpg?resize=1600:*\" class=\"pinterest css-on9hn5 e1c1bym14\"><img decoding=\"async\" data-dynamic-svg=\"true\" src=\"https:\/\/www.elledecor.com\/_assets\/design-tokens\/fre\/static\/icons\/social\/pinterest.e8cf655.svg?primary=%2523ffffff\" loading=\"lazy\" data-testid=\"dynamic-svg-base\" height=\"auto\" width=\"auto\" alt=\"pinterest\" class=\"css-4lml0h e1mlxuuw1\"\/><\/a><\/p>\n<p>Csaba Villanyi<\/p>\n<p data-journey-content=\"true\" data-node-id=\"11\" class=\"css-6wxqfj emevuu60\">La distribuzione originale \u00e8 rimasta intatta, ma la sua percezione \u00e8 mutata completamente: gli ambienti risultano pi\u00f9 ariosi, fluidi, attraversati dalla luce. \u00c8 qui che <strong data-node-id=\"11.1\">entra in gioco il colore<\/strong>, vero protagonista del progetto. Toni intensi e accostamenti audaci apportano profondit\u00e0 prospettica e ritmo compositivo, tacitando il luogo comune secondo cui a piccoli spazi si addicono palette neutre e soluzioni minimali. <strong data-node-id=\"11.3\">Accenti <a href=\"https:\/\/www.elledecor.com\/it\/case\/a70369162\/mini-casa-di-35mq-rossa\/\" target=\"_blank\" data-vars-ga-outbound-link=\"https:\/\/www.elledecor.com\/it\/case\/a70369162\/mini-casa-di-35mq-rossa\/\" data-vars-ga-ux-element=\"Hyperlink\" data-vars-ga-call-to-action=\"rossi\" data-node-id=\"11.3.1\" class=\"body-link css-g36lkp emevuu60\" rel=\"nofollow noopener\">rossi<\/a> e <a href=\"https:\/\/www.elledecor.com\/it\/case\/a69710295\/mini-casa-50mq-rosa\/\" target=\"_blank\" data-vars-ga-outbound-link=\"https:\/\/www.elledecor.com\/it\/case\/a69710295\/mini-casa-50mq-rosa\/\" data-vars-ga-ux-element=\"Hyperlink\" data-vars-ga-call-to-action=\"rosa\" data-node-id=\"11.3.3\" class=\"body-link css-g36lkp emevuu60\" rel=\"nofollow noopener\">rosa<\/a><\/strong> interagiscono con il blu e il celeste della composizione dominata dal letto, poggiato su una pedana rialzata che contribuisce alla dotazione di spazi contenitivi.  Verdi, gialli e decori a parete fanno il resto.<\/p>\n<p><img draggable=\"true\" alt=\"..\" title=\"..\" loading=\"lazy\" width=\"1535\" height=\"2000\" decoding=\"async\" data-nimg=\"1\" style=\"color:transparent;width:100%;height:auto;\"   src=\"https:\/\/www.europesays.com\/it\/wp-content\/uploads\/2026\/02\/foto-04-250416-vil1-033-hdr-6992d9a35a929.jpg\" class=\"css-0 e1g79fud0\"\/><a target=\"_blank\" rel=\"noopener nofollow\" data-theme-key=\"base-link\" href=\"https:\/\/pinterest.com\/pin\/create\/button\/?url=https:\/\/www.elledecor.com\/it\/case\/a70376295\/mini-casa-41mq-colorata-pop\/&amp;description=elledecoritalia&amp;media=https:\/\/hips.hearstapps.com\/hmg-prod\/images\/foto-04-250416-vil1-033-hdr-6992d9a35a929.jpg?resize=1600:*\" class=\"pinterest css-on9hn5 e1c1bym14\"><img decoding=\"async\" data-dynamic-svg=\"true\" src=\"https:\/\/www.elledecor.com\/_assets\/design-tokens\/fre\/static\/icons\/social\/pinterest.e8cf655.svg?primary=%2523ffffff\" loading=\"lazy\" data-testid=\"dynamic-svg-base\" height=\"auto\" width=\"auto\" alt=\"pinterest\" class=\"css-4lml0h e1mlxuuw1\"\/><\/a><\/p>\n<p>Csaba Villanyi<\/p>\n<p><img draggable=\"true\" alt=\"modern kitchen with pastel colors and retro appliances\" title=\"modern kitchen with pastel colors and retro appliances\" loading=\"lazy\" width=\"1471\" height=\"2000\" decoding=\"async\" data-nimg=\"1\" style=\"color:transparent;width:100%;height:auto;\"   src=\"https:\/\/www.europesays.com\/it\/wp-content\/uploads\/2026\/02\/foto-05-250416-vil1-070-hdr-6992d9c829358.jpg\" class=\"css-0 e1g79fud0\"\/><a target=\"_blank\" rel=\"noopener nofollow\" data-theme-key=\"base-link\" href=\"https:\/\/pinterest.com\/pin\/create\/button\/?url=https:\/\/www.elledecor.com\/it\/case\/a70376295\/mini-casa-41mq-colorata-pop\/&amp;description=elledecoritalia&amp;media=https:\/\/hips.hearstapps.com\/hmg-prod\/images\/foto-05-250416-vil1-070-hdr-6992d9c829358.jpg?resize=1600:*\" class=\"pinterest css-on9hn5 e1c1bym14\"><img decoding=\"async\" data-dynamic-svg=\"true\" src=\"https:\/\/www.elledecor.com\/_assets\/design-tokens\/fre\/static\/icons\/social\/pinterest.e8cf655.svg?primary=%2523ffffff\" loading=\"lazy\" data-testid=\"dynamic-svg-base\" height=\"auto\" width=\"auto\" alt=\"pinterest\" class=\"css-4lml0h e1mlxuuw1\"\/><\/a><\/p>\n<p>Csaba Villanyi<\/p>\n<p data-journey-content=\"true\" data-node-id=\"17\" class=\"css-6wxqfj emevuu60\">Le <strong data-node-id=\"17.1\">campiture cromatiche<\/strong> amplificano l\u2019identit\u00e0 dell\u2019appartamento, individuando zone funzionali e generando una narrazione visiva coinvolgente. La componente materica e le soluzioni di arredo sono altrettanto centrali. Fatta eccezione per alcuni elementi su misura realizzati da artigiani locali, la casa \u00e8 popolata quasi esclusivamente da mobili e oggetti vintage della seconda met\u00e0 del Novecento, selezionati e restaurati con cura. Sedute, contenitori, lampade e dettagli grafici dialogano in un equilibrio calibrato che alterna ironia e rigore compositivo. Ogni pezzo porta con s\u00e9 una storia, contribuendo a delineare un interno stratificato e autentico. <\/p>\n<p><img draggable=\"true\" alt=\"kitchen shelf displaying decorative items and kitchenware\" title=\"kitchen shelf displaying decorative items and kitchenware\" loading=\"lazy\" width=\"1681\" height=\"2000\" decoding=\"async\" data-nimg=\"1\" style=\"color:transparent;width:100%;height:auto;\"   src=\"https:\/\/www.europesays.com\/it\/wp-content\/uploads\/2026\/02\/foto-06-250416-vil1-081-6992d9ea89507.jpg\" class=\"css-0 e1g79fud0\"\/><a target=\"_blank\" rel=\"noopener nofollow\" data-theme-key=\"base-link\" href=\"https:\/\/pinterest.com\/pin\/create\/button\/?url=https:\/\/www.elledecor.com\/it\/case\/a70376295\/mini-casa-41mq-colorata-pop\/&amp;description=elledecoritalia&amp;media=https:\/\/hips.hearstapps.com\/hmg-prod\/images\/foto-06-250416-vil1-081-6992d9ea89507.jpg?resize=1600:*\" class=\"pinterest css-on9hn5 e1c1bym14\"><img decoding=\"async\" data-dynamic-svg=\"true\" src=\"https:\/\/www.elledecor.com\/_assets\/design-tokens\/fre\/static\/icons\/social\/pinterest.e8cf655.svg?primary=%2523ffffff\" loading=\"lazy\" data-testid=\"dynamic-svg-base\" height=\"auto\" width=\"auto\" alt=\"pinterest\" class=\"css-4lml0h e1mlxuuw1\"\/><\/a><\/p>\n<p>Csaba Villanyi<\/p>\n<p><img draggable=\"true\" alt=\"living room with midcentury modern furniture and decorative elements\" title=\"living room with midcentury modern furniture and decorative elements\" loading=\"lazy\" width=\"1475\" height=\"2000\" decoding=\"async\" data-nimg=\"1\" style=\"color:transparent;width:100%;height:auto;\"   src=\"https:\/\/www.europesays.com\/it\/wp-content\/uploads\/2026\/02\/foto-07-250416-vil1-042-6992da045d26c.jpg\" class=\"css-0 e1g79fud0\"\/><a target=\"_blank\" rel=\"noopener nofollow\" data-theme-key=\"base-link\" href=\"https:\/\/pinterest.com\/pin\/create\/button\/?url=https:\/\/www.elledecor.com\/it\/case\/a70376295\/mini-casa-41mq-colorata-pop\/&amp;description=elledecoritalia&amp;media=https:\/\/hips.hearstapps.com\/hmg-prod\/images\/foto-07-250416-vil1-042-6992da045d26c.jpg?resize=1600:*\" class=\"pinterest css-on9hn5 e1c1bym14\"><img decoding=\"async\" data-dynamic-svg=\"true\" src=\"https:\/\/www.elledecor.com\/_assets\/design-tokens\/fre\/static\/icons\/social\/pinterest.e8cf655.svg?primary=%2523ffffff\" loading=\"lazy\" data-testid=\"dynamic-svg-base\" height=\"auto\" width=\"auto\" alt=\"pinterest\" class=\"css-4lml0h e1mlxuuw1\"\/><\/a><\/p>\n<p>Csaba Villanyi<\/p>\n<p data-journey-content=\"true\" data-node-id=\"24\" class=\"css-6wxqfj emevuu60\">Questa scelta non \u00e8 soltanto estetica, ma riflette la filosofia progettuale di Daken Studio: un <strong data-node-id=\"24.1\">approccio \u201cslow\u201d al <a href=\"https:\/\/www.elledecor.com\/it\/design\/\" target=\"_blank\" data-vars-ga-outbound-link=\"https:\/\/www.elledecor.com\/it\/design\/\" data-vars-ga-ux-element=\"Hyperlink\" data-vars-ga-call-to-action=\"design\" data-node-id=\"24.1.1\" class=\"body-link css-g36lkp emevuu60\" rel=\"nofollow noopener\">design<\/a><\/strong>, fondato sul recupero, sulla qualit\u00e0 e sulla relazione emotiva con gli oggetti. Per Zs\u00f3fia Koma, progettare significa prestare ascolto allo spazio e a chi lo abita, creando ambienti capaci di suscitare reazioni, ricordi, energia vitale. La sostenibilit\u00e0 diventa pratica concreta, non dichiarazione di principio. Il risultato \u00e8 una casa compatta ma generosa, giocosa ma sofisticata. Dimostra che la combo coraggio cromatico e cultura del vintage pu\u00f2 trasformare 41 metri quadrati in un interno emozionante, giocoso e arioso:  in un\u2019esperienza immersiva per niente scontata.<\/p>\n<p><img draggable=\"true\" alt=\"cozy dining area with a decorative wall\" title=\"cozy dining area with a decorative wall\" loading=\"lazy\" width=\"1440\" height=\"2000\" decoding=\"async\" data-nimg=\"1\" style=\"color:transparent;width:100%;height:auto;\"   src=\"https:\/\/www.europesays.com\/it\/wp-content\/uploads\/2026\/02\/foto-08-250416-vil1-047-6992da1d3d764.jpg\" class=\"css-0 e1g79fud0\"\/><a target=\"_blank\" rel=\"noopener nofollow\" data-theme-key=\"base-link\" href=\"https:\/\/pinterest.com\/pin\/create\/button\/?url=https:\/\/www.elledecor.com\/it\/case\/a70376295\/mini-casa-41mq-colorata-pop\/&amp;description=elledecoritalia&amp;media=https:\/\/hips.hearstapps.com\/hmg-prod\/images\/foto-08-250416-vil1-047-6992da1d3d764.jpg?resize=1600:*\" class=\"pinterest css-on9hn5 e1c1bym14\"><img decoding=\"async\" data-dynamic-svg=\"true\" src=\"https:\/\/www.elledecor.com\/_assets\/design-tokens\/fre\/static\/icons\/social\/pinterest.e8cf655.svg?primary=%2523ffffff\" loading=\"lazy\" data-testid=\"dynamic-svg-base\" height=\"auto\" width=\"auto\" alt=\"pinterest\" class=\"css-4lml0h e1mlxuuw1\"\/><\/a><\/p>\n<p>Csaba Villanyi<\/p>\n<p><img draggable=\"true\" alt=\"decorative arrangement on a wooden surface featuring glassware a decorative bird figurine and a mirror reflecting a light fixture\" title=\"decorative arrangement on a wooden surface featuring glassware a decorative bird figurine and a mirror reflecting a light fixture\" loading=\"lazy\" width=\"1521\" height=\"2000\" decoding=\"async\" data-nimg=\"1\" style=\"color:transparent;width:100%;height:auto;\"   src=\"https:\/\/www.europesays.com\/it\/wp-content\/uploads\/2026\/02\/foto-09-250416-vil1-057-6992dacb96597.jpg\" class=\"css-0 e1g79fud0\"\/><a target=\"_blank\" rel=\"noopener nofollow\" data-theme-key=\"base-link\" href=\"https:\/\/pinterest.com\/pin\/create\/button\/?url=https:\/\/www.elledecor.com\/it\/case\/a70376295\/mini-casa-41mq-colorata-pop\/&amp;description=elledecoritalia&amp;media=https:\/\/hips.hearstapps.com\/hmg-prod\/images\/foto-09-250416-vil1-057-6992dacb96597.jpg?resize=1600:*\" class=\"pinterest css-on9hn5 e1c1bym14\"><img decoding=\"async\" data-dynamic-svg=\"true\" src=\"https:\/\/www.elledecor.com\/_assets\/design-tokens\/fre\/static\/icons\/social\/pinterest.e8cf655.svg?primary=%2523ffffff\" loading=\"lazy\" data-testid=\"dynamic-svg-base\" height=\"auto\" width=\"auto\" alt=\"pinterest\" class=\"css-4lml0h e1mlxuuw1\"\/><\/a><\/p>\n<p>Csaba Villanyi<\/p>\n<p data-journey-content=\"true\" data-node-id=\"30\" class=\"css-6wxqfj emevuu60\"><a href=\"https:\/\/daken.hu\/\" target=\"_blank\" rel=\"nofollow noopener\" data-vars-ga-outbound-link=\"https:\/\/daken.hu\/\" data-vars-ga-ux-element=\"Hyperlink\" data-vars-ga-call-to-action=\"www.daken.hu\" data-node-id=\"30.0\" class=\"body-link css-g36lkp emevuu60\">www.daken.hu<\/a><\/p>\n<p><img src=\"https:\/\/www.europesays.com\/it\/wp-content\/uploads\/2026\/02\/1771450877_471_64078a25-d8f1-4bb1-ba75-d5035f59b84c_1639751236.file.png\" alt=\"Headshot of Marco Valenti\" title=\"Headshot of Marco Valenti\" width=\"100%\" height=\"100%\" decoding=\"async\" loading=\"lazy\" class=\"css-o0wq4v ev8dhu53\"\/><\/p>\n<p>Architetto romano animato da una innata vocazione cosmopolita e da una sfrenata curiosit\u00e0, considera il design la sua personale lente di ingrandimento per interpretare il flusso di cambiamenti sociali e culturali che attraversa il nuovo millennio. Alterna l\u2019amore per la progettazione alla passione per il racconto, nella convinzione che la parola possa contribuire a sciogliere le intricate dinamiche del processo creativo. Interessato da sempre all\u2019interior design e alle connessioni tra comunicazione e architettura, si occupa delle relazioni tra spazio e immagine, lavorando sull\u2019intersezione tra moda, food, arte e interni. \u00a0<\/p>\n","protected":false},"excerpt":{"rendered":"A Budapest, nel IX distretto, un appartamento di appena 41 metri quadrati manifesta tutta la sua attitudine alla&hellip;\n","protected":false},"author":3,"featured_media":359654,"comment_status":"","ping_status":"","sticky":false,"template":"","format":"standard","meta":{"footnotes":"","_share_on_mastodon":"0"},"categories":[1446],"tags":[1615,1613,1614,1611,1610,12933,727,1612,203,204,1537,90,89,15327],"class_list":["post-359653","post","type-post","status-publish","format-standard","has-post-thumbnail","category-arte-e-design","tag-arte","tag-arte-e-design","tag-arteedesign","tag-arts","tag-arts-and-design","tag-budapest","tag-case","tag-design","tag-entertainment","tag-intrattenimento","tag-it","tag-italia","tag-italy","tag-mini-casa"],"share_on_mastodon":{"url":"https:\/\/pubeurope.com\/@it\/116093812100163215","error":""},"_links":{"self":[{"href":"https:\/\/www.europesays.com\/it\/wp-json\/wp\/v2\/posts\/359653","targetHints":{"allow":["GET"]}}],"collection":[{"href":"https:\/\/www.europesays.com\/it\/wp-json\/wp\/v2\/posts"}],"about":[{"href":"https:\/\/www.europesays.com\/it\/wp-json\/wp\/v2\/types\/post"}],"author":[{"embeddable":true,"href":"https:\/\/www.europesays.com\/it\/wp-json\/wp\/v2\/users\/3"}],"replies":[{"embeddable":true,"href":"https:\/\/www.europesays.com\/it\/wp-json\/wp\/v2\/comments?post=359653"}],"version-history":[{"count":0,"href":"https:\/\/www.europesays.com\/it\/wp-json\/wp\/v2\/posts\/359653\/revisions"}],"wp:featuredmedia":[{"embeddable":true,"href":"https:\/\/www.europesays.com\/it\/wp-json\/wp\/v2\/media\/359654"}],"wp:attachment":[{"href":"https:\/\/www.europesays.com\/it\/wp-json\/wp\/v2\/media?parent=359653"}],"wp:term":[{"taxonomy":"category","embeddable":true,"href":"https:\/\/www.europesays.com\/it\/wp-json\/wp\/v2\/categories?post=359653"},{"taxonomy":"post_tag","embeddable":true,"href":"https:\/\/www.europesays.com\/it\/wp-json\/wp\/v2\/tags?post=359653"}],"curies":[{"name":"wp","href":"https:\/\/api.w.org\/{rel}","templated":true}]}}