{"id":359735,"date":"2026-02-18T22:47:12","date_gmt":"2026-02-18T22:47:12","guid":{"rendered":"https:\/\/www.europesays.com\/it\/359735\/"},"modified":"2026-02-18T22:47:12","modified_gmt":"2026-02-18T22:47:12","slug":"crosetto-festeggia-il-papa-di-bonelli-ex-carabiniere-di-102-anni-aveva-scritto-una-lettera-al-ministro-della-difesa-e-lui-si-e-presentato-a-casa-per-un-caffe","status":"publish","type":"post","link":"https:\/\/www.europesays.com\/it\/359735\/","title":{"rendered":"Crosetto festeggia il pap\u00e0 di Bonelli, ex carabiniere di 102 anni: aveva scritto una lettera al ministro della Difesa e lui si \u00e8 presentato a casa per un caff\u00e8"},"content":{"rendered":"<p>    di<br \/>\n    Valentina Santarpia<\/p>\n<p class=\"summary-art is-line-h-12\">Il padre del leader di Avs ha ricevuto la visita del ministro della Difesa questa mattina alle 8.10. Crosetto: \u00abOnore a chi, come Luigi Bonelli, ha costruito la nostra Italia in silenzio, con lealt\u00e0 e dignit\u00e0\u00bb<\/p>\n<p class=\"chapter-paragraph\">Spegnere le candeline con il ministro della Difesa? Desiderio esaudito. Luigi Bonelli, ex appuntato dei carabinieri e padre di <b>Angelo Bonelli, leader di Avs,<\/b> ha festeggiato il suo 102esimo compleanno con la visita del ministro della Difesa Guido Crosetto, che \u00e8 andato a casa sua di buon mattino.\u00a0<\/p>\n<p class=\"chapter-paragraph\">\u00abHo ricevuto una lettera di un signore, <b>un ex carabiniere che mi ha scritto che oggi avrebbe compiuto 102 anni e avrebbe avuto piacere di prendere il caff\u00e8 stamattina con il ministro della Difesa.<\/b> E quindi &#8211; ha raccontato lo stesso Crosetto, parlando con i giornalisti in Transatlantico alla Camera &#8211; ho preso la macchina e alle 8.10 ero a casa sua a prendere il caff\u00e8 con lui ad Acilia, vicino Roma. Quel signore \u00e8 il pap\u00e0 di<b> Angelo Bonelli,<\/b> e per questo ho dovuto chiedere a lui il permesso per raccontarlo\u00bb.\u00a0    &#13;<br \/>\n&#13;<br \/>\n&#13;<br \/>\n&#13;<br \/>\n&#13;<br \/>\n&#13;<br \/>\n&#13;<br \/>\n&#13;<br \/>\n&#13;<br \/>\n&#13;<br \/>\n&#13;<br \/>\n&#13;<br \/>\n&#13;<br \/>\n&#13;<br \/>\n&#13;<br \/>\n&#13;<br \/>\n&#13;<br \/>\n&#13;<br \/>\n&#13;<br \/>\n&#13;<br \/>\n&#13;<br \/>\n&#13;<br \/>\n&#13;<br \/>\n&#13;<br \/>\n&#13;<br \/>\n&#13;<br \/>\n&#13;<br \/>\n&#13;<br \/>\n&#13;<br \/>\n&#13;<br \/>\n&#13;<br \/>\n&#13;<br \/>\n&#13;<br \/>\n&#13;<br \/>\n&#13;<br \/>\n&#13;<br \/>\n&#13;<br \/>\n&#13;<br \/>\n&#13;<br \/>\n&#13;<br \/>\n&#13;<br \/>\n&#13;<br \/>\n&#13;<br \/>\n&#13;<br \/>\n&#13;<br \/>\n&#13;<br \/>\n&#13;<br \/>\n&#13;<br \/>\n&#13;<br \/>\n&#13;<br \/>\n&#13;<br \/>\n&#13;<br \/>\n&#13;\n<\/p>\n<p class=\"chapter-paragraph\">Cos\u00ec \u00e8 andato in scena un piccolo festeggiamento, con tanto di torta e candeline da spegnere. C&#8217;era anche il figlio del festeggiato, che ringrazia \u00abdi cuore\u00bb il ministro per il gesto e assicura che il padre \u00e8 \u00abrimasto molto contento della visita\u00bb.\u00a0<\/p>\n<p class=\"chapter-paragraph\">\u00ab<b>Ha fatto pi\u00f9 piacere a me che a suo padre<\/b> &#8211; ha notato Crosetto -, un uomo di 102 anni che ha fatto la Seconda Guerra Mondiale, ha lavorato per dare la caccia al bandito Giuliano, ha scritto la storia d&#8217;Italia e sta di testa molto meglio di me\u00bb. <b>Con il ministro, Luigi Bonelli ha raccontato di quando si arruol\u00f2 a 18 anni, nel 1942.<\/b> \u00abQuando part\u00ec da Ravanusa, in provincia di Agrigento, diretto a Palermo, sua madre gli diede una valigia piena di pasta e formaggio, che avrebbe dovuto consegnare a sua zia &#8211; ricorda il figlio Angelo -. <b>Ma da Palermo i carabinieri lo spedirono subito a Roma, e la valigia se la dovette portare dietro.<\/b> Nella Capitale incontr\u00f2 un giovane maresciallo, e scoprendo che era sposato con figli piccoli, la regal\u00f2 a lui. Quando la apr\u00ec, il maresciallo si mise a piangere per la felicit\u00e0. Era un periodo storico in cui nonostante la guerra nel nostro Paese <b>c&#8217;era grande generosit\u00e0 tra le persone<\/b>\u00bb.\u00a0<\/p>\n<p class=\"chapter-paragraph\">Un uomo\u00a0\u00abche ha servito l&#8217;Italia in anni difficili, con sacrificio e orgoglio- lo ha definito Crosetto &#8211; <b>Grazie per avermi voluto con lei questa mattina, signor Luigi, e grazie per aver reso possibile questo incontro Angelo\u00bb, ha scritto il ministro su X.<\/b>\u00a0\u00abOnore a chi, come Luigi Bonelli, ha costruito la nostra Italia in silenzio, con lealt\u00e0 e dignit\u00e0\u00bb.\u00a0<\/p>\n<p class=\"chapter-paragraph\">Sabato Luigi Bonelli sar\u00e0 festeggiato dalla sua famiglia, inclusi i 16 nipoti, e dai carabinieri del comando locale.<\/p>\n<p class=\"is-mr-t-20 is-mr-b-20\"><b><br \/>\n                    <a href=\"https:\/\/roma.corriere.it\/?intcmp=Notizielocali_nd_010623_corriere_ss_roma\" target=\"_blank\" rel=\"nofollow noopener\">Vai a tutte le notizie di Roma<\/a><br \/>\n            <\/b><\/p>\n<p class=\"chapter-paragraph\"><b><a href=\"https:\/\/www.corriere.it\/newsletter\/?theme=52&amp;intcmp=NL-artic_nd_050624_corriere_ss_roma\" target=\"_blank\" rel=\"nofollow noopener\">Iscriviti alla newsletter di Corriere Roma<\/a><\/b><\/p>\n<p class=\"is-last-update\" datetime=\"2026-02-18T16:49:01+01:00\">18 febbraio 2026 ( modifica il 18 febbraio 2026 | 16:49)<\/p>\n<p class=\"is-copyright\">\n            \u00a9 RIPRODUZIONE RISERVATA\n        <\/p>\n","protected":false},"excerpt":{"rendered":"di Valentina Santarpia Il padre del leader di Avs ha ricevuto la visita del ministro della Difesa questa&hellip;\n","protected":false},"author":3,"featured_media":359736,"comment_status":"","ping_status":"","sticky":false,"template":"","format":"standard","meta":{"footnotes":"","_share_on_mastodon":"0"},"categories":[6],"tags":[2940,5310,45997,23660,11999,208471,208472,4927,57430,2774,208473,3905,5078,208474,208475,14,20321,767,1107,1907,26113,2716,8,1537,90,89,10096,208470,7,15,82,9,83,10,3608,988,13,11,80,84,12,81,85,4468],"class_list":["post-359735","post","type-post","status-publish","format-standard","has-post-thumbnail","category-ultime-notizie","tag-andato","tag-angelo","tag-angelo-bonelli","tag-avs","tag-bonelli","tag-bonelli-costruito","tag-bonelli-costruito-italia","tag-caffe","tag-candeline","tag-carabiniere","tag-carabiniere-scritto","tag-carabinieri","tag-costruito","tag-costruito-italia","tag-costruito-italia-silenzio","tag-cronaca","tag-crosetto","tag-difesa","tag-dignita","tag-dovuto","tag-festeggiato","tag-figlio","tag-headlines","tag-it","tag-italia","tag-italy","tag-luigi","tag-luigi-bonelli","tag-news","tag-notizie","tag-notizie-di-cronaca","tag-notizie-principali","tag-notiziedicronaca","tag-notizieprincipali","tag-padre","tag-scritto","tag-titoli","tag-ultime-notizie","tag-ultime-notizie-di-cronaca","tag-ultime-notizie-e-news-di-oggi","tag-ultimenotizie","tag-ultimenotiziedicronaca","tag-ultimenotizieenewsdioggi","tag-visita"],"share_on_mastodon":{"url":"","error":"Validation failed: Text character limit of 500 exceeded"},"_links":{"self":[{"href":"https:\/\/www.europesays.com\/it\/wp-json\/wp\/v2\/posts\/359735","targetHints":{"allow":["GET"]}}],"collection":[{"href":"https:\/\/www.europesays.com\/it\/wp-json\/wp\/v2\/posts"}],"about":[{"href":"https:\/\/www.europesays.com\/it\/wp-json\/wp\/v2\/types\/post"}],"author":[{"embeddable":true,"href":"https:\/\/www.europesays.com\/it\/wp-json\/wp\/v2\/users\/3"}],"replies":[{"embeddable":true,"href":"https:\/\/www.europesays.com\/it\/wp-json\/wp\/v2\/comments?post=359735"}],"version-history":[{"count":0,"href":"https:\/\/www.europesays.com\/it\/wp-json\/wp\/v2\/posts\/359735\/revisions"}],"wp:featuredmedia":[{"embeddable":true,"href":"https:\/\/www.europesays.com\/it\/wp-json\/wp\/v2\/media\/359736"}],"wp:attachment":[{"href":"https:\/\/www.europesays.com\/it\/wp-json\/wp\/v2\/media?parent=359735"}],"wp:term":[{"taxonomy":"category","embeddable":true,"href":"https:\/\/www.europesays.com\/it\/wp-json\/wp\/v2\/categories?post=359735"},{"taxonomy":"post_tag","embeddable":true,"href":"https:\/\/www.europesays.com\/it\/wp-json\/wp\/v2\/tags?post=359735"}],"curies":[{"name":"wp","href":"https:\/\/api.w.org\/{rel}","templated":true}]}}