{"id":35980,"date":"2025-08-08T18:17:10","date_gmt":"2025-08-08T18:17:10","guid":{"rendered":"https:\/\/www.europesays.com\/it\/35980\/"},"modified":"2025-08-08T18:17:10","modified_gmt":"2025-08-08T18:17:10","slug":"antonio-banderas-compie-65-anni-vedere-mia-figlia-vestita-da-sposa-sara-uno-dei-momenti-piu-belli-della-mia-vita","status":"publish","type":"post","link":"https:\/\/www.europesays.com\/it\/35980\/","title":{"rendered":"Antonio Banderas compie 65 anni: \u00abVedere mia figlia vestita da sposa sar\u00e0 uno dei momenti pi\u00f9 belli della mia vita\u00bb"},"content":{"rendered":"<p>Stella del Carmen, l\u2019unica figlia dell\u2019attore avuta con Melanie Griffith si sposer\u00e0 in Andalusia con Alex Gruszynsky A lei sono dedicati tutti i pensieri pi\u00f9 importanti. E intanto prosegue il suo lavoro con il suo teatro a Malaga<\/p>\n<p>Il 10 agosto <a href=\"https:\/\/www.oggi.it\/gossip\/tag\/antonio-banderas-2\/\" target=\"_blank\" rel=\"nofollow noopener\">Antonio Banderas<\/a> compie 65 anni: ha il fascino della maturit\u00e0 e di una vita ben vissuta. Ha lasciato M\u00e1laga a 19 anni, con un panino e 90 euro in tasca, per inseguire il sogno di essere attore a Madrid. Nella capitale, in piena Movida, \u00e8 diventato l\u2019attore prediletto di <strong>Pedro Almod\u00f3var<\/strong> e, grazie al suo Donne sull\u2019orlo di una crisi di nervi, ha compiuto il balzo verso Hollywood. Da Zorro a El Mariachi, da <strong>Robert Rodriguez a Brian De Palma<\/strong>, la sua lunghissima carriera ha affrontato tutti i generi, lasciando personaggi indimenticabili, a cinema e a teatro. \u00abSono molto orgoglioso di essere stato un ponte tra il cinema spagnolo e quello internazionale\u00bb dice a <a href=\"https:\/\/www.hola.com\/actualidad\/20250806848375\/antonio-banderas-reflexiona-sobre-su-vida-hija-stella-que-se-case-espana-algo-me-llena-orgullo\/\" target=\"_blank\" rel=\"nofollow noopener\">Hola,<\/a> in un\u2019intervista carica di entusiasmo travolgente. Perch\u00e9 l\u2019energia e la passione sono il suo motore, la vera ragione del suo fascino. <a href=\"https:\/\/www.oggi.it\/people\/gallery\/antonio-banderas-lo-ricordi-quandera-cosi-guarda-le-sue-foto-di-ieri-e-di-oggi\/\" target=\"_blank\" rel=\"nofollow noopener\">Foto<\/a> | <strong><a href=\"https:\/\/www.oggi.it\/video\/gossip\/2016\/02\/19\/antonio-banderas-sulla-neve-con-la-fidanzata-nicole-kimpel-il-saluto-ai-fan-dalle-piste-da-sci-guarda-il-video\/\" target=\"_blank\" rel=\"nofollow noopener\">video<\/a><\/strong><\/p>\n<p><a href=\"https:\/\/www.oggi.it\/gossip\/amori\/2022\/05\/21\/antonio-banderas-e-nicole-kimpel-otto-anni-di-amore-ma-la-festa-per-lanniversario-e-super-trash\/\" target=\"_blank\" rel=\"nofollow noopener\">Antonio Banderas e Nicole Kimpel, otto anni di amore: ma la festa per l\u2019anniversario \u00e8 super trash \u2013 <strong>Leggi<\/strong><\/a><\/p>\n<p><strong>IL PADRE DELLA SPOSA &#8211;<\/strong> Sul set di Two much, nel 1995, ha conosciuto <strong>Melanie Griffith<\/strong>; sono stati insieme per vent\u2019anni e hanno avuto <strong>Stella del Carmen<\/strong>, l\u2019unica figlia dell\u2019attore. A lei sono dedicati tutti i pensieri pi\u00f9 importanti. Il prossimo autunno si sposer\u00e0 in Andalusia con <strong>Alex Gruszynsky<\/strong>, un compagno dell\u2019asilo ritrovato dopo anni e a cui \u00e8 legata da diverso tempo. \u00abVedere mia figlia vestita da sposa sar\u00e0 uno dei momenti pi\u00f9 belli della mia vita. Sar\u00f2 il padre della sposa, un ruolo che assumo con tutta l\u2019emozione del mondo\u00bb commenta nell\u2019intervista.<\/p>\n<p><a href=\"https:\/\/www.oggi.it\/gossip\/amori\/2020\/01\/03\/antonio-banderas-melanie-griffith-si-la-amo-ancora-intervista-esclusiva\/\" target=\"_blank\" rel=\"nofollow noopener\">Antonio Banderas: \u00abMelanie Griffith? S\u00ec, la amo ancora\u00bb \u2013 <strong>Leggi<\/strong><\/a><\/p>\n<p><strong>IL TEATRO E L\u2019AMORE &#8211;<\/strong> Da qualche tempo, dopo l\u2019infarto che nel 2017 gli ha cambiato le priorit\u00e0, \u00e8 tornato a vivere a M\u00e1laga, dove ha acquistato il Teatro Soho; le sue produzioni teatrali richiamano pubblico da tutto il Paese e contribuiscono all\u2019immagine culturale della sua citt\u00e0. \u00abCon questo progetto \u00e8 riemersa la mia passione per il teatro, \u00e8 un ritorno alle origini. \u00c8 un promemoria che, alla fine, ci\u00f2 che conta \u00e8 il contatto diretto con il pubblico, la magia di essere qui e ora\u00bb. Accanto a lui, c\u2019\u00e8 da diversi anni <strong>Nicole Kimpel<\/strong>, una presenza discreta e silenziosa. \u00c8 la sua certezza, insieme alla \u00abstessa curiosit\u00e0 ed energia di quando ero un giovane sognatore\u00bb. Si sono aggiunte le rughe del tempo, ma Antonio ha le idee chiare anche su di loro: \u00abOgni ruga sul mio viso \u00e8 una storia, una lezione, e sono grato per ognuna di esse\u00bb.<\/p>\n<p class=\"all-rights-reserved\">Oggi \u00a9RIPRODUZIONE RISERVATA<\/p>\n","protected":false},"excerpt":{"rendered":"Stella del Carmen, l\u2019unica figlia dell\u2019attore avuta con Melanie Griffith si sposer\u00e0 in Andalusia con Alex Gruszynsky A&hellip;\n","protected":false},"author":3,"featured_media":35981,"comment_status":"","ping_status":"","sticky":false,"template":"","format":"standard","meta":{"footnotes":""},"categories":[1442],"tags":[203,454,204,1537,90,89,1521],"class_list":{"0":"post-35980","1":"post","2":"type-post","3":"status-publish","4":"format-standard","5":"has-post-thumbnail","7":"category-film","8":"tag-entertainment","9":"tag-film","10":"tag-intrattenimento","11":"tag-it","12":"tag-italia","13":"tag-italy","14":"tag-movies"},"share_on_mastodon":{"url":"","error":""},"_links":{"self":[{"href":"https:\/\/www.europesays.com\/it\/wp-json\/wp\/v2\/posts\/35980","targetHints":{"allow":["GET"]}}],"collection":[{"href":"https:\/\/www.europesays.com\/it\/wp-json\/wp\/v2\/posts"}],"about":[{"href":"https:\/\/www.europesays.com\/it\/wp-json\/wp\/v2\/types\/post"}],"author":[{"embeddable":true,"href":"https:\/\/www.europesays.com\/it\/wp-json\/wp\/v2\/users\/3"}],"replies":[{"embeddable":true,"href":"https:\/\/www.europesays.com\/it\/wp-json\/wp\/v2\/comments?post=35980"}],"version-history":[{"count":0,"href":"https:\/\/www.europesays.com\/it\/wp-json\/wp\/v2\/posts\/35980\/revisions"}],"wp:featuredmedia":[{"embeddable":true,"href":"https:\/\/www.europesays.com\/it\/wp-json\/wp\/v2\/media\/35981"}],"wp:attachment":[{"href":"https:\/\/www.europesays.com\/it\/wp-json\/wp\/v2\/media?parent=35980"}],"wp:term":[{"taxonomy":"category","embeddable":true,"href":"https:\/\/www.europesays.com\/it\/wp-json\/wp\/v2\/categories?post=35980"},{"taxonomy":"post_tag","embeddable":true,"href":"https:\/\/www.europesays.com\/it\/wp-json\/wp\/v2\/tags?post=35980"}],"curies":[{"name":"wp","href":"https:\/\/api.w.org\/{rel}","templated":true}]}}