{"id":359996,"date":"2026-02-19T02:42:11","date_gmt":"2026-02-19T02:42:11","guid":{"rendered":"https:\/\/www.europesays.com\/it\/359996\/"},"modified":"2026-02-19T02:42:11","modified_gmt":"2026-02-19T02:42:11","slug":"nei-panni-di-un-pastore-sinistro-nel-trailer-di-the-gates","status":"publish","type":"post","link":"https:\/\/www.europesays.com\/it\/359996\/","title":{"rendered":"nei panni di un pastore sinistro nel trailer di The Gates"},"content":{"rendered":"<p>&#13;<br \/>\n                               &#13;<br \/>\n                                                &#13;<br \/>\n                &#13;<\/p>\n<p>Prepariamoci ad un ruolo sorprendente, lontanissimo dall\u2019immagine che lo aveva reso celebre al grande pubblico. Nel thriller &#8220;The Gates&#8221; <strong><a href=\"https:\/\/www.leggo.it\/t\/james-van-der-beek\" rel=\"nofollow noopener\" target=\"_blank\">James Van Der Beek<\/a><\/strong> appare in una veste inedita e inquietante: quella di un pastore carismatico e sinistro, leader di una comunit\u00e0 chiusa e ostile. Il film, distribuito da Lionsgate, arriver\u00e0 nelle sale il 13 marzo e il trailer \u00e8 stato diffuso appena una settimana dopo la scomparsa dell&#8217;attore,\u00a0stroncato da un cancro al colon all\u2019et\u00e0 di 48 anni. <\/p>\n<p>&#13;<br \/>\n&#13;<br \/>\n&#13;<br \/>\n&#13;<\/p>\n<p>Spietato e senza scrupoli, in questa veste insolita\u00a0Van Der Beek domina la scena con un\u2019interpretazione intensa e ambigua: il suo personaggio \u00e8 il patriarca di un quartiere recintato, una comunit\u00e0 isolata che vive secondo le proprie regole e che nasconde un segreto mortale. Tutt&#8217;altra ambientazione, dunque, rispetto alla pacifica e quasi noiosa cittadina di Capeside in cui \u00e8 ambientata la serie cult\u00a0&#8220;<strong><a href=\"https:\/\/www.leggo.it\/t\/dawson\" s-creek=\"\" rel=\"nofollow noopener\" target=\"_blank\">Dawson&#8217;s Creek<\/a>&#8220;<\/strong>.<\/p>\n<p>&#13;<br \/>\n&#13;<br \/>\n<strong>La storia<\/strong>&#13;<br \/>\n&#13;<\/p>\n<p>Protagonisti sono tre studenti universitari \u2014 Derek, Kevin e Tyon \u2014 interpretati da Mason Gooding, Algee Smith e Keith Powers. Durante un viaggio su strada che prende una piega sbagliata, i ragazzi decidono di attraversare una scorciatoia apparentemente innocua. La scelta si rivela fatale: entrando in una remota comunit\u00e0 privata, assistono a un omicidio e rimangono intrappolati all\u2019interno delle mura.<\/p>\n<p>&#13;<br \/>\n&#13;<\/p>\n<p>Da quel momento, la notte si trasforma in una caccia all\u2019uomo. I tre vengono accusati del delitto, braccati dagli abitanti e messi alla prova non solo fisicamente, ma anche moralmente. Le differenze nei loro sistemi di credenze e nei loro valori emergono con forza, mentre il vero colpevole \u2014 cio\u00e8 proprio il pastore interpretato da Van Der Beek \u2014 manovra tutti nell\u2019ombra, mantenendo il controllo sull\u2019intera comunit\u00e0 attraverso carisma e paura.<\/p>\n<p>&#13;<br \/>\n&#13;<br \/>\n<strong>Un momento difficile<\/strong>&#13;<br \/>\n&#13;<\/p>\n<p>L\u2019arrivo del trailer \u00e8 coinciso con delle giornate\u00a0particolarmente dolorose\u00a0per la famiglia dell\u2019attore. La notizia della sua morte \u00e8 stata condivisa dalla moglie Kimberly Brook l\u201911 febbraio 2026. James Van Der Beek aveva reso pubblica nel novembre 2024 la diagnosi di cancro, ma era fin da subito riuscito ad affrontare con grande forza e una certa dose di\u00a0ottimismo\u00a0la malattia, continuando perci\u00f2\u00a0a lavorare con la solita determinazione.<\/p>\n<p>&#13;<br \/>\n&#13;<br \/>\n&#13;<br \/>\n&#13;<\/p>\n<p>Nel messaggio diffuso dopo la scomparsa, Kimberly ha ricordato come\u00a0il marito abbia trascorso gli ultimi giorni \u00abcon coraggio, fede e grazia\u00bb, e poi ha chiesto\u00a0rispetto e riservatezza per la famiglia. <\/p>\n<p>L\u2019attore lascia infatti la moglie, 43 anni, e i loro sei giovanissimi figli.&#13;<br \/>\n&#13;<br \/>\n<strong>Per sempre Dawson (ma non solo)<\/strong>&#13;<br \/>\n&#13;<\/p>\n<p>Nonostante il difficile percorso legato alla malattia, Van Der Beek non aveva mai smesso di recitare. Anche se nei cuori dei suoi spettatori rester\u00e0 per sempre Dawson Leery, l&#8217;adolescente che sognava di diventare Steven Spielberg, sono numerosi gli altri ruoli che l&#8217;attore aveva interpretato negli ultimi anni.\u00a0Sul piccolo schermo era apparso in serie come &#8220;Walker&#8221; e &#8220;Overcompensating&#8221;, e prossimamente avrebbe fatto parte del cast di &#8220;Elle&#8221;, prequel televisivo de &#8220;La rivincita delle bionde&#8221;.<\/p>\n<p>&#13;<br \/>\n&#13;<\/p>\n<p>Un addio, il suo, che coincide anche con una trasformazione artistica: &#8220;<strong>The Gates<\/strong>&#8221; mostra un attore maturo, disposto a mettersi in gioco in territori pi\u00f9 cupi e complessi. Il suo pastore non \u00e8 un semplice antagonista: \u00e8 un leader manipolatore, simbolo di un potere che si nutre di isolamento e controllo psicologico. L\u2019uscita del film il 13 marzo assume perci\u00f2 un valore ancora pi\u00f9 forte. Non solo un thriller ad alta tensione, ma anche l\u2019ultima occasione per vedere sul grande schermo un interprete che, fino all\u2019ultimo, ha scelto di raccontare storie. E questa volta lo ha fatto dalla parte del buio.<\/p>\n<p>                                &#13;<br \/>\n                &#13;<br \/>\n&#13;<br \/>\n                Ultimo aggiornamento: mercoled\u00ec 18 febbraio 2026, 22:08&#13;<br \/>\n                <br \/>&#13;<br \/>\n                &#13;<br \/>\n                  &#13;<br \/>\n                    &#13;<br \/>\n                        \u00a9 RIPRODUZIONE RISERVATA&#13;<\/p>\n<p>&#13;<\/p>\n<p>                    &#13;<\/p>\n","protected":false},"excerpt":{"rendered":"&#13; &#13; &#13; &#13; Prepariamoci ad un ruolo sorprendente, lontanissimo dall\u2019immagine che lo aveva reso celebre al grande&hellip;\n","protected":false},"author":3,"featured_media":359997,"comment_status":"","ping_status":"","sticky":false,"template":"","format":"standard","meta":{"footnotes":"","_share_on_mastodon":"0"},"categories":[1442],"tags":[1643,203,454,204,1537,90,89,1521],"class_list":["post-359996","post","type-post","status-publish","format-standard","has-post-thumbnail","category-film","tag-dawson","tag-entertainment","tag-film","tag-intrattenimento","tag-it","tag-italia","tag-italy","tag-movies"],"share_on_mastodon":{"url":"https:\/\/pubeurope.com\/@it\/116094995235405889","error":""},"_links":{"self":[{"href":"https:\/\/www.europesays.com\/it\/wp-json\/wp\/v2\/posts\/359996","targetHints":{"allow":["GET"]}}],"collection":[{"href":"https:\/\/www.europesays.com\/it\/wp-json\/wp\/v2\/posts"}],"about":[{"href":"https:\/\/www.europesays.com\/it\/wp-json\/wp\/v2\/types\/post"}],"author":[{"embeddable":true,"href":"https:\/\/www.europesays.com\/it\/wp-json\/wp\/v2\/users\/3"}],"replies":[{"embeddable":true,"href":"https:\/\/www.europesays.com\/it\/wp-json\/wp\/v2\/comments?post=359996"}],"version-history":[{"count":0,"href":"https:\/\/www.europesays.com\/it\/wp-json\/wp\/v2\/posts\/359996\/revisions"}],"wp:featuredmedia":[{"embeddable":true,"href":"https:\/\/www.europesays.com\/it\/wp-json\/wp\/v2\/media\/359997"}],"wp:attachment":[{"href":"https:\/\/www.europesays.com\/it\/wp-json\/wp\/v2\/media?parent=359996"}],"wp:term":[{"taxonomy":"category","embeddable":true,"href":"https:\/\/www.europesays.com\/it\/wp-json\/wp\/v2\/categories?post=359996"},{"taxonomy":"post_tag","embeddable":true,"href":"https:\/\/www.europesays.com\/it\/wp-json\/wp\/v2\/tags?post=359996"}],"curies":[{"name":"wp","href":"https:\/\/api.w.org\/{rel}","templated":true}]}}