{"id":360403,"date":"2026-02-19T09:35:11","date_gmt":"2026-02-19T09:35:11","guid":{"rendered":"https:\/\/www.europesays.com\/it\/360403\/"},"modified":"2026-02-19T09:35:11","modified_gmt":"2026-02-19T09:35:11","slug":"ruini-mi-sono-innamorato-tre-volte-ma-grazie-a-dio-ho-resistito-ratzinger-sbaglio-a-lasciare-bergoglio-ignoro-la-tradizione","status":"publish","type":"post","link":"https:\/\/www.europesays.com\/it\/360403\/","title":{"rendered":"Ruini: \u00abMi sono innamorato tre volte ma grazie a Dio ho resistito. Ratzinger sbagli\u00f2 a lasciare, Bergoglio ignor\u00f2 la tradizione\u00bb"},"content":{"rendered":"<p>    di<br \/>\n    Aldo Cazzullo<\/p>\n<p class=\"summary-art is-line-h-12\">Il cardinale Ruini: \u00abGiovanni Paolo II \u00e8 stato il pi\u00f9 grande Prodi era un amico, ma ci siamo fraintesi a vicenda. Con Meloni c\u2019\u00e8 affetto, abbiamo lo stesso fisioterapista\u00bb<\/p>\n<p class=\"chapter-paragraph\"><b><a href=\"https:\/\/www.corriere.it\/argomenti\/camillo-ruini\/\" rel=\"nofollow noopener\" target=\"_blank\">Cardinal Ruini<\/a>, oggi sono 95 anni. Qual \u00e8 il segreto della longevit\u00e0? <br \/><\/b>\u00abNon saprei. Forse, in ordine di importanza crescente: una vita ordinata; il Dna di ciascuno; la misura del dono di Dio\u00bb.<\/p>\n<p class=\"chapter-paragraph\"><b>Lei cosa mangia, cosa beve? Ha fatto esercizio fisico?<br \/><\/b>\u00abSeguo pi\u00f9 o meno una dieta mediterranea: pasta, verdure, carne, frutta; niente di particolare. Bevo acqua. E faccio da molti anni tanta fisioterapia\u00bb.    &#13;<br \/>\n&#13;<br \/>\n&#13;<br \/>\n&#13;<br \/>\n&#13;<br \/>\n&#13;<br \/>\n&#13;<br \/>\n&#13;<br \/>\n&#13;<br \/>\n&#13;<br \/>\n&#13;<br \/>\n&#13;<br \/>\n&#13;<br \/>\n&#13;<br \/>\n&#13;<br \/>\n&#13;<br \/>\n&#13;<br \/>\n&#13;<br \/>\n&#13;<br \/>\n&#13;<br \/>\n&#13;<br \/>\n&#13;<br \/>\n&#13;<br \/>\n&#13;<br \/>\n&#13;<br \/>\n&#13;<br \/>\n&#13;<br \/>\n&#13;<br \/>\n&#13;<br \/>\n&#13;<br \/>\n&#13;<br \/>\n&#13;<br \/>\n&#13;<br \/>\n&#13;<br \/>\n&#13;<br \/>\n&#13;<br \/>\n&#13;<br \/>\n&#13;<br \/>\n&#13;<br \/>\n&#13;<br \/>\n&#13;<br \/>\n&#13;<br \/>\n&#13;<br \/>\n&#13;<br \/>\n&#13;<br \/>\n&#13;<br \/>\n&#13;<br \/>\n&#13;<br \/>\n&#13;<br \/>\n&#13;<br \/>\n&#13;<br \/>\n&#13;<br \/>\n&#13;\n<\/p>\n<p class=\"chapter-paragraph\"><b>Quanto conta la fede? Quanto la curiosit\u00e0 intellettuale per il mondo?<br \/><\/b>\u00abFede e durata della vita terrena sono due grandezze indipendenti l\u2019una dall\u2019altra: pensi alla morte precoce di Carlo Acutis. La curiosit\u00e0 intellettuale pu\u00f2 aiutare a tenere vivo il cervello, e cos\u00ec forse allungare la vita\u00bb.<\/p>\n<p class=\"chapter-paragraph\"><b>Qual \u00e8 il suo primo ricordo?<br \/><\/b>\u00abUn prato in collina, e la mia palla che ruzzolando finisce contro un filo spinato e si buca. Era l\u2019estate del 1934, avevo tre anni\u00bb.<\/p>\n<p class=\"chapter-paragraph\"><b>Com\u2019era l\u2019Italia fascista?<br \/><\/b>\u00abUn\u2019Italia che non mi piaceva. Troppo sicura di s\u00e9 e inconsapevole delle sue debolezze\u00bb.<\/p>\n<p class=\"chapter-paragraph\"><b>\u00c8 vero che lei ebbe una discussione con suo padre sulla guerra?<br \/><\/b>\u00abNe avevo spesso. Mio padre era convinto che la guerra l\u2019avremmo vinta. Io invece che l\u2019avremmo perduta\u00bb.<\/p>\n<p class=\"chapter-paragraph\"><b>Perch\u00e9?<br \/><\/b>\u00abPerch\u00e9 avevo appreso dal libro di geografia per le scuole medie che i nostri avversari erano molto pi\u00f9 ricchi di noi\u00bb.<\/p>\n<p class=\"chapter-paragraph\"><b>Della guerra cosa ricorda?<br \/><\/b>\u00abI bombardamenti, che non risparmiarono il mio paese, Sassuolo. La morte di alcuni amici. Il lungo periodo trascorso come sfollato nella casa di campagna di mio padre. Un periodo, quest\u2019ultimo, molto positivo\u00bb.<\/p>\n<p class=\"chapter-paragraph\"><b>Come mai?<br \/><\/b>\u00abMi piaceva la vita dei campi, aiutavo i contadini nel loro lavoro. Poi ricordo l\u20198 settembre, con i soldati che venivano a chiedere cibo e soprattutto vestiti, per potersi liberare delle divise\u00bb.<\/p>\n<p class=\"chapter-paragraph\"><b>Se avesse avuto qualche anno in pi\u00f9, avrebbe scelto la Repubblica sociale o i partigiani?<br \/><\/b>\u00abNessuno dei due fronti\u00bb.<\/p>\n<p class=\"chapter-paragraph\"><b>Perch\u00e9 decise di fare il sacerdote?<br \/><\/b>\u00abSono sempre stato credente e praticante. Quando stavo finendo il liceo scientifico, il mio direttore spirituale mi chiese molto delicatamente se avessi pensato anche alla possibilit\u00e0 di farmi sacerdote. La proposta mi piacque, e dissi di s\u00ec quasi d\u2019istinto. Dedicarmi a Dio mi apparve qualcosa di entusiasmante\u00bb.<\/p>\n<p class=\"chapter-paragraph\"><b>Ma la sua famiglia non era d\u2019accordo, vero?<br \/><\/b>\u00abMio padre e mia madre erano molto contrari. Favorevole invece era mia sorella Donata, allora una ragazzina di dodici anni, che mi ha poi sostenuto, anche economicamente, per tutta la sua vita\u00bb.<\/p>\n<p class=\"chapter-paragraph\"><b>Una volta lei confid\u00f2 al Corriere di essersi innamorato. Ci racconta qualcosa di pi\u00f9? Le pes\u00f2 rinunciare a quell\u2019amore?<br \/><\/b>\u00abPer la verit\u00e0, mi sono innamorato o, forse meglio, mi sono sentito attratto da una donna pi\u00f9 di una volta. Ma con l\u2019aiuto di Dio ho sempre resistito. Naturalmente quelle rinunce mi pesavano. Ma non presi mai in considerazione l\u2019ipotesi di una scelta diversa. Non ho mai pensato di lasciare il sacerdozio\u00bb.<\/p>\n<p class=\"chapter-paragraph\"><b>Se le ricorda, quelle donne?<br \/><\/b>\u00abCerto. Almeno tre o quattro, in diversi periodi. La vita \u00e8 lunga&#8230;\u00bb.<\/p>\n<p class=\"chapter-paragraph\"><b>\u00c8 vero che da giovane era un prete progressista, conciliare?<br \/><\/b>\u00abEro certo entusiasta del Concilio; e lo sono ancora. Quando per\u00f2, dopo il Concilio, si apr\u00ec la crisi che \u00e8 arrivata a mettere in discussione i dogmi della fede cattolica, ho reagito immediatamente, opponendomi con forza\u00bb.<\/p>\n<p class=\"chapter-paragraph\"><b>Quali dogmi?<br \/><\/b>\u00abAddirittura la divinit\u00e0 di Cristo. Per non dire della morale sessuale. Fu un periodo molto particolare\u00bb.<\/p>\n<p class=\"chapter-paragraph\"><b>Pensa che il Concilio sia andato oltre le intenzioni di Giovanni XXIII e Paolo VI?<br \/><\/b>\u00abNo, assolutamente. Come le ho detto, non bisogna confondere Concilio e dopo-Concilio\u00bb.<\/p>\n<p class=\"chapter-paragraph\"><b>Come ricorda il primo incontro con Papa Wojtyla?<br \/><\/b>\u00abEra l\u2019autunno del 1984, ed ero vescovo ausiliare a Reggio Emilia. Ma ero anche uno dei tre vicepresidenti del comitato preparatorio del convegno ecclesiale di Loreto. Un pomeriggio ricevetti una telefonata da monsignor Re, allora assessore della segreteria di Stato, che mi comunicava che ero atteso assieme a lui a cena dal Papa. Giovanni Paolo II entr\u00f2 subito in merito, chiedendomi notizie e valutazioni sulla preparazione del convegno. Ho risposto con totale franchezza, e mi sono reso conto che il Papa apprezzava questa mia schiettezza e le mie valutazioni. Da allora mi chiam\u00f2 spesso e ho goduto della sua fiducia\u00bb.<\/p>\n<p class=\"chapter-paragraph\"><b>Che cosa aveva detto al Papa?<br \/><\/b>\u00abAvevo criticato l\u2019impostazione della Cei. La Conferenza dei vescovi pensava che il mondo fosse ormai secolarizzato. Giovanni Paolo II era invece convinto che la secolarizzazione fosse in via di superamento, e occorresse una nuova evangelizzazione, rivolta ai popoli gi\u00e0 cristiani che erano a rischio di perdere la fede. Io pensavo con il Papa che si potesse tenere le nostre posizioni e fare un\u2019opera di evangelizzazione\u00bb.<\/p>\n<p class=\"chapter-paragraph\"><b>E sul comunismo?<br \/><\/b>\u00abGiovanni Paolo II era contrario al compromesso storico. Per lui, i cristiani che sul comunismo non ragionavano in termini di \u201cnoi\u201d e \u201cloro\u201d non avevano capito\u00bb.<\/p>\n<p class=\"chapter-paragraph\"><b>Com\u2019\u00e8 stato davvero il suo rapporto con Prodi?<br \/><\/b>\u00abCon Prodi e con la sua grande famiglia sono stato molto amico. Tanto da celebrare il suo matrimonio con Flavia Franzoni. Le nostre strade si sono divise quando intorno al 1990 io sono rimasto su posizioni di centro, mentre lui si \u00e8 orientato a sinistra. Con il senno di poi, penso che entrambi, sia io sia Prodi, avevamo frainteso le posizioni dell\u2019altro, ritenendole coincidenti con le proprie. Mentre non era vero. Oggi i nostri rapporti sono decisamente buoni, anche se non ci sentiamo spesso\u00bb.<\/p>\n<p class=\"chapter-paragraph\"><b>E il rapporto con Berlusconi?<br \/><\/b>\u00abL\u2019ho conosciuto quando \u00e8 \u201csceso in campo\u201d, per usare il suo linguaggio. Mi resi subito conto che il suo stile di vita aveva aspetti problematici. Ma la sua azione politica mi \u00e8 apparsa decisiva per fermare il comunismo, per introdurre il bipolarismo in Italia e per resistere all\u2019ondata di laicismo che gi\u00e0 allora minacciava valori non negoziabili per la Chiesa\u00bb.<\/p>\n<p class=\"chapter-paragraph\"><b>Nel 1994 i comunisti non c\u2019erano quasi pi\u00f9.<br \/><\/b>\u00abDica pure post-comunisti, se preferisce. Resta il fatto che, se non c\u2019era Berlusconi, al potere andava Occhetto\u00bb.<\/p>\n<p class=\"chapter-paragraph\"><b>E lo stile di vita?<br \/><\/b>\u00abRicordo che noi cattolici ci infervorammo per John Kennedy; e venne fuori che neanche lui era irreprensibile\u00bb.<\/p>\n<p class=\"chapter-paragraph\"><b>\u00c8 pentito di aver in qualche modo dato un avallo, con la sua autorevolezza, alla stagione di Berlusconi? O rifarebbe quella scelta?<br \/><\/b>\u00abNon sono pentito. Oggi la situazione \u00e8 diversa. Posso solo dire che i miei orientamenti di fondo non sono cambiati\u00bb.<\/p>\n<p class=\"chapter-paragraph\"><b>Qual \u00e8 stato il pi\u00f9 grande Papa che la Chiesa ha avuto in questi 95 anni?<br \/><\/b>\u00abDomanda difficile. Per la Chiesa \u00e8 un periodo fortunato, in cui si sono succeduti vari grandi Pontefici. Penso a Pio XII, a Giovanni XXIII, a Paolo VI, a Giovanni Paolo II, a Benedetto XVI\u00bb.<\/p>\n<p class=\"chapter-paragraph\"><b>Deve scegliere.<br \/><\/b>\u00abPer me il maggiore \u00e8 Giovanni Paolo II\u00bb.<\/p>\n<p class=\"chapter-paragraph\"><b>Perch\u00e9?<br \/><\/b>\u00abPerch\u00e9 fu un vero leader mondiale\u00bb.<\/p>\n<p class=\"chapter-paragraph\"><b>Benedetto XVI \u00e8 stato pi\u00f9 grande come teologo che come pontefice? Sapeva governare?<br \/><\/b>\u00ab\u00c8 stato soprattutto un grandissimo teologo. Il governo \u00e8 stato il suo punto debole\u00bb.<\/p>\n<p class=\"chapter-paragraph\"><b>Lei fu uno dei protagonisti del conclave del 2005: emerse mai un\u2019alternativa reale a Ratzinger?<br \/><\/b>\u00abSui conclavi vige il segreto. Dir\u00f2 soltanto che reali alternative a mio parere non emersero\u00bb.<\/p>\n<p class=\"chapter-paragraph\"><b>Quale ricordo personale custodisce di quel conclave?<br \/><\/b>\u00abUn\u2019atmosfera positiva, fiduciosa. Eravamo reduci dal funerale di Giovanni Paolo II, che fu l\u2019apogeo del prestigio della Chiesa. E poi ricordo il giuramento nella Sistina: \u201cGiuro su Cristo che mi giudicher\u00e0\u2026\u201d. Dire quelle parole cos\u00ec impegnative sotto lo sguardo del Cristo giudicante di Michelangelo dava una scossa che ricordo ancora adesso\u00bb.<\/p>\n<p class=\"chapter-paragraph\"><b>Come visse le dimissioni di Ratzinger?<br \/><\/b>\u00abMi hanno totalmente sorpreso, e mi dispiacquero molto\u00bb.<\/p>\n<p class=\"chapter-paragraph\"><b>Fu un errore?<br \/><\/b>\u00abLe dico la verit\u00e0: fu una decisione sbagliata, almeno a me pare cos\u00ec. Poi certo lui sapeva meglio di me quali erano le sue condizioni, quindi non voglio giudicare. A me le dimissioni non convinsero\u00bb.<\/p>\n<p class=\"chapter-paragraph\"><b>Sul com\u00f2 di fronte vedo le foto di Wojtyla, di Ratzinger, di Prevost; non vedo quella di Bergoglio.<br \/><\/b>\u00abSi giri. \u00c8 l\u00ec, alle sue spalle\u00bb.<\/p>\n<p class=\"chapter-paragraph\"><b>Papa Francesco l\u2019ha delusa?<br \/><\/b>\u00abCon papa Francesco mi sono trovato in difficolt\u00e0. Troppo grande e improvviso \u00e8 stato il cambiamento. Pi\u00f9 che deluso, sono stato sorpreso\u00bb.<\/p>\n<p class=\"chapter-paragraph\"><b>Quale bilancio fa del suo pontificato? Ha fatto pi\u00f9 bene o pi\u00f9 male alla Chiesa?<br \/><\/b>\u00abMi sembra un bilancio complesso, con aspetti molto positivi e altri assai meno. \u00c8 presto per giudicare quali di essi prevalgano\u00bb.<\/p>\n<p class=\"chapter-paragraph\"><b>Mi dica una cosa positiva di Francesco.<br \/><\/b>\u00abIl suo grande coraggio\u00bb.<\/p>\n<p class=\"chapter-paragraph\"><b>E una cosa negativa.<br \/><\/b>\u00abTenere troppo poco conto della tradizione. Non a caso \u00e8 stato forse pi\u00f9 amato dai non credenti che dai credenti\u00bb.<\/p>\n<p class=\"chapter-paragraph\"><b>E Leone che impressione le fa? L\u2019ha incontrato?<br \/><\/b>\u00abMi ha concesso un\u2019udienza nei primissimi giorni del pontificato. La mia impressione \u00e8 ottima. Sono felice di avere questo Papa\u00bb.<\/p>\n<p class=\"chapter-paragraph\"><b>Oggi alla guida della Cei, che lei ha retto per sedici anni, c\u2019\u00e8 un cardinale considerato progressista. I vescovi italiani sono troppo \u00aba sinistra?\u00bb.<br \/><\/b>\u00abNon mi pare che l\u2019episcopato italiano nel suo complesso possa dirsi a sinistra. Le posizioni sono diversificate, come \u00e8 sempre stato e come \u00e8 naturale che sia. Era cos\u00ec anche ai miei tempi\u00bb.<\/p>\n<p class=\"chapter-paragraph\"><b>Lei una volta disse al Corriere: la cultura \u00e8 a sinistra, ma il Paese \u00e8 a destra. Come mai questa dicotomia secondo lei?<br \/><\/b>\u00ab\u00c8 una dicotomia che esiste in molti Paesi, non solo in Italia. Deriva probabilmente dal fatto che la gente comune d\u00e0 pi\u00f9 peso agli aspetti pratici, mentre gli intellettuali guardano a questioni che ritengono di principio\u00bb.<\/p>\n<p class=\"chapter-paragraph\"><b>Che giudizio politico e personale d\u00e0 di Giorgia Meloni?<br \/><\/b>\u00abDecisamente positivo sotto entrambi gli aspetti, sia politico sia personale\u00bb.<\/p>\n<p class=\"chapter-paragraph\"><b>La conosce? Vi parlate?<br \/><\/b>\u00abLa conosco da molti anni e parliamo volentieri, nei limiti del suo tempo. \u00c8 una persona molto immediata, molto schietta. Con me \u00e8 anche molto affettuosa. C\u2019\u00e8 un\u2019amicizia vera, ci mandiamo sempre a salutare\u00bb.<\/p>\n<p class=\"chapter-paragraph\"><b>In che modo?<br \/><\/b>\u00abL\u2019infermiere che viene da me per curarmi va anche da lei\u00bb.<\/p>\n<p class=\"chapter-paragraph\"><b>Di Trump cosa pensa?\u00a0<br \/><\/b>\u00abHo un giudizio non positivo. Trump ha sconvolto la politica americana e mondiale, andando in una direzione molto discutibile. E poi non mi piace la sua spregiudicatezza\u00bb.<\/p>\n<p class=\"chapter-paragraph\"><b>Lei tornerebbe alla messa in latino?<br \/><\/b>\u00abCertamente no. \u00c8 molto importante che la gente comprenda il linguaggio nel quale si celebra\u00bb.<\/p>\n<p class=\"chapter-paragraph\"><b>Per\u00f2 la considerano un tradizionalista.<\/b><br \/>\u00abTradizione non vuol dire tornare indietro. Al contrario. \u201ctradere\u201d significa passare da una mano all\u2019altra. Tradizione \u00e8 la continuit\u00e0 della Chiesa\u00bb.<\/p>\n<p class=\"chapter-paragraph\"><b>La Chiesa ha rinunciato a parlare di quelli che si chiamavano valori non negoziabili? La sacralit\u00e0 della vita, l\u2019indissolubilit\u00e0 del matrimonio, la morale sessuale?<\/b><br \/>\u00abNon possiamo rinunciare a parlare di questi valori. Fanno parte del contenuto della nostra fede, dell\u2019etica cristiana. Oggi se ne parla meno di prima; ma questa \u00e8 una lacuna a cui dobbiamo porre rimedio\u00bb.<\/p>\n<p class=\"chapter-paragraph\"><b>Nel Vangelo secondo Luca, Ges\u00f9 chiede: \u00abQuando il figlio dell\u2019uomo torner\u00e0, trover\u00e0 la fede sulla terra?\u00bb. Lei cosa risponderebbe a questa domanda?<\/b><br \/>\u00abRisponderei: \u201cSignore, tu lo sai; io lo spero con tutto il cuore\u201d\u00bb.<\/p>\n<p class=\"chapter-paragraph\"><b>Ma quando torner\u00e0 Cristo secondo lei?<\/b><br \/>\u00abAnche questo lo sa soltanto Dio\u00bb.<\/p>\n<p class=\"chapter-paragraph\"><b>Quindi non \u00e8 certo che trover\u00e0 ancora la fede sulla terra?<br \/><\/b>\u00abPurtroppo no\u00bb.<\/p>\n<p class=\"chapter-paragraph\"><b>Il cristianesimo \u00e8 in crisi? Come vede il suo futuro?<br \/><\/b>\u00abAlmeno in Occidente la crisi della fede \u00e8 innegabile. E la nostra prima risposta deve essere la preghiera. Tanta preghiera, affinch\u00e9 la luce della fede non si spenga ma prenda nuovo vigore. Sul futuro a lungo termine del cristianesimo, sono comunque ottimista\u00bb.<\/p>\n<p class=\"chapter-paragraph\"><b>Perch\u00e9?<br \/><\/b>\u00abPerch\u00e9 alla sua origine non c\u2019\u00e8 soltanto l\u2019uomo. C\u2019\u00e8 Dio\u00bb.<\/p>\n<p class=\"chapter-paragraph\"><b>Esiste nel mondo un sentimento anticristiano?<br \/><\/b>\u00abEsiste certamente, ed \u00e8 esistito nelle forme pi\u00f9 varie fin dall\u2019inizio del cristianesimo. Ricordiamo la parola di Ges\u00f9: \u201cSe hanno perseguitato me, perseguiteranno anche voi\u201d. Colpisce la scarsa solidariet\u00e0 di noi credenti verso i nostri fratelli perseguitati\u00bb.<\/p>\n<p class=\"chapter-paragraph\"><b>Le chiese sono sempre pi\u00f9 vuote, ma la gente ha un disperato bisogno di speranza e di fede. Come spiega questa contraddizione?<br \/><\/b>\u00ab\u00c8 una contraddizione pi\u00f9 apparente che reale. Coloro che hanno perso la fede non per questo non hanno pi\u00f9 bisogno di speranza, e anche di fede. \u00c8 un buco che non si pu\u00f2 chiudere, e che testimonia che siamo fatti per Dio. Poi influiscono le carenze di noi credenti nell\u2019opera di evangelizzazione\u00bb.<\/p>\n<p class=\"chapter-paragraph\"><b>Anche i seminari sono vuoti. Non \u00e8 crudele imporre ai preti di non avere una famiglia?<br \/><\/b>\u00abNon si tratta di un\u2019imposizione, ma di una condizione liberamente accettata. Il celibato dei preti ha i suoi problemi, ma anche i suoi vantaggi. A mio parere, molto maggiori\u00bb.<\/p>\n<p class=\"chapter-paragraph\"><b>Perch\u00e9 una donna non potrebbe fare il sacerdote?<br \/><\/b>\u00abLa Chiesa non pu\u00f2 ordinare le donne sacerdoti, perch\u00e9 il sacerdote \u00e8 configurato a Cristo, che \u00e8 di sesso maschile\u00bb.<\/p>\n<p class=\"chapter-paragraph\"><b>Lei ha paura della morte?<br \/><\/b>\u00abS\u00ec. Soprattutto perch\u00e9 alla morte segue il giudizio di Dio sulla nostra vita. La paura \u00e8 attenuata dalla fiducia nella misericordia di Dio, che \u00e8 infinita\u00bb.<\/p>\n<p class=\"chapter-paragraph\"><b>Quindi \u00e8 possibile che l\u2019inferno sia vuoto?<br \/><\/b>\u00abNon ci credo. Temo che l\u2019inferno vuoto non lo sia affatto\u00bb.<\/p>\n<p class=\"chapter-paragraph\"><b>Ha mai dubitato dell\u2019esistenza di Dio, della resurrezione della carne?<br \/><\/b>\u00abDubitato in senso proprio, no. Altra cosa \u00e8 la tentazione. Di tentazioni riguardo alla fede ne ho avute tante, anche forti\u00bb.<\/p>\n<p class=\"chapter-paragraph\"><b>Ma cosa accade al nostro corpo tra la morte e la resurrezione nel giorno del Giudizio Universale?<br \/><\/b>\u00abIl nostro corpo giace nel sepolcro, in attesa di risorgere per la salvezza eterna o per la condanna. La nostra anima immortale \u00e8 invece gi\u00e0 in paradiso, o all\u2019inferno o in purgatorio. Il giudizio particolare su ciascuno di noi avviene gi\u00e0 al momento della morte\u00bb.<\/p>\n<p class=\"chapter-paragraph\"><b>Lei ha scritto sull\u2019aldil\u00e0 un libro bellissimo, che per\u00f2 non d\u00e0 certezze. Ad esempio c\u2019\u00e8 un capitolo in cui rievoca le esperienze premorte \u2014 la luce dopo il tunnel, la sensazione di beatitudine&#8230; \u2014 ma poi conclude: queste persone non sono realmente morte, quindi il loro racconto non \u00e8 decisivo. Cosa dobbiamo aspettarci allora?<br \/><\/b>\u00abVorrei precisare: nel mio libro riconosco che la ragione da sola non ci d\u00e0 certezze sull\u2019aldil\u00e0; ma dico chiaramente che questa certezza la possiamo raggiungere attraverso la fede\u00bb.<\/p>\n<p class=\"chapter-paragraph\"><b>Ma lei personalmente l\u2019aldil\u00e0 come lo immagina?<br \/><\/b>\u00abL\u2019aldil\u00e0 per coloro che si salvano \u00e8 la visione di Dio, l\u2019unione immediata con Lui. Oltre che l\u2019unione con i nostri fratelli defunti. I vangeli impiegano al riguardo immagini molto belle; ad esempio quella del convito. Un banchetto solenne, in cui mangiamo insieme e insieme siamo felici. Mantenendo la nostra individualit\u00e0\u00bb.<\/p>\n<p class=\"chapter-paragraph\"><b>Lei \u00e8 stato presidente della Commissione su Medjugorje. Che idea si \u00e8 fatto?<br \/><\/b>\u00abPer la nostra Commissione le prime sette apparizioni furono reali. Era davvero la Madonna. Dopo le cose si confondono, e non abbiamo dato un giudizio preciso. Se siano apparizioni o suggestioni non lo so\u00bb.<\/p>\n<p class=\"chapter-paragraph\"><b>Qual \u00e8 la persona pi\u00f9 intelligente che ha conosciuto nella sua vita?<br \/><\/b>\u00abNon mi sento in grado di giudicare in merito. Posso dire che di persone estremamente intelligenti ne ho conosciute non poche. Ad esempio Giovanni Paolo II, o in maniera diversa il mio professore di teologia alla Gregoriana, Bernard Lonergan\u00bb.<\/p>\n<p class=\"chapter-paragraph\"><b>Wojtyla era cos\u00ec intelligente?<br \/><\/b>\u00abPensi che leggeva due libri contemporaneamente: il pi\u00f9 difficile di persona, mentre si faceva leggere a voce alta il libro pi\u00f9 facile. San Tommaso d\u2019Aquino invece dettava due libri contemporaneamente\u00bb.<\/p>\n<p class=\"chapter-paragraph\"><b>E la persona pi\u00f9 buona?<br \/><\/b>\u00abA maggior ragione non mi sento di giudicare. Anche di persone buone ne ho conosciute molte. Mi limito a ricordarne due che sono addirittura sante: madre Teresa di Calcutta e Giovanni Paolo II\u00bb.<\/p>\n<p class=\"chapter-paragraph\"><b>Lui dubbi non ne aveva.<br \/><\/b>\u00abNo, lui no. Una fede granitica. Quando pregava, era davvero a colloquio con Dio\u00bb.<\/p>\n<p class=\"is-last-update\" datetime=\"2026-02-19T08:39:14+01:00\">19 febbraio 2026 ( modifica il 19 febbraio 2026 | 08:39)<\/p>\n<p class=\"is-copyright\">\n            \u00a9 RIPRODUZIONE RISERVATA\n        <\/p>\n","protected":false},"excerpt":{"rendered":"di Aldo Cazzullo Il cardinale Ruini: \u00abGiovanni Paolo II \u00e8 stato il pi\u00f9 grande Prodi era un amico,&hellip;\n","protected":false},"author":3,"featured_media":360404,"comment_status":"","ping_status":"","sticky":false,"template":"","format":"standard","meta":{"footnotes":"","_share_on_mastodon":"0"},"categories":[6],"tags":[3811,12372,839,2537,4008,28095,4675,1394,27557,21203,2436,1033,37,208692,208693,843,5041,24747,9933,17555,819,22549,555,2320,6350,107940,51810,104054,208694,62052,19284,4296,41208,2944,5551,5372,10509,26944,3591,4864,156761,7714,105110,8789,22532,14,1679,208695,2878,208698,1277,1278,16684,84990,3876,12598,6927,476,1108,208696,43,2729,38118,2149,208697,2341,1731,2429,63337,13093,72718,1909,6934,208699,3593,1250,322,4965,20537,2759,27564,27565,10654,208700,49015,5538,77,8,1347,108345,4392,12312,208701,20165,44174,37470,1537,90,89,53,1609,208702,1211,26842,18494,4045,8866,58,10329,1353,17333,208703,964,68244,7,15,82,9,83,10,1573,208704,3608,652,104031,690,1356,13278,11243,5775,1316,5238,8176,23,6034,4966,91511,1667,1915,858,16498,477,332,208705,208706,2170,2123,22943,896,6092,1698,6280,51801,46304,15348,12020,899,119250,4736,1447,208707,113153,9452,1922,26043,39158,169850,10368,9525,1360,6861,27675,17053,315,337,54484,7816,13,7729,11,80,84,12,81,85,28749,5489,135139],"class_list":["post-360403","post","type-post","status-publish","format-standard","has-post-thumbnail","category-ultime-notizie","tag-addirittura","tag-aldila","tag-almeno","tag-altra","tag-amico","tag-apparizioni","tag-aspetti","tag-benedetto","tag-benedetto-xvi","tag-bergoglio","tag-berlusconi","tag-bilancio","tag-bisogno","tag-bisogno-speranza","tag-bisogno-speranza-fede","tag-cardinale","tag-carne","tag-cei","tag-certamente","tag-certezze","tag-chiesa","tag-chiese","tag-com","tag-commissione","tag-complesso","tag-comunismo","tag-comunisti","tag-concilio","tag-concilio-concilio","tag-conclave","tag-conosciute","tag-conosciuto","tag-contemporaneamente","tag-conto","tag-contraddizione","tag-contrario","tag-convegno","tag-convinto","tag-corpo","tag-corriere","tag-credenti","tag-crisi","tag-cristianesimo","tag-cristiani","tag-cristo","tag-cronaca","tag-curiosita","tag-curiosita-intellettuale","tag-da","tag-da-certezze","tag-dato","tag-davvero","tag-decisamente","tag-dica","tag-dico","tag-dicotomia","tag-difficile","tag-dimissioni","tag-dio","tag-dio-resistito","tag-discussione","tag-diversa","tag-divise","tag-dobbiamo","tag-dogmi","tag-domanda","tag-donna","tag-donne","tag-dubitato","tag-esiste","tag-evangelizzazione","tag-famiglia","tag-fede","tag-fede-terra","tag-fiducia","tag-francesco","tag-fratelli","tag-gente","tag-gesu","tag-giovanni","tag-giovanni-paolo","tag-giovanni-paolo-ii","tag-giovanni-xxiii","tag-giovanni-xxiii-paolo","tag-giudicare","tag-giudizio","tag-guerra","tag-headlines","tag-ii","tag-immediata","tag-impressione","tag-inferno","tag-inferno-vuoto","tag-innamorato","tag-intellettuale","tag-intelligente","tag-it","tag-italia","tag-italy","tag-lasciare","tag-libri","tag-libri-contemporaneamente","tag-libro","tag-linguaggio","tag-luce","tag-madre","tag-matrimonio","tag-meloni","tag-merito","tag-mondiale","tag-morale","tag-morale-sessuale","tag-morte","tag-negoziabili","tag-news","tag-notizie","tag-notizie-di-cronaca","tag-notizie-principali","tag-notiziedicronaca","tag-notizieprincipali","tag-opera","tag-opera-evangelizzazione","tag-padre","tag-paolo","tag-paolo-ii","tag-papa","tag-papa-francesco","tag-pare","tag-parere","tag-parlare","tag-particolare","tag-paura","tag-pensa","tag-pensato","tag-pensi","tag-penso","tag-pentito","tag-periodo","tag-persona","tag-personale","tag-piaceva","tag-politica","tag-politico","tag-politico-personale","tag-pontificato","tag-positiva","tag-positivo","tag-posizioni","tag-possiamo","tag-posso","tag-preghiera","tag-preti","tag-prodi","tag-progressista","tag-qual","tag-ragione","tag-rapporto","tag-ratzinger","tag-reale","tag-reali","tag-resistito","tag-resurrezione","tag-ricorda","tag-ricordo","tag-riguardo","tag-rinunciare","tag-ruini","tag-sacerdote","tag-sapeva","tag-scelta","tag-segreto","tag-sento","tag-sessuale","tag-sinistra","tag-soprattutto","tag-sorpreso","tag-tenere","tag-titoli","tag-tradizione","tag-ultime-notizie","tag-ultime-notizie-di-cronaca","tag-ultime-notizie-e-news-di-oggi","tag-ultimenotizie","tag-ultimenotiziedicronaca","tag-ultimenotizieenewsdioggi","tag-valori","tag-vero","tag-wojtyla"],"share_on_mastodon":{"url":"","error":"Validation failed: Text character limit of 500 exceeded"},"_links":{"self":[{"href":"https:\/\/www.europesays.com\/it\/wp-json\/wp\/v2\/posts\/360403","targetHints":{"allow":["GET"]}}],"collection":[{"href":"https:\/\/www.europesays.com\/it\/wp-json\/wp\/v2\/posts"}],"about":[{"href":"https:\/\/www.europesays.com\/it\/wp-json\/wp\/v2\/types\/post"}],"author":[{"embeddable":true,"href":"https:\/\/www.europesays.com\/it\/wp-json\/wp\/v2\/users\/3"}],"replies":[{"embeddable":true,"href":"https:\/\/www.europesays.com\/it\/wp-json\/wp\/v2\/comments?post=360403"}],"version-history":[{"count":0,"href":"https:\/\/www.europesays.com\/it\/wp-json\/wp\/v2\/posts\/360403\/revisions"}],"wp:featuredmedia":[{"embeddable":true,"href":"https:\/\/www.europesays.com\/it\/wp-json\/wp\/v2\/media\/360404"}],"wp:attachment":[{"href":"https:\/\/www.europesays.com\/it\/wp-json\/wp\/v2\/media?parent=360403"}],"wp:term":[{"taxonomy":"category","embeddable":true,"href":"https:\/\/www.europesays.com\/it\/wp-json\/wp\/v2\/categories?post=360403"},{"taxonomy":"post_tag","embeddable":true,"href":"https:\/\/www.europesays.com\/it\/wp-json\/wp\/v2\/tags?post=360403"}],"curies":[{"name":"wp","href":"https:\/\/api.w.org\/{rel}","templated":true}]}}