{"id":360473,"date":"2026-02-19T10:46:11","date_gmt":"2026-02-19T10:46:11","guid":{"rendered":"https:\/\/www.europesays.com\/it\/360473\/"},"modified":"2026-02-19T10:46:11","modified_gmt":"2026-02-19T10:46:11","slug":"petrecca-si-dimette-da-direttore-di-rai-sport-dopo-la-telecronaca-delle-olimpiadi-al-suo-posto-marco-lollobrigida","status":"publish","type":"post","link":"https:\/\/www.europesays.com\/it\/360473\/","title":{"rendered":"Petrecca si dimette da direttore di Rai Sport dopo la telecronaca delle Olimpiadi: al suo posto Marco Lollobrigida"},"content":{"rendered":"<p>    di<br \/>\n    Antonella Baccaro<\/p>\n<p class=\"summary-art is-line-h-12\">Il direttore Paolo Pertrecca era stato sfiduciato dalla redazione e lascia dopo la figuraccia della diretta televisiva sulla cerimonia di apertura di Milano Cortina<\/p>\n<p class=\"chapter-paragraph\"><b>Paolo Petrecca <\/b>si \u00e8 dimesso da <b>Rai Sport<\/b>, lascer\u00e0 l&#8217;incarico alla fine delle <b>Olimpiadi<\/b>.\u00a0\u00c8 quanto comunicato oggi &#8211; gioved\u00ec 19 febbraio &#8211; dall&#8217;azienda al Corriere. Al suo posto arriva (provvisoriamente) il vice direttore <b>Marco Lollobrigida<\/b>.\u00a0<\/p>\n<p class=\"chapter-paragraph\">Finisce cos\u00ec una vicenda iniziata molto prima della fallimentare telecronaca della <a href=\"https:\/\/corrieredellaltoadige.corriere.it\/notizie\/sport\/26_febbraio_13\/il-disastro-della-telecronaca-rai-di-petrecca-stefano-bizzotto-in-pole-per-la-cerimonia-di-chiusura-dei-giochi-sostitui-rimedio-b5450961-837d-447b-8922-37a541dcaxlk.shtml\" title=\"La disastrosa telecronaca Rai di Petrecca, c&#039;\u00e8 Stefano Bizzotto in pole per la Chiusura dei Giochi: sostitu\u00ec Rimedio fermato dal Covid e raccont\u00f2 la vittoria agli Europei di calcio\" rel=\"nofollow noopener\" target=\"_blank\">cerimonia di apertura<\/a> dei Giochi Olimpici. I<b>l mandato di Petrecca a Rai Sport \u00e8 stato infatti costellato dalle proteste della redazione che gli ha negato la fiducia per ben due volte<\/b> quando il direttore ha presentato il proprio piano editoriale. L\u2019annuncio laconico della Rai preserva l\u2019incarico fino alla fine dei Giochi, come previsto, ma non indica la destinazione di <a href=\"https:\/\/roma.corriere.it\/notizie\/politica\/26_febbraio_14\/petrecca-rai-sport-protesta-consulenze-collaboratrici-esterne-ee9900c4-6006-4ead-8935-df8f4192cxlk.shtml\" title=\"Petrecca, c\u2019\u00e8 un nuovo fronte. La protesta per le consulenze \u00aba collaboratrici esterne\u00bb\" rel=\"nofollow noopener\" target=\"_blank\">Petrecca<\/a>. Intanto la redazione pu\u00f2 ritirare lo sciopero di tre giorni che aveva programmato alla fine delle competizioni olimpiche e per indire il quale ieri aveva intrapreso le procedure di raffreddamento.    &#13;<br \/>\n&#13;<br \/>\n&#13;<br \/>\n&#13;<br \/>\n&#13;<br \/>\n&#13;<br \/>\n&#13;<br \/>\n&#13;<br \/>\n&#13;<br \/>\n&#13;<br \/>\n&#13;<br \/>\n&#13;<br \/>\n&#13;<br \/>\n&#13;<br \/>\n&#13;<br \/>\n&#13;<br \/>\n&#13;<br \/>\n&#13;<br \/>\n&#13;<br \/>\n&#13;<br \/>\n&#13;<br \/>\n&#13;<br \/>\n&#13;<br \/>\n&#13;<br \/>\n&#13;<br \/>\n&#13;<br \/>\n&#13;<br \/>\n&#13;<br \/>\n&#13;<br \/>\n&#13;<br \/>\n&#13;<br \/>\n&#13;<br \/>\n&#13;<br \/>\n&#13;<br \/>\n&#13;<br \/>\n&#13;<br \/>\n&#13;<br \/>\n&#13;<br \/>\n&#13;<br \/>\n&#13;<br \/>\n&#13;<br \/>\n&#13;<br \/>\n&#13;<br \/>\n&#13;<br \/>\n&#13;<br \/>\n&#13;<br \/>\n&#13;<br \/>\n&#13;<br \/>\n&#13;<br \/>\n&#13;<br \/>\n&#13;<br \/>\n&#13;<br \/>\n&#13;\n<\/p>\n<p class=\"chapter-paragraph\">\u00abLe dimissioni di Petrecca da RaiSport erano necessarie e arrivano comunque in ritardo.\u00a0Petrecca \u00e8 l\u2019emblema di <a href=\"https:\/\/roma.corriere.it\/notizie\/cronaca\/26_febbraio_08\/olimpiaci-la-telecronaca-rai-e-un-caso-politico-pd-m5s-avs-e-iv-chiedono-la-rimozione-di-petrecca-sciatteria-in-tv-d299e9a4-3d87-448f-a829-089935294xlk.shtml\" title=\"La telecronaca Rai alle Olimpiadi \u00e8 un caso politico. Pd, M5S, Avs e Iv chiedono la rimozione di Petrecca: \u00abSciatteria in tv\u00bb\" rel=\"nofollow noopener\" target=\"_blank\">Telemeloni<\/a> e del metodo con cui il Governo ha privilegiato logiche di appartenenza e vicinanza politica rispetto al merito e alla valorizzazione delle professionalit\u00e0 interne al servizio pubblico televisivo. <b>Un\u2019impostazione che ha finito per indebolire l\u2019autorevolezza dell\u2019informazione e pi\u00f9 in generale dell\u2019intero sistema Rai.<\/b> Ora serve una vera discontinuit\u00e0. Non si pu\u00f2 continuare con il meccanismo del \u201crimuovere per promuovere\u201d o con semplici ricollocazioni interne. Il servizio pubblico ha bisogno di trasparenza, competenza e indipendenza, non di operazioni di facciata\u00bb. Lo dichiara Stefano Graziano, capogruppo del Pd in commissione vigilanza Rai.<\/p>\n<p class=\"chapter-paragraph\">Proprio la scelta di rimanere nonostante le critiche e l&#8217;imbarazzo provocato avevano portato a un\u2019<a href=\"https:\/\/roma.corriere.it\/notizie\/cronaca\/26_febbraio_09\/caso-petrecca-i-giornalisti-contro-il-direttore-di-rai-sport-ritiro-delle-firme-e-sciopero-dopo-la-fine-delle-olimpiadi-2f1b618d-3599-4157-a0c5-c6bf632fexlk.shtml\" title=\"Caso Petrecca, i giornalisti contro il direttore di Rai Sport: da oggi ritiro delle firme e sciopero dopo la fine delle Olimpiadi\" rel=\"nofollow noopener\" target=\"_blank\">adesione \u00abmassiccia\u00bb allo sciopero delle firme<\/a>, che secondo il sindacato Usigrai, ha coinvolto\u00a0<b>i giornalisti della Ra<\/b>i, solidali con la redazione <b>Rai Sport, in agitazione<\/b> dopo la fallimentare <a href=\"https:\/\/www.corriere.it\/spettacoli\/26_febbraio_07\/paolo-petrecca-cerimonia-olimpiadi-76f98c54-8cfd-4024-805e-f54df41bcxlk.shtml\" title=\"La figuraccia olimpica della Rai con tutte le gaffe di Petrecca (e perch\u00e9 non c&#039;era Bulbarelli): da \u00abi brasiliani con la musica nel sangue\u00bb alla \u00abfiglia\u00bb di Mattarella\" rel=\"nofollow noopener\" target=\"_blank\">telecronaca della Cerimonia di apertura dei Giochi olimpici<\/a> del direttore <a href=\"https:\/\/roma.corriere.it\/notizie\/politica\/26_febbraio_10\/petrecca-gaffe-direttore-rai-news-a6e19620-cce4-4be4-bec5-f5052a7c8xlk.shtml\" title=\"Petrecca, le Olimpiadi sono solo l&#039;ultimo caso: notizie nascoste, sfiducie e il servizio sulla moglie. Le \u00abimprese\u00bb del direttore\" rel=\"nofollow noopener\" target=\"_blank\">Paolo Petrecca<\/a>. Obiettivo della protesta: \u00abRistabilire con decisioni chiare la credibilit\u00e0 dell\u2019azienda\u00bb si legge in una nota del sindacato. Che rimarca: <b>\u00abIl silenzio non pu\u00f2 essere la soluzione\u00bb.<\/b><\/p>\n<p class=\"is-mr-t-20 is-mr-b-20\"><b><br \/>\n                    <a href=\"https:\/\/roma.corriere.it\/?intcmp=Notizielocali_nd_010623_corriere_ss_roma\" target=\"_blank\" rel=\"nofollow noopener\">Vai a tutte le notizie di Roma<\/a><br \/>\n            <\/b><\/p>\n<p class=\"chapter-paragraph\"><b><a href=\"https:\/\/www.corriere.it\/newsletter\/?theme=52&amp;intcmp=NL-artic_nd_050624_corriere_ss_roma\" target=\"_blank\" rel=\"nofollow noopener\">Iscriviti alla newsletter di Corriere Roma<\/a><\/b><\/p>\n<p class=\"is-last-update\" datetime=\"2026-02-19T11:25:43+01:00\">19 febbraio 2026 ( modifica il 19 febbraio 2026 | 11:25)<\/p>\n<p class=\"is-copyright\">\n            \u00a9 RIPRODUZIONE RISERVATA\n        <\/p>\n","protected":false},"excerpt":{"rendered":"di Antonella Baccaro Il direttore Paolo Pertrecca era stato sfiduciato dalla redazione e lascia dopo la figuraccia della&hellip;\n","protected":false},"author":3,"featured_media":360474,"comment_status":"","ping_status":"","sticky":false,"template":"","format":"standard","meta":{"footnotes":"","_share_on_mastodon":"0"},"categories":[1444],"tags":[915,208742,208743,4072,818,39964,208744,1109,208745,203,104140,208746,208747,4421,41123,49,25370,204,1537,90,89,652,199488,2848,146611,7163,245,81512,253],"class_list":["post-360473","post","type-post","status-publish","format-standard","has-post-thumbnail","category-tv","tag-apertura","tag-apertura-giochi","tag-apertura-giochi-olimpici","tag-azienda","tag-cerimonia","tag-cerimonia-apertura","tag-cerimonia-apertura-giochi","tag-direttore","tag-direttore-paolo","tag-entertainment","tag-fallimentare","tag-fallimentare-telecronaca","tag-fallimentare-telecronaca-cerimonia","tag-giochi","tag-giochi-olimpici","tag-incarico","tag-interne","tag-intrattenimento","tag-it","tag-italia","tag-italy","tag-paolo","tag-petrecca","tag-rai","tag-rai-sport","tag-redazione","tag-sport","tag-telecronaca","tag-tv"],"share_on_mastodon":{"url":"","error":"Validation failed: Text character limit of 500 exceeded"},"_links":{"self":[{"href":"https:\/\/www.europesays.com\/it\/wp-json\/wp\/v2\/posts\/360473","targetHints":{"allow":["GET"]}}],"collection":[{"href":"https:\/\/www.europesays.com\/it\/wp-json\/wp\/v2\/posts"}],"about":[{"href":"https:\/\/www.europesays.com\/it\/wp-json\/wp\/v2\/types\/post"}],"author":[{"embeddable":true,"href":"https:\/\/www.europesays.com\/it\/wp-json\/wp\/v2\/users\/3"}],"replies":[{"embeddable":true,"href":"https:\/\/www.europesays.com\/it\/wp-json\/wp\/v2\/comments?post=360473"}],"version-history":[{"count":0,"href":"https:\/\/www.europesays.com\/it\/wp-json\/wp\/v2\/posts\/360473\/revisions"}],"wp:featuredmedia":[{"embeddable":true,"href":"https:\/\/www.europesays.com\/it\/wp-json\/wp\/v2\/media\/360474"}],"wp:attachment":[{"href":"https:\/\/www.europesays.com\/it\/wp-json\/wp\/v2\/media?parent=360473"}],"wp:term":[{"taxonomy":"category","embeddable":true,"href":"https:\/\/www.europesays.com\/it\/wp-json\/wp\/v2\/categories?post=360473"},{"taxonomy":"post_tag","embeddable":true,"href":"https:\/\/www.europesays.com\/it\/wp-json\/wp\/v2\/tags?post=360473"}],"curies":[{"name":"wp","href":"https:\/\/api.w.org\/{rel}","templated":true}]}}