{"id":361443,"date":"2026-02-20T00:41:18","date_gmt":"2026-02-20T00:41:18","guid":{"rendered":"https:\/\/www.europesays.com\/it\/361443\/"},"modified":"2026-02-20T00:41:18","modified_gmt":"2026-02-20T00:41:18","slug":"castro-vittoria-importante-contento-per-il-gol-spogliatoio-dette-cose","status":"publish","type":"post","link":"https:\/\/www.europesays.com\/it\/361443\/","title":{"rendered":"Castro: \u201cVittoria importante, contento per il gol. Spogliatoio? Dette cose\u2026.\u201d"},"content":{"rendered":"<p>Le parole del match winner Santiago Castro a Sky<\/p>\n<p>Cos\u00ec Santiago <strong>Castro<\/strong> a Sky al termine di <strong>Brann-Bologna<\/strong> 0-1, decisa da un suo gol in apertura:<\/p>\n<p>\u201cSono contento per la vittoria e contento per il primo gol in Europa, ma il turno non \u00e8 finito e sappiamo che in casa non sar\u00e0 facile. Con questo campo non potevamo fare molto di pi\u00f9, abbiamo fatto la partita giusta e portato a casa una vittoria importante. Siamo rimasti uniti nella difficolt\u00e0, si sono dette tante cose non vere e adesso dobbiamo ripartire tutti assieme. Dove posso migliorare? Sono giovane, devo ancora migliorare tutto e ascoltare i giocatori pi\u00f9 esperti che mi danno sempre tanti consigli. Il mister mi dice sempre che l&#8217;attaccante fa giocare bene la squadra&#8221;.<\/p>\n<p class=\"is-copyright\">\u00a9 RIPRODUZIONE RISERVATA<\/p>\n","protected":false},"excerpt":{"rendered":"Le parole del match winner Santiago Castro a Sky Cos\u00ec Santiago Castro a Sky al termine di Brann-Bologna&hellip;\n","protected":false},"author":3,"featured_media":361444,"comment_status":"","ping_status":"","sticky":false,"template":"","format":"standard","meta":{"footnotes":"","_share_on_mastodon":"0"},"categories":[1452],"tags":[721,2712,209123,4972,73895,122,136679,1740,1976,1537,90,89,1739,245,244,2224],"class_list":["post-361443","post","type-post","status-publish","format-standard","has-post-thumbnail","category-calcio","tag-calcio","tag-castro","tag-castro-sky","tag-contento","tag-contento-gol","tag-cose","tag-dette","tag-football","tag-gol","tag-it","tag-italia","tag-italy","tag-soccer","tag-sport","tag-sports","tag-vittoria"],"share_on_mastodon":{"url":"https:\/\/pubeurope.com\/@it\/116100181858693765","error":""},"_links":{"self":[{"href":"https:\/\/www.europesays.com\/it\/wp-json\/wp\/v2\/posts\/361443","targetHints":{"allow":["GET"]}}],"collection":[{"href":"https:\/\/www.europesays.com\/it\/wp-json\/wp\/v2\/posts"}],"about":[{"href":"https:\/\/www.europesays.com\/it\/wp-json\/wp\/v2\/types\/post"}],"author":[{"embeddable":true,"href":"https:\/\/www.europesays.com\/it\/wp-json\/wp\/v2\/users\/3"}],"replies":[{"embeddable":true,"href":"https:\/\/www.europesays.com\/it\/wp-json\/wp\/v2\/comments?post=361443"}],"version-history":[{"count":0,"href":"https:\/\/www.europesays.com\/it\/wp-json\/wp\/v2\/posts\/361443\/revisions"}],"wp:featuredmedia":[{"embeddable":true,"href":"https:\/\/www.europesays.com\/it\/wp-json\/wp\/v2\/media\/361444"}],"wp:attachment":[{"href":"https:\/\/www.europesays.com\/it\/wp-json\/wp\/v2\/media?parent=361443"}],"wp:term":[{"taxonomy":"category","embeddable":true,"href":"https:\/\/www.europesays.com\/it\/wp-json\/wp\/v2\/categories?post=361443"},{"taxonomy":"post_tag","embeddable":true,"href":"https:\/\/www.europesays.com\/it\/wp-json\/wp\/v2\/tags?post=361443"}],"curies":[{"name":"wp","href":"https:\/\/api.w.org\/{rel}","templated":true}]}}