{"id":361498,"date":"2026-02-20T01:19:13","date_gmt":"2026-02-20T01:19:13","guid":{"rendered":"https:\/\/www.europesays.com\/it\/361498\/"},"modified":"2026-02-20T01:19:13","modified_gmt":"2026-02-20T01:19:13","slug":"usa-il-deficit-commerciale-di-beni-al-massimo-storico-i-dazi-per-ora-non-hanno-raggiunto-lobiettivo","status":"publish","type":"post","link":"https:\/\/www.europesays.com\/it\/361498\/","title":{"rendered":"Usa, il deficit commerciale di beni al massimo storico: i dazi (per ora) non hanno raggiunto l\u2019obiettivo"},"content":{"rendered":"<p>Il deficit nel settore delle merci ha raggiunto 1.241 miliardi di dollari, il 2,1% in pi\u00f9 rispetto al 2024. Contando anche i servizi, il divario tra ci\u00f2 che gli Usa vendono e ci\u00f2 che acquistano \u00e8 rimasto quasi invariato<\/p>\n<p class=\"chapter-paragraph\">Il <b>deficit commerciale <\/b>americano a dicembre \u00e8 salito a 70,3 miliardi di dollari rispetto ai 53 miliardi di novembre. Le importazioni sono aumentate del 3,6% a 357,6 miliardi, mentre le esportazioni sono diminuite dell&#8217;1,7% a 287,3 miliardi. In particolare l\u2019export verso il Canada \u00e8 sceso ai minimi dal gennaio 2022. Il 2025 si \u00e8 chiuso con un deficit commerciale di 901,5 miliardi, uno dei maggiori dagli anni \u201960, in calo dello 0,2% rispetto all\u2019anno precedente<b>. Ma se guardiamo solo alla componente beni, il deficit \u00e8 aumentato del 2,1% raggiungendo il massimo storico 1.241 miliardi di dollari nell&#8217;intero 2025<\/b>, secondo i dati pubblicati gioved\u00ec dal Dipartimento del Commercio americano. L\u2019effetto positivo dei dazi, auspicato dal presidente americano Donald Trump, sembra essere gi\u00e0 svanito. Se in una prima fase il deficit sembrava in calo, i dati su anno dicono che non \u00e8 andata davvero cos\u00ec. Almeno finora.<\/p>\n<p class=\"chapter-paragraph\"><b>Un peggioramento che si spiega con un aumento delle importazioni superiore a quello delle esportazioni nell&#8217;arco dell&#8217;intero anno<\/b>, nonostante l&#8217;introduzione delle tariffe. Tariffe che secondo Trump avrebbero dovuto riequilibrare gli scambi commerciali tra gli Stati Uniti e i suoi principali partner, in particolare gli scambi di beni. Dato che sui servizi la bilancia pende nettamente a favore degli Stati Uniti. Obiettivo che, nel primo anno di entrata in vigore dei dazi, non \u00e8 stato raggiunto: nel 2025 infatti le importazioni di beni sono aumentate arrivando a 3.438 miliardi di dollari\u00a0    &#13;<br \/>\n&#13;<br \/>\n&#13;<br \/>\n&#13;<br \/>\n&#13;<br \/>\n&#13;<br \/>\n&#13;<br \/>\n&#13;<br \/>\n&#13;<br \/>\n&#13;<br \/>\n&#13;<br \/>\n&#13;<br \/>\n&#13;<br \/>\n&#13;<br \/>\n&#13;<br \/>\n&#13;<br \/>\n&#13;<br \/>\n&#13;<br \/>\n&#13;<br \/>\n&#13;<br \/>\n&#13;<br \/>\n&#13;<br \/>\n&#13;<br \/>\n&#13;<br \/>\n&#13;<br \/>\n&#13;<br \/>\n&#13;<br \/>\n&#13;<br \/>\n&#13;<br \/>\n&#13;<br \/>\n&#13;<br \/>\n&#13;<br \/>\n&#13;<br \/>\n&#13;<br \/>\n&#13;<br \/>\n&#13;<br \/>\n&#13;<br \/>\n&#13;<br \/>\n&#13;<br \/>\n&#13;<br \/>\n&#13;<br \/>\n&#13;<br \/>\n&#13;<br \/>\n&#13;<br \/>\n&#13;<br \/>\n&#13;<br \/>\n&#13;<br \/>\n&#13;<br \/>\n&#13;<br \/>\n&#13;<br \/>\n&#13;<br \/>\n&#13;<br \/>\n&#13;\n<\/p>\n<p class=\"chapter-paragraph\"><b>Unione europea, Cina e Messico sono le tre aree con cui gli Stati Uniti presentano il deficit commerciale pi\u00f9 elevato, seguite da Vietnam e Taiwan<\/b>. Nel caso dell&#8217;Ue, il deficit commerciale annuo degli Usa ha raggiunto i 218,8 miliardi di dollari ed \u00e8 stato particolarmente concentrato negli scambi con quattro paesi: Germania, Francia, Irlanda e Italia. Al contrario, gli Stati Uniti hanno generato un surplus commerciale con i paesi del Benelux, principalmente con i Paesi Bassi. Al di fuori dell&#8217;Ue, lo stesso \u00e8 avvenuto anche negli scambi con il Regno Unito.<\/p>\n<p class=\"is-last-update\" datetime=\"2026-02-19T17:41:20+01:00\">19 febbraio 2026<\/p>\n<p class=\"is-copyright\">\n            \u00a9 RIPRODUZIONE RISERVATA\n        <\/p>\n","protected":false},"excerpt":{"rendered":"Il deficit nel settore delle merci ha raggiunto 1.241 miliardi di dollari, il 2,1% in pi\u00f9 rispetto al&hellip;\n","protected":false},"author":3,"featured_media":361499,"comment_status":"","ping_status":"","sticky":false,"template":"","format":"standard","meta":{"footnotes":"","_share_on_mastodon":"0"},"categories":[172],"tags":[178,536,101030,3832,177,723,483,3715,728,3706,9953,16934,209130,3761,25754,3886,6549,18521,1537,90,89,857,4411,1270,17239,3414,410],"class_list":["post-361498","post","type-post","status-publish","format-standard","has-post-thumbnail","category-affari","tag-affari","tag-americano","tag-aumentate","tag-beni","tag-business","tag-calo","tag-cio","tag-commerciale","tag-dati","tag-dazi","tag-dazi-raggiunto","tag-deficit","tag-deficit-commerciale","tag-dollari","tag-dollari-rispetto","tag-esportazioni","tag-importazioni","tag-intero","tag-it","tag-italia","tag-italy","tag-paesi","tag-raggiunto","tag-rispetto","tag-scambi","tag-uniti","tag-usa"],"share_on_mastodon":{"url":"https:\/\/pubeurope.com\/@it\/116100331181600620","error":""},"_links":{"self":[{"href":"https:\/\/www.europesays.com\/it\/wp-json\/wp\/v2\/posts\/361498","targetHints":{"allow":["GET"]}}],"collection":[{"href":"https:\/\/www.europesays.com\/it\/wp-json\/wp\/v2\/posts"}],"about":[{"href":"https:\/\/www.europesays.com\/it\/wp-json\/wp\/v2\/types\/post"}],"author":[{"embeddable":true,"href":"https:\/\/www.europesays.com\/it\/wp-json\/wp\/v2\/users\/3"}],"replies":[{"embeddable":true,"href":"https:\/\/www.europesays.com\/it\/wp-json\/wp\/v2\/comments?post=361498"}],"version-history":[{"count":0,"href":"https:\/\/www.europesays.com\/it\/wp-json\/wp\/v2\/posts\/361498\/revisions"}],"wp:featuredmedia":[{"embeddable":true,"href":"https:\/\/www.europesays.com\/it\/wp-json\/wp\/v2\/media\/361499"}],"wp:attachment":[{"href":"https:\/\/www.europesays.com\/it\/wp-json\/wp\/v2\/media?parent=361498"}],"wp:term":[{"taxonomy":"category","embeddable":true,"href":"https:\/\/www.europesays.com\/it\/wp-json\/wp\/v2\/categories?post=361498"},{"taxonomy":"post_tag","embeddable":true,"href":"https:\/\/www.europesays.com\/it\/wp-json\/wp\/v2\/tags?post=361498"}],"curies":[{"name":"wp","href":"https:\/\/api.w.org\/{rel}","templated":true}]}}