{"id":361882,"date":"2026-02-20T07:56:06","date_gmt":"2026-02-20T07:56:06","guid":{"rendered":"https:\/\/www.europesays.com\/it\/361882\/"},"modified":"2026-02-20T07:56:06","modified_gmt":"2026-02-20T07:56:06","slug":"cindy-crawford-sessantanni-al-top-cinque-curiosita-che-non-sapete-sulla-regina-delle-passerelle","status":"publish","type":"post","link":"https:\/\/www.europesays.com\/it\/361882\/","title":{"rendered":"Cindy Crawford, sessant&#8217;anni al top: cinque curiosit\u00e0 che non sapete sulla regina delle passerelle"},"content":{"rendered":"<p>Nella primavera del 1991 la modella aveva chiuso la sfilata Autunno-inverno 1991 di <a href=\"https:\/\/www.vanityfair.it\/topic\/versace\" isautogenerated=\"true\" rel=\"nofollow noopener\" target=\"_blank\">Versace<\/a> cantando <strong>Freedom!<\/strong> di George Michael, accanto a Linda, Naomi e Christy: un momento che ha segnato per sempre la pop culture attirando grande attenzione sulla casa di moda italiana. Qualche mese dopo, in occasione della cerimonia per la consegna degli Oscar, la top model chiede al brand di realizzare per lei una versione color rubino di un abito parte di quella stessa collezione, che in origine era nero. Posa davanti ai paparazzi accanto a <strong>Richard Gere<\/strong>, all&#8217;epoca suo compagno. Il vestito rosso fuoco, impreziosito da una profonda scollatura e uno spacco che lascia intravvedere le gambe, passa alla storia. \u00c8 la prima volta che il brand arriva sul red carpet (dominato da <a href=\"https:\/\/www.vanityfair.it\/topic\/giorgio-armani\" isautogenerated=\"true\" rel=\"nofollow noopener\" target=\"_blank\">Giorgio Armani<\/a>) ed \u00e8 un vero successo. L&#8217;iconico outfit fu in seguito venduto all&#8217;asta organizzata da Anna Wintour nel 1999 a favore dell&#8217;American Foundation for AIDS Research (Crawford <a href=\"https:\/\/www.vogue.co.uk\/article\/cindy-crawford-oscars-dress\" target=\"_blank\" rel=\"nofollow noopener\">raccont\u00f2<\/a> in seguito di essersi pentita di non averlo acquistato lei stessa).<\/p>\n<p>2. All&#8217;inizio della carriera \u00e8 svenuta sul set<\/p>\n<p>Prima del suo cinquantesimo compleanno, la modella pubblic\u00f2 un libro che ripercorreva la sua carriera, dal titolo <strong>Becoming<\/strong>: al suo interno, immagini, aneddoti e lezioni di vita che aveva imparato nel corso del suo lungo percorso professionale. Come, per esempio, l&#8217;importanza di <strong>farsi valere<\/strong> sul lavoro. Racconta, infatti, che ad appena 18 anni fu ingaggiata da Vogue per uno shooting alle Bermuda. Gli scatti erano in gran parte ambientati nella Spa di un hotel e, per uno in particolare, fu invitata a entrare in sauna. L&#8217;idea era quella di fotografarla attraverso il vetro ma fu lasciata all&#8217;interno cos\u00ec a lungo che inizi\u00f2 a girarle la testa. Troppo timida per lamentarsi, aspett\u00f2 finch\u00e9, notando che il fotografo si attardava, chiese di uscire e svenne seduta stante per il caldo eccessivo.<\/p>\n<p><img decoding=\"async\" alt=\"Cindy Crawford nel 1995 alla silata Herve Leger durante la fashion week parigina.\" loading=\"lazy\" class=\"ResponsiveImageContainer-eNxvmU cfBbTk responsive-image__image\"   src=\"https:\/\/www.europesays.com\/it\/wp-content\/uploads\/2026\/02\/GettyImages-980992940.jpg\"\/><\/p>\n<p>Cindy Crawford nel 1995 alla silata Herve Leger durante la fashion week parigina.<\/p>\n<p>Images Press\/Getty Images<\/p>\n<p>3. Carlo Magno fa parte del suo albero genealogico<\/p>\n<p>Nel 2013, Cindy Crawford partecipa al popolare programma TV, prodotto dalla BBC, <strong>Who Do You Think You Are<\/strong>, che traccia la genealogia dei celebri ospiti, da <a href=\"https:\/\/www.vanityfair.it\/topic\/kate-winslet\" isautogenerated=\"true\" rel=\"nofollow noopener\" target=\"_blank\">Kate Winslet<\/a> a Olivia Coleman. Nel caso della modella, ricostruisce a ritroso la storia della sua famiglia, approdata negli Stati Uniti dal continente europeo. Tornando indietro di dodici secoli, si scopre che, oltre a essere imparentata con conti e duchi la top model \u00e8 una discendente di Bernardo d&#8217;Italia, re dei Longobardi e\u2026 nipote di <strong>Carlo Magno<\/strong>. \u00abNon male per una semplice ragazza di campagna del Midwest!\u00bb ha esclamato, rivolta al presentatore, una volta fatta la scoperta.<\/p>\n<p>4. Per le sue nozze ha scelto un dress code decisamente informale<\/p>\n","protected":false},"excerpt":{"rendered":"Nella primavera del 1991 la modella aveva chiuso la sfilata Autunno-inverno 1991 di Versace cantando Freedom! di George&hellip;\n","protected":false},"author":3,"featured_media":361883,"comment_status":"","ping_status":"","sticky":false,"template":"","format":"standard","meta":{"footnotes":"","_share_on_mastodon":"0"},"categories":[1451],"tags":[1621,1620,118864,203,204,1537,90,89,17135],"class_list":["post-361882","post","type-post","status-publish","format-standard","has-post-thumbnail","category-celebrita","tag-celebrita","tag-celebrities","tag-cindy-crawford","tag-entertainment","tag-intrattenimento","tag-it","tag-italia","tag-italy","tag-modelle"],"share_on_mastodon":{"url":"https:\/\/pubeurope.com\/@it\/116101892301083903","error":""},"_links":{"self":[{"href":"https:\/\/www.europesays.com\/it\/wp-json\/wp\/v2\/posts\/361882","targetHints":{"allow":["GET"]}}],"collection":[{"href":"https:\/\/www.europesays.com\/it\/wp-json\/wp\/v2\/posts"}],"about":[{"href":"https:\/\/www.europesays.com\/it\/wp-json\/wp\/v2\/types\/post"}],"author":[{"embeddable":true,"href":"https:\/\/www.europesays.com\/it\/wp-json\/wp\/v2\/users\/3"}],"replies":[{"embeddable":true,"href":"https:\/\/www.europesays.com\/it\/wp-json\/wp\/v2\/comments?post=361882"}],"version-history":[{"count":0,"href":"https:\/\/www.europesays.com\/it\/wp-json\/wp\/v2\/posts\/361882\/revisions"}],"wp:featuredmedia":[{"embeddable":true,"href":"https:\/\/www.europesays.com\/it\/wp-json\/wp\/v2\/media\/361883"}],"wp:attachment":[{"href":"https:\/\/www.europesays.com\/it\/wp-json\/wp\/v2\/media?parent=361882"}],"wp:term":[{"taxonomy":"category","embeddable":true,"href":"https:\/\/www.europesays.com\/it\/wp-json\/wp\/v2\/categories?post=361882"},{"taxonomy":"post_tag","embeddable":true,"href":"https:\/\/www.europesays.com\/it\/wp-json\/wp\/v2\/tags?post=361882"}],"curies":[{"name":"wp","href":"https:\/\/api.w.org\/{rel}","templated":true}]}}