{"id":361935,"date":"2026-02-20T08:36:11","date_gmt":"2026-02-20T08:36:11","guid":{"rendered":"https:\/\/www.europesays.com\/it\/361935\/"},"modified":"2026-02-20T08:36:11","modified_gmt":"2026-02-20T08:36:11","slug":"addio-a-eric-dane-la-star-di-greys-anatomy-ed-euphoria-ci-ha-lasciati-aveva-53-anni-e-da-tempo-lottava-contro-la-sla","status":"publish","type":"post","link":"https:\/\/www.europesays.com\/it\/361935\/","title":{"rendered":"Addio a Eric Dane. La star di Grey&#8217;s Anatomy ed Euphoria ci ha lasciati: aveva 53 anni e da tempo lottava contro la Sla"},"content":{"rendered":"<p class=\"has-dropcap\">Addio dottor Mark Sloan. <strong>Eric Dane<\/strong>, la star di Grey&#8217;s Anatomy ed Euphoria, ci ha lasciati a 53 anni. Da tempo <a href=\"https:\/\/www.vanityfair.it\/article\/eric-dane-battaglia-sla-combattero-ultimo-respiro-figlie-vederle-crescere\" rel=\"nofollow noopener\" target=\"_blank\">era malato di Sla<\/a> ed era impegnato a sensibilizzare e sostenere la ricerca. A dare la notizia \u00e8 stata la sua famiglia con un comunicato al settimanale americano People. \u00abCi mancher\u00e0 profondamente e sar\u00e0 ricordato con affetto per sempre\u00bb, ha fatto sapere.<\/p>\n<p><strong>Eric Dane era diventato famoso interpretando il dottor Mark Sloan nella serie tv Grey\u2019s Anatomy.<\/strong> In seguito aveva interpretato <strong>Cal Jacobs in Euphoria<\/strong>. Aveva anche recitato in The Last Ship.<\/p>\n<p>L\u2019attore ha trascorso i suoi ultimi momenti circondato dall\u2019affetto delle persone a lui pi\u00f9 care. <strong>Lascia due figlie e la moglie Rebecca Gayheart,<\/strong> che ha fatto sapere: \u00abEric adorava i suoi fan ed \u00e8 per sempre grato per l\u2019ondata di amore e sostegno che ha ricevuto\u00bb. La famiglia di Eric Dane ha chiesto rispetto della privacy mentre affronta questo momento terribile.<\/p>\n<p>Anche l\u2019associazione I AM ALS ha condiviso di essere \u00abcon il cuore spezzato\u00bb per la morte di Dane. <strong>\u00abEric ha portato umilt\u00e0, umorismo e visibilit\u00e0 alla Sla e ha ricordato al mondo che il progresso \u00e8 possibile quando rifiutiamo di restare in silenzio\u00bb,<\/strong> ha fatto sapere l\u2019organizzazione a Page Six, \u00abEric era pi\u00f9 di un sostenitore della nostra missione, era parte della nostra famiglia. Il suo impatto continuer\u00e0 a vivere nella ricerca che viene finanziata, nelle politiche che vengono promosse e nella comunit\u00e0 che ha contribuito a far crescere grazie alla sua onest\u00e0, al suo coraggio e alla sua fiducia in un futuro migliore per chiunque debba affrontare questa diagnosi\u00bb.<\/p>\n<p><strong>Eric Dane aveva annunciato di essere malato di Sla lo scorso aprile<\/strong>. \u00abSono grato di avere la mia amorevole famiglia al mio fianco mentre affrontiamo questo nuovo capitolo. E sono fortunato di poter continuare a lavorare\u00bb, aveva detto, spiegando che sarebbe tornato sul set della terza stagione di Euphoria e di essere \u00abentusiasta di riprendere la parte di Cal Jacobs\u00bb.<\/p>\n","protected":false},"excerpt":{"rendered":"Addio dottor Mark Sloan. Eric Dane, la star di Grey&#8217;s Anatomy ed Euphoria, ci ha lasciati a 53&hellip;\n","protected":false},"author":3,"featured_media":361936,"comment_status":"","ping_status":"","sticky":false,"template":"","format":"standard","meta":{"footnotes":"","_share_on_mastodon":"0"},"categories":[6],"tags":[14,91260,8,1537,90,89,7,15,82,9,83,10,13,11,80,84,12,81,85],"class_list":["post-361935","post","type-post","status-publish","format-standard","has-post-thumbnail","category-ultime-notizie","tag-cronaca","tag-eric-dane","tag-headlines","tag-it","tag-italia","tag-italy","tag-news","tag-notizie","tag-notizie-di-cronaca","tag-notizie-principali","tag-notiziedicronaca","tag-notizieprincipali","tag-titoli","tag-ultime-notizie","tag-ultime-notizie-di-cronaca","tag-ultime-notizie-e-news-di-oggi","tag-ultimenotizie","tag-ultimenotiziedicronaca","tag-ultimenotizieenewsdioggi"],"share_on_mastodon":{"url":"https:\/\/pubeurope.com\/@it\/116102049458186706","error":""},"_links":{"self":[{"href":"https:\/\/www.europesays.com\/it\/wp-json\/wp\/v2\/posts\/361935","targetHints":{"allow":["GET"]}}],"collection":[{"href":"https:\/\/www.europesays.com\/it\/wp-json\/wp\/v2\/posts"}],"about":[{"href":"https:\/\/www.europesays.com\/it\/wp-json\/wp\/v2\/types\/post"}],"author":[{"embeddable":true,"href":"https:\/\/www.europesays.com\/it\/wp-json\/wp\/v2\/users\/3"}],"replies":[{"embeddable":true,"href":"https:\/\/www.europesays.com\/it\/wp-json\/wp\/v2\/comments?post=361935"}],"version-history":[{"count":0,"href":"https:\/\/www.europesays.com\/it\/wp-json\/wp\/v2\/posts\/361935\/revisions"}],"wp:featuredmedia":[{"embeddable":true,"href":"https:\/\/www.europesays.com\/it\/wp-json\/wp\/v2\/media\/361936"}],"wp:attachment":[{"href":"https:\/\/www.europesays.com\/it\/wp-json\/wp\/v2\/media?parent=361935"}],"wp:term":[{"taxonomy":"category","embeddable":true,"href":"https:\/\/www.europesays.com\/it\/wp-json\/wp\/v2\/categories?post=361935"},{"taxonomy":"post_tag","embeddable":true,"href":"https:\/\/www.europesays.com\/it\/wp-json\/wp\/v2\/tags?post=361935"}],"curies":[{"name":"wp","href":"https:\/\/api.w.org\/{rel}","templated":true}]}}