{"id":362100,"date":"2026-02-20T11:00:13","date_gmt":"2026-02-20T11:00:13","guid":{"rendered":"https:\/\/www.europesays.com\/it\/362100\/"},"modified":"2026-02-20T11:00:13","modified_gmt":"2026-02-20T11:00:13","slug":"firenze-empoli-domani-31-squadre-al-via-della-classica-toscana","status":"publish","type":"post","link":"https:\/\/www.europesays.com\/it\/362100\/","title":{"rendered":"FIRENZE-EMPOLI, DOMANI 31 SQUADRE AL VIA DELLA CLASSICA TOSCANA"},"content":{"rendered":"<p>            <a class=\"category\" href=\"https:\/\/www.tuttobiciweb.it\/articles\/category\/DILETTANTI\" itemprop=\"about\" rel=\"nofollow noopener\" target=\"_blank\">DILETTANTI<\/a> | 20\/02\/2026 | 08:12<br \/>\n            <a class=\"author\" href=\"https:\/\/www.tuttobiciweb.it\/articles\/author\/Antonio%20Mannori\" rel=\"nofollow noopener\" target=\"_blank\">di Antonio Mannori<\/a><\/p>\n<p><strong>Trentuno squadre e 186 atleti per un altro grande successo della Firenze-Empoli<\/strong>, classica nazionale per \u00e9lite e under 23 della quale <strong>sabato 21 febbraio si corre la trentanovesima edizione.<\/strong> La gara ricorder\u00e0 lo storico presidente della societ\u00e0 organizzatrice Renzo Maltinti, oltre a Lorenzo Parenti, alla cui memoria al passaggio da Fibbiana \u00e8 previsto uno speciale traguardo volante. Il via alle 11,45 dal Piazzale Michelangelo a Firenze, quello ufficiale a mezzogiorno da Galluzzo, quindi S.Casciano, Cerbaia, Montelupo, Empoli dopo 41 Km. Qui inizia il circuito di Km 16,900 da ripetere cinque volte con le salite di Monteboro e Monterappoli, mentre il sesto e ultimo giro sar\u00e0 di 23 chilometri con la salita \u201cLa Casetta\u201d a 4 km dall\u2019arrivo previsto su via Carraia di fronte alla Maltinti dopo 149 chilometri tra le 15,30 e le 16.\n            <\/p>\n<p><strong>PRINCIPALI ISCRITTI:<\/strong> Tra gli iscritti spiccano il vincitore della Coppa San Geo di sabato scorso Arrighetti, Buda, Favero, Basso, Quaranta, Attolini, Drei, Fede, Palomba, e tre atleti locali, Lorenzo Magli di Fibbiana, Riccardo Lorello di Limite sull\u2019Arno e l\u2019empolese Andrea Biancalani. Per la Firenze-Empoli (nel 2025 s\u2019impose l\u2019inglese Ben Granger), anche un tocco di internazionalit\u00e0 per la presenza degli svizzeri del V.C. Mendrisio, i francesi dell\u2019U.C. Monaco e la nazionale dell\u2019Ucraina.\n            <\/p>\n<p><a href=\"https:\/\/www.tuttobiciweb.it\/article\/2026\/02\/20\/1771519886\/cycling-florence-empoli-elite-race?lang=en\" rel=\"nofollow noopener\" target=\"_blank\"><img decoding=\"async\" src=\"https:\/\/www.europesays.com\/it\/wp-content\/uploads\/2025\/12\/enver.png\"\/><\/a><\/p>\n<p>Copyright &amp;copy TBW<\/p>\n","protected":false},"excerpt":{"rendered":"DILETTANTI | 20\/02\/2026 | 08:12 di Antonio Mannori Trentuno squadre e 186 atleti per un altro grande successo&hellip;\n","protected":false},"author":3,"featured_media":362101,"comment_status":"","ping_status":"","sticky":false,"template":"","format":"standard","meta":{"footnotes":"","_share_on_mastodon":"0"},"categories":[1456],"tags":[1824,1825,209519,20437,1537,90,89,245,244],"class_list":["post-362100","post","type-post","status-publish","format-standard","has-post-thumbnail","category-ciclismo","tag-ciclismo","tag-cycling","tag-firenze-empoli","tag-gara-elite","tag-it","tag-italia","tag-italy","tag-sport","tag-sports"],"share_on_mastodon":{"url":"https:\/\/pubeurope.com\/@it\/116102615925738900","error":""},"_links":{"self":[{"href":"https:\/\/www.europesays.com\/it\/wp-json\/wp\/v2\/posts\/362100","targetHints":{"allow":["GET"]}}],"collection":[{"href":"https:\/\/www.europesays.com\/it\/wp-json\/wp\/v2\/posts"}],"about":[{"href":"https:\/\/www.europesays.com\/it\/wp-json\/wp\/v2\/types\/post"}],"author":[{"embeddable":true,"href":"https:\/\/www.europesays.com\/it\/wp-json\/wp\/v2\/users\/3"}],"replies":[{"embeddable":true,"href":"https:\/\/www.europesays.com\/it\/wp-json\/wp\/v2\/comments?post=362100"}],"version-history":[{"count":0,"href":"https:\/\/www.europesays.com\/it\/wp-json\/wp\/v2\/posts\/362100\/revisions"}],"wp:featuredmedia":[{"embeddable":true,"href":"https:\/\/www.europesays.com\/it\/wp-json\/wp\/v2\/media\/362101"}],"wp:attachment":[{"href":"https:\/\/www.europesays.com\/it\/wp-json\/wp\/v2\/media?parent=362100"}],"wp:term":[{"taxonomy":"category","embeddable":true,"href":"https:\/\/www.europesays.com\/it\/wp-json\/wp\/v2\/categories?post=362100"},{"taxonomy":"post_tag","embeddable":true,"href":"https:\/\/www.europesays.com\/it\/wp-json\/wp\/v2\/tags?post=362100"}],"curies":[{"name":"wp","href":"https:\/\/api.w.org\/{rel}","templated":true}]}}