{"id":362143,"date":"2026-02-20T11:35:11","date_gmt":"2026-02-20T11:35:11","guid":{"rendered":"https:\/\/www.europesays.com\/it\/362143\/"},"modified":"2026-02-20T11:35:11","modified_gmt":"2026-02-20T11:35:11","slug":"ribaltone-a-rai-sport-passo-indietro-di-petrecca-il-direttore-si-dimette-a-giorni-la-commissione-di-vigilanza-con-lad-rossi","status":"publish","type":"post","link":"https:\/\/www.europesays.com\/it\/362143\/","title":{"rendered":"Ribaltone a Rai Sport, passo indietro di Petrecca: il direttore si dimette. A giorni la Commissione di vigilanza con l&#8217;Ad Rossi"},"content":{"rendered":"<p>    di<br \/>\n    Antonella Baccaro<\/p>\n<p class=\"summary-art is-line-h-12\">La guida ad interim della testata passa al vice Marco Lollobrigida<\/p>\n<p class=\"chapter-paragraph\">Un laconico comunicato, lanciato ieri, a met\u00e0 mattinata, da \u00abfonti Rai\u00bb, ha sancito<b> la fine della direzione di Rai Sport di Paolo Petrecca che si \u00e8 dimesso<\/b>. O, pi\u00f9 probabilmente, <b>\u00e8 stato \u00abdimissionato\u00bb dall\u2019azienda<\/b>. La decorrenza \u00e8 prevista per  la fine dei <b>Giochi Olimpici<\/b>, ma la comunicazione sarebbe stata anticipata  per rasserenare gli animi a gare  in corso e con Sanremo  alle porte.<\/p>\n<p class=\"chapter-paragraph\">Non era bastato infatti che la telecronaca della cerimonia finale dei Giochi, domenica prossima, <a href=\"https:\/\/www.corriere.it\/sport\/olimpiadi-invernali\/26_febbraio_14\/bulbarelli-telecronaca-cerimonia-chiusura-olimpiadi-44401fc9-beda-4694-8113-f825f0264xlk.shtml\" target=\"_blank\" rel=\"nofollow noopener\">fosse stata riassegnata ad <b>Auro Bulbarelli<\/b><\/a>, dopo la fallimentare prova di Petrecca, per rassicurare la redazione. Alla vigilia del cda di ieri, infatti, il Cdr di Rai Sport aveva gi\u00e0 lanciato la procedura che preparava lo sciopero  alla fine delle competizioni sportive. Le dimissioni di Petrecca, annunciate da Rossi in cda, hanno prodotto un primo effetto. Il Cdr ha sospeso la procedura in attesa di incontrare l\u2019ad marted\u00ec prossimo, a Giochi conclusi. L\u2019interim \u00e8 stato affidato al vice di Petrecca, <b>Marco Lollobrigida<\/b>, all\u2019insegna della continuit\u00e0.    &#13;<br \/>\n&#13;<br \/>\n&#13;<br \/>\n&#13;<br \/>\n&#13;<br \/>\n&#13;<br \/>\n&#13;<br \/>\n&#13;<br \/>\n&#13;<br \/>\n&#13;<br \/>\n&#13;<br \/>\n&#13;<br \/>\n&#13;<br \/>\n&#13;<br \/>\n&#13;<br \/>\n&#13;<br \/>\n&#13;<br \/>\n&#13;<br \/>\n&#13;<br \/>\n&#13;<br \/>\n&#13;<br \/>\n&#13;<br \/>\n&#13;<br \/>\n&#13;<br \/>\n&#13;<br \/>\n&#13;<br \/>\n&#13;<br \/>\n&#13;<br \/>\n&#13;<br \/>\n&#13;<br \/>\n&#13;<br \/>\n&#13;<br \/>\n&#13;<br \/>\n&#13;<br \/>\n&#13;<br \/>\n&#13;<br \/>\n&#13;<br \/>\n&#13;<br \/>\n&#13;<br \/>\n&#13;<br \/>\n&#13;<br \/>\n&#13;<br \/>\n&#13;<br \/>\n&#13;<br \/>\n&#13;<br \/>\n&#13;<br \/>\n&#13;<br \/>\n&#13;<br \/>\n&#13;<br \/>\n&#13;<br \/>\n&#13;<br \/>\n&#13;<br \/>\n&#13;\n<\/p>\n<p class=\"chapter-paragraph\">Chi non l\u2019ha presa bene \u00e8 stato Petrecca, che<b> su Instagram ha pubblicato un post, richiamando il passo 26,20-29 del Vangelo di Matteo<\/b>, nel quale Ges\u00f9 annuncia il tradimento di Giuda durante l\u2019ultima cena. Dunque qualcuno, secondo l\u2019ex direttore, lo avrebbe abbandonato. Intanto il Cdr di Rai Sport in una nota rivolta ai redattori, ha ribadito la richiesta di garanzie \u00abanche in relazione ai prossimi importanti appuntamenti internazionali\u00bb. E pi\u00f9 precisamente di<b> \u00abuna guida capace di affrontare le sfide che attendono la redazione\u00bb<\/b>. Una formula che non pare esattamente un viatico per un\u2019eventuale conferma di Lollobrigida dopo l\u2019interim.<\/p>\n<p class=\"chapter-paragraph\">Anche l\u2019Usigrai ha commentato l\u2019avvicendamento: \u00abPetrecca si \u00e8 assunto le sue responsabilit\u00e0. Non cos\u00ec i vertici aziendali, principali responsabili della scelta di affidare, e confermare, la gestione della testata sportiva nell\u2019anno delle Olimpiadi a un direttore sfiduciato per tre volte in pochi mesi\u00bb. <br \/>Insomma <b>nel mirino restano i vertici perch\u00e9 i fronti aperti sono tanti<\/b>. Come quello dei <b>precari neoassunti con concorso<\/b> e destinati alle sedi locali della Rai, pur avendo finora lavorato in importanti redazioni d\u2019inchiesta, come Report. Una scelta letta come un tentativo di smantellare programmi che pungolano il governo. E poi c\u2019\u00e8 la nuova \u00abstriscia\u00bb  che ieri \u00e8 stata definitivamente assegnata in cda a Tommaso Cerno, direttore de Il Giornale.\u00a0<\/p>\n<p class=\"chapter-paragraph\">Una decisione contro cui hanno votato i consiglieri di opposizione, <b>Alessandro Di Majo, Davide Di Pietro e Roberto Natale<\/b>, perch\u00e9 si tratta dell\u2019ennesima risorsa esterna e perch\u00e9 Cerno \u00e8 \u00abautore di attacchi a programmi Rai\u00bb. I tre consiglieri giudicano \u00abun autogol\u00bb che l\u2019azienda avrebbe potuto evitare, la direzione di Petrecca.<\/p>\n<p class=\"chapter-paragraph\">Tornando alle dimissioni, le opposizioni le hanno ben accolte. Ma le definisce \u00abtardive\u00bb il capogruppo pd in Vigilanza,<b> Stefano Graziano<\/b>. Che osserva: \u00abPetrecca \u00e8 l\u2019emblema di <b>TeleMeloni <\/b>e del metodo con cui il governo ha privilegiato logiche di appartenenza e vicinanza politica rispetto al merito e alla valorizzazione delle professionalit\u00e0 interne\u00bb. Mentre il capogruppo di Avs,  Peppe De Cristofaro, preferisce ironizzare: \u00abPetrecca fa il martire, perch\u00e9 evidentemente si sente tradito dai fratelli e dalle sorelle d\u2019Italia che in tutti questi anni lo hanno sempre difeso e che ora invece lo hanno lasciato solo\u00bb dice, alludendo al post.<\/p>\n<p class=\"chapter-paragraph\">Promette di affrontare il tema in Vigilanza la presidente <b>Barbara Floridia<\/b> (M5S): \u00abL\u201911 marzo abbiamo convocato l\u2019ad Rossi e sicuramente ci sar\u00e0 l\u2019opportunit\u00e0 di parlarne finalmente nella sede opportuna\u00bb. Ma sul percorso dell\u2019audizione ieri<b> si sono messi di traverso i partiti di maggioranza<\/b>. Che hanno inviato una lettera a Floridia sostenendo che l\u2019audizione non potr\u00e0 esserci se la convocazione di Rossi non passer\u00e0 attraverso quella dell\u2019Ufficio di presidenza.  Floridia risponde: \u00abIeri ho ricevuto la richiesta da parte della maggioranza di convocare l&#8217;ufficio di presidenza. Richiesta che ho prontamente accolto. Mercoled\u00ec infatti ci sar\u00e0 un Ufficio di presidenza.<br \/>Lo avevo gi\u00e0 detto al <b>Presidente La Russa<\/b>, posso solo essere contenta se l&#8217;audizione di Rossi sar\u00e0 condivisa\u00bb.<\/p>\n<p class=\"is-mr-t-20 is-mr-b-20\"><b><br \/>\n                    <a href=\"https:\/\/roma.corriere.it\/?intcmp=Notizielocali_nd_010623_corriere_ss_roma\" target=\"_blank\" rel=\"nofollow noopener\">Vai a tutte le notizie di Roma<\/a><br \/>\n            <\/b><\/p>\n<p class=\"chapter-paragraph\"><b><a href=\"https:\/\/www.corriere.it\/newsletter\/?theme=52&amp;intcmp=NL-artic_nd_050624_corriere_ss_roma\" target=\"_blank\" rel=\"nofollow noopener\">Iscriviti alla newsletter di Corriere Roma<\/a><\/b><\/p>\n<p class=\"is-last-update\" datetime=\"2026-02-20T10:57:05+01:00\">20 febbraio 2026<\/p>\n<p class=\"is-copyright\">\n            \u00a9 RIPRODUZIONE RISERVATA\n        <\/p>\n","protected":false},"excerpt":{"rendered":"di Antonella Baccaro La guida ad interim della testata passa al vice Marco Lollobrigida Un laconico comunicato, lanciato&hellip;\n","protected":false},"author":3,"featured_media":362144,"comment_status":"","ping_status":"","sticky":false,"template":"","format":"standard","meta":{"footnotes":"","_share_on_mastodon":"0"},"categories":[1444],"tags":[34442,209542,5649,101102,4072,7403,1415,179966,209540,209541,87418,1416,277,476,1109,274,203,202314,4421,3453,2666,13969,204,1537,90,89,959,9862,22,4047,208769,68,199488,978,135,32027,23749,9008,2848,146611,7163,5641,9509,1360,245,18148,253,6318,209539,9262,17530,93093],"class_list":["post-362143","post","type-post","status-publish","format-standard","has-post-thumbnail","category-tv","tag-abbandonato","tag-abbandonato-cdr","tag-affrontare","tag-audizione","tag-azienda","tag-capogruppo","tag-cda","tag-cdr","tag-cdr-rai","tag-cdr-rai-sport","tag-cerno","tag-consiglieri","tag-de","tag-dimissioni","tag-direttore","tag-direzione","tag-entertainment","tag-floridia","tag-giochi","tag-guida","tag-importanti","tag-interim","tag-intrattenimento","tag-it","tag-italia","tag-italy","tag-lanciato","tag-lollobrigida","tag-maggioranza","tag-marco","tag-marco-lollobrigida","tag-passo","tag-petrecca","tag-post","tag-presidente","tag-presidenza","tag-procedura","tag-programmi","tag-rai","tag-rai-sport","tag-redazione","tag-richiesta","tag-rossi","tag-scelta","tag-sport","tag-testata","tag-tv","tag-ufficio","tag-ufficio-presidenza","tag-vertici","tag-vice","tag-vigilanza"],"share_on_mastodon":{"url":"","error":"Validation failed: Text character limit of 500 exceeded"},"_links":{"self":[{"href":"https:\/\/www.europesays.com\/it\/wp-json\/wp\/v2\/posts\/362143","targetHints":{"allow":["GET"]}}],"collection":[{"href":"https:\/\/www.europesays.com\/it\/wp-json\/wp\/v2\/posts"}],"about":[{"href":"https:\/\/www.europesays.com\/it\/wp-json\/wp\/v2\/types\/post"}],"author":[{"embeddable":true,"href":"https:\/\/www.europesays.com\/it\/wp-json\/wp\/v2\/users\/3"}],"replies":[{"embeddable":true,"href":"https:\/\/www.europesays.com\/it\/wp-json\/wp\/v2\/comments?post=362143"}],"version-history":[{"count":0,"href":"https:\/\/www.europesays.com\/it\/wp-json\/wp\/v2\/posts\/362143\/revisions"}],"wp:featuredmedia":[{"embeddable":true,"href":"https:\/\/www.europesays.com\/it\/wp-json\/wp\/v2\/media\/362144"}],"wp:attachment":[{"href":"https:\/\/www.europesays.com\/it\/wp-json\/wp\/v2\/media?parent=362143"}],"wp:term":[{"taxonomy":"category","embeddable":true,"href":"https:\/\/www.europesays.com\/it\/wp-json\/wp\/v2\/categories?post=362143"},{"taxonomy":"post_tag","embeddable":true,"href":"https:\/\/www.europesays.com\/it\/wp-json\/wp\/v2\/tags?post=362143"}],"curies":[{"name":"wp","href":"https:\/\/api.w.org\/{rel}","templated":true}]}}