{"id":362183,"date":"2026-02-20T12:07:10","date_gmt":"2026-02-20T12:07:10","guid":{"rendered":"https:\/\/www.europesays.com\/it\/362183\/"},"modified":"2026-02-20T12:07:10","modified_gmt":"2026-02-20T12:07:10","slug":"beatrice-venezi-alla-fenice-hanno-paura-del-nuovo-gli-abbonati-hanno-piu-di-80-anni-serve-attrarre-altro-pubblico-contro-di-me-sessismo","status":"publish","type":"post","link":"https:\/\/www.europesays.com\/it\/362183\/","title":{"rendered":"Beatrice Venezi: \u00abAlla Fenice hanno paura del nuovo: gli abbonati hanno pi\u00f9 di 80 anni, serve attrarre altro pubblico. Contro di me sessismo\u00bb"},"content":{"rendered":"<p>    di<br \/>\n    Gloria Bertasi<\/p>\n<p class=\"summary-art is-line-h-12\">Venezia, la direttrice del Gran Teatro intervistata in Argentina: \u00abProteste contro di me per attaccare il governo\u00bb. Intanto la Cgil querela il giornalista Andrea Ruggieri: defin\u00ec i musicisti \u00abquattro pippe\u00bb<\/p>\n<p class=\"chapter-paragraph\">Le proteste sulla  nomina \u00ab<b>una questione politica<\/b>\u00bb intrisa di sessismo (\u00abce ne \u00e8 molto in Italia\u00bb) ma anche \u00abun modo per <b>attaccare il  governo<\/b>\u00bb.  Gli abbonati, poi, della <b>Fenice di Venezia<\/b> \u00abhanno pi\u00f9 di <b>ottanta anni<\/b>\u00bb: il nuovo \u00abli spaventa\u00bb. Nove giorni fa, prima e dopo la sua<a href=\"https:\/\/corrieredelveneto.corriere.it\/notizie\/venezia-mestre\/cronaca\/26_febbraio_11\/beatrice-venezi-visita-a-venezia-ma-niente-fenice-lezione-alle-detenute-su-verdi-la-musica-non-guarisce-le-ferite-ma-ci-aiuta-a-e002cf47-2de3-4be6-9b24-d17082f8cxlk.shtml\" rel=\"nofollow noopener\" target=\"_blank\"> lectio magistralis al carcere femminile della Giudecca<\/a>, aveva scelto il <b>silenzio<\/b>. Come, d\u2019altronde, \u00e8 stato dal giorno della sua nomina il 22 settembre 2025 cui, immediatamente, sono seguite  <a href=\"https:\/\/corrieredelveneto.corriere.it\/notizie\/venezia-mestre\/cultura-e-tempo-libero\/26_gennaio_01\/concerto-di-capodanno-alla-fenice-applausi-e-tensioni-tutto-il-coro-con-la-spilla-del-dissenso-per-protestare-contro-la-nomina-e7a6ca22-d926-4ebe-9d69-c7710415axlk.shtml\" rel=\"nofollow noopener\" target=\"_blank\">polemiche e  proteste<\/a>. In quasi cinque mesi, la futura direttrice musicale della Fenice, <a href=\"https:\/\/www.corriere.it\/spettacoli\/26_febbraio_12\/la-direttrice-beatrice-venezi-lezione-su-carmen-e-la-liberta-77a2c546-6f06-4c4a-907e-bb9a72336xlk.shtml\" rel=\"nofollow noopener\" target=\"_blank\">Beatrice Venezi<\/a>, non si \u00e8 mai sbilanciata (a parte la battuta a Pisa sulle spillette degli orchestrali). Fino a tre giorni fa: intervistata da El Clarin, uno dei principali <b>quotidiani argentini<\/b>, alla domanda sulla bufera esplosa alla sua nomina, Venezi, questa volta, ha deciso di replicare e di togliersi qualche sassolino dalle scarpe. E se la <b>spilla di Swarovski<\/b> sfoggiata a Pisa a fine gennaio in risposta alle <b>spillette  \u00abanti-Venezi\u00bb<\/b> con la chiave di violino e il cuore degli orchestrali era sembrata una provocazione, facile che le parole (o meglio, il j\u2019accuse) della direttrice d\u2019orchestra ora scatenino una lunga scia di rimostranze.<\/p>\n<p>    \u00abAlla Fenice abbonati di 80 anni, serve nuovo pubblico\u00bb<\/p>\n<p class=\"chapter-paragraph\">\u00abHo scelto di non reagire, di non parlare, perch\u00e9 mi sono resa conto che in quella societ\u00e0 <b>la verit\u00e0 non interessa a nessuno<\/b> \u2014 spiega Venezi \u2014. Ho scelto di concentrarmi su ci\u00f2 che mi interessa e mi fa stare bene con me stessa, ovvero la <b>musica<\/b>, il mio lavoro. Ci\u00f2 che sono e ci\u00f2 che so fare\u00bb. Ci\u00f2 detto, la direttrice sottolinea: \u00abSono rimasta molto <b>sorpresa <\/b>da tutto <b>l\u2019affetto<\/b> che ho ricevuto da cos\u00ec tante persone. Mi ha dato molta forza\u00bb. Necessaria a fronte di continui attacchi: \u00ab<b>Ho capito di essere nel mezzo di una questione politica<\/b>; era come un modo per attaccare l\u2019attuale governo. C\u2019erano anche le elezioni in Veneto, di cui Venezia fa parte \u2014 spiega a El Carlin \u2014. Oltre a ci\u00f2, era un fattore aggravante il fatto che stessero attaccando una lavoratrice, una donna. C\u2019\u00e8 molto <b>sessismo <\/b>in Italia. Dopo il momento difficile, ho pensato: \u201c<b>Hanno paura del nuovo<\/b>\u201d\u00bb. Eppure, continua,  \u00abVenezia ha bisogno di <b>attrarre nuovi pubblici<\/b> che arrivano dal <b>turismo<\/b>. Gli attuali abbonati hanno pi\u00f9 di 80 anni. Se non proviamo a fare qualcosa di diverso nel mondo dell\u2019arte, dove possiamo farlo? Altrimenti, i teatri diventano musei. <b>Entrer\u00f2 in carica a ottobre<\/b>\u00bb, conclude.    &#13;<br \/>\n&#13;<br \/>\n&#13;<br \/>\n&#13;<br \/>\n&#13;<br \/>\n&#13;<br \/>\n&#13;<br \/>\n&#13;<br \/>\n&#13;<br \/>\n&#13;<br \/>\n&#13;<br \/>\n&#13;<br \/>\n&#13;<br \/>\n&#13;<br \/>\n&#13;<br \/>\n&#13;<br \/>\n&#13;<br \/>\n&#13;<br \/>\n&#13;<br \/>\n&#13;<br \/>\n&#13;<br \/>\n&#13;<br \/>\n&#13;<br \/>\n&#13;<br \/>\n&#13;<br \/>\n&#13;<br \/>\n&#13;<br \/>\n&#13;<br \/>\n&#13;<br \/>\n&#13;<br \/>\n&#13;<br \/>\n&#13;<br \/>\n&#13;<br \/>\n&#13;<br \/>\n&#13;<br \/>\n&#13;<br \/>\n&#13;<br \/>\n&#13;<br \/>\n&#13;<br \/>\n&#13;<br \/>\n&#13;<br \/>\n&#13;<br \/>\n&#13;<br \/>\n&#13;<br \/>\n&#13;<br \/>\n&#13;<br \/>\n&#13;<br \/>\n&#13;<br \/>\n&#13;<br \/>\n&#13;<br \/>\n&#13;<br \/>\n&#13;<br \/>\n&#13;\n<\/p>\n<p>    La Cgil querela il giornalista<\/p>\n<p class=\"chapter-paragraph\">Nessun dietrofront, dunque, nonostante  proteste e   polemiche che arriveranno anche in tribunale: Cgil  presenter\u00e0 querela per <b>diffamazione<\/b>, per conto di tredici<b> professori d\u2019orchestra<\/b>, contro  Andrea Ruggieri, giornalista ed ex onorevole di Forza Italia che ha definito i musicisti della Fenice \u00ab<b>quattro pippe<\/b>\u00bb. Nel difendere Venezi \u00abacclamata in tutto il mondo \u2014 ha detto \u2014 e in Italia si trova ad essere valutata da quattro pippe\u00bb il cui curriculum nulla ha a che vedere \u00abcon l\u2019eccellenza di quello della direttrice\u00bb.  <br \/>Intanto gioved\u00ec il consiglio di indirizzo del teatro ha approvato il <b>budget<\/b> del triennio 2026-2028 deliberando di corrispondere la prima quota del <b>welfare<\/b> del 2025, la cui erogazione era stata bloccata nei mesi scorsi. \u00abLa priorit\u00e0  resta la tutela del prestigio del teatro e del rispetto per chi ci lavora, la cui professionalit\u00e0 \u00e8 riconosciuta a livello mondiale \u2014 dice il <b>sovrintendente Nicola Colabianchi <\/b>\u2014. Auspichiamo  il ritorno a un confronto sereno e costruttivo\u00bb.<\/p>\n<p class=\"is-mr-t-20 is-mr-b-20\"><b><br \/>\n                                    <a href=\"https:\/\/corrieredelveneto.corriere.it\/venezia-mestre\/?intcmp=Notizielocali_nd_010623_corriere_ss_venezia\" target=\"_blank\" rel=\"nofollow noopener\">Vai a tutte le notizie di Venezia Mestre<\/a><br \/>\n                        <\/b><\/p>\n<p class=\"chapter-paragraph\"><b><a href=\"https:\/\/www.corriere.it\/newsletter\/?theme=39&amp;intcmp=NL-artic_nd_060624_corriere_ss_veneto\" target=\"_blank\" rel=\"nofollow noopener\">Iscriviti alla newsletter del Corriere del Veneto<\/a><\/b><\/p>\n<p class=\"is-last-update\" datetime=\"2026-02-20T07:48:12+01:00\">20 febbraio 2026<\/p>\n<p class=\"is-copyright\">\n            \u00a9 RIPRODUZIONE RISERVATA\n        <\/p>\n","protected":false},"excerpt":{"rendered":"di Gloria Bertasi Venezia, la direttrice del Gran Teatro intervistata in Argentina: \u00abProteste contro di me per attaccare&hellip;\n","protected":false},"author":3,"featured_media":362184,"comment_status":"","ping_status":"","sticky":false,"template":"","format":"standard","meta":{"footnotes":"","_share_on_mastodon":"0"},"categories":[174],"tags":[5491,209577,2700,209578,26857,64989,14610,88017,192,209579,209580,483,2944,8117,2730,203,41812,4348,18240,61642,204,1537,90,89,17165,26673,43876,102367,5238,209576,3124,15266,477,2469,179,17922,209581,860,199474,1702,57349,4887,89839,222],"class_list":["post-362183","post","type-post","status-publish","format-standard","has-post-thumbnail","category-intrattenimento","tag-abbonati","tag-abbonati-serve","tag-andrea","tag-andrea-ruggieri","tag-attaccare","tag-attrarre","tag-beatrice","tag-beatrice-venezi","tag-cgil","tag-cgil-querela","tag-cgil-querela-giornalista","tag-cio","tag-conto","tag-direttrice","tag-el","tag-entertainment","tag-fenice","tag-giornalista","tag-interessa","tag-intervistata","tag-intrattenimento","tag-it","tag-italia","tag-italy","tag-musicisti","tag-nomina","tag-orchestra","tag-orchestrali","tag-paura","tag-pippe","tag-pisa","tag-polemiche","tag-politica","tag-proteste","tag-pubblico","tag-querela","tag-querela-giornalista","tag-questione","tag-questione-politica","tag-scelto","tag-sessismo","tag-teatro","tag-venezi","tag-venezia"],"share_on_mastodon":{"url":"","error":"Validation failed: Text character limit of 500 exceeded"},"_links":{"self":[{"href":"https:\/\/www.europesays.com\/it\/wp-json\/wp\/v2\/posts\/362183","targetHints":{"allow":["GET"]}}],"collection":[{"href":"https:\/\/www.europesays.com\/it\/wp-json\/wp\/v2\/posts"}],"about":[{"href":"https:\/\/www.europesays.com\/it\/wp-json\/wp\/v2\/types\/post"}],"author":[{"embeddable":true,"href":"https:\/\/www.europesays.com\/it\/wp-json\/wp\/v2\/users\/3"}],"replies":[{"embeddable":true,"href":"https:\/\/www.europesays.com\/it\/wp-json\/wp\/v2\/comments?post=362183"}],"version-history":[{"count":0,"href":"https:\/\/www.europesays.com\/it\/wp-json\/wp\/v2\/posts\/362183\/revisions"}],"wp:featuredmedia":[{"embeddable":true,"href":"https:\/\/www.europesays.com\/it\/wp-json\/wp\/v2\/media\/362184"}],"wp:attachment":[{"href":"https:\/\/www.europesays.com\/it\/wp-json\/wp\/v2\/media?parent=362183"}],"wp:term":[{"taxonomy":"category","embeddable":true,"href":"https:\/\/www.europesays.com\/it\/wp-json\/wp\/v2\/categories?post=362183"},{"taxonomy":"post_tag","embeddable":true,"href":"https:\/\/www.europesays.com\/it\/wp-json\/wp\/v2\/tags?post=362183"}],"curies":[{"name":"wp","href":"https:\/\/api.w.org\/{rel}","templated":true}]}}