{"id":362286,"date":"2026-02-20T13:33:12","date_gmt":"2026-02-20T13:33:12","guid":{"rendered":"https:\/\/www.europesays.com\/it\/362286\/"},"modified":"2026-02-20T13:33:12","modified_gmt":"2026-02-20T13:33:12","slug":"tutta-la-forza-in-medio-oriente-per-lattacco","status":"publish","type":"post","link":"https:\/\/www.europesays.com\/it\/362286\/","title":{"rendered":"tutta la forza in Medio Oriente per l&#8217;attacco"},"content":{"rendered":"<p>Oltre 100 <a href=\"https:\/\/www.ilmessaggero.it\/t\/caccia\" rel=\"nofollow noopener\" target=\"_blank\">caccia<\/a> e altri velivoli militari, una <strong>quindicina di <a href=\"https:\/\/www.ilmessaggero.it\/t\/navi\" rel=\"nofollow noopener\" target=\"_blank\">navi<\/a> da guerra<\/strong>, lancia-missili, sistemi difensivi, centri operativi di supporto. La potenza di fuoco aerea che gli Usa di <strong><a href=\"https:\/\/www.ilmessaggero.it\/t\/donald-trump\" rel=\"nofollow noopener\" target=\"_blank\">Donald Trump<\/a><\/strong> stanno schierando in Medio Oriente, mentre il presidente minaccia la possibilit\u00e0 di un intervento contro l&#8217;Iran in caso di un mancato accordo sui piani nucleari di Teheran, \u00e8 la maggiore dai tempi dell&#8217;invasione dell&#8217;Iraq nel 2003. A riportarlo \u00e8 il Wall Street Journal, che cos\u00ec come altri media ha analizzato in dettaglio, sulla base di fonti militari e sistemi aperti di tracciamento, portata e caratteristiche di questa \u00abbig armada\u00bb (come l&#8217;ha chiamata Trump stesso). Secondo diverse analisi, si tratta di un arsenale in grado di consentire una campagna militare prolungata e non solo un attacco isolato. Di tale schieramento, si \u00e8 appreso negli ultimi giorni, far\u00e0 parte anche la portaerei Uss Gerald R. Ford: stando al New York Times, il suo compito sar\u00e0 di protegger\u00e0 Israele da un eventuale attacco dell&#8217;Iran, e il suo arrivo in zona \u00e8 previsto nel weekend. Questi sono i principali mezzi e strumenti militari americani gi\u00e0 operativi nell&#8217;area:<\/p>\n","protected":false},"excerpt":{"rendered":"Oltre 100 caccia e altri velivoli militari, una quindicina di navi da guerra, lancia-missili, sistemi difensivi, centri operativi&hellip;\n","protected":false},"author":3,"featured_media":362287,"comment_status":"","ping_status":"","sticky":false,"template":"","format":"standard","meta":{"footnotes":"","_share_on_mastodon":"0"},"categories":[6],"tags":[14,206,77,207034,8,764,1537,90,89,7,15,82,9,83,10,3952,190621,174793,242,13,243,11,80,84,12,81,85,410],"class_list":["post-362286","post","type-post","status-publish","format-standard","has-post-thumbnail","category-ultime-notizie","tag-cronaca","tag-donald-trump","tag-guerra","tag-guerra-usa-iran","tag-headlines","tag-iran","tag-it","tag-italia","tag-italy","tag-news","tag-notizie","tag-notizie-di-cronaca","tag-notizie-principali","tag-notiziedicronaca","tag-notizieprincipali","tag-portaerei","tag-portaerei-lincoln","tag-proteste-iran","tag-stati-uniti","tag-titoli","tag-ultima-ora","tag-ultime-notizie","tag-ultime-notizie-di-cronaca","tag-ultime-notizie-e-news-di-oggi","tag-ultimenotizie","tag-ultimenotiziedicronaca","tag-ultimenotizieenewsdioggi","tag-usa"],"share_on_mastodon":{"url":"https:\/\/pubeurope.com\/@it\/116103217523881056","error":""},"_links":{"self":[{"href":"https:\/\/www.europesays.com\/it\/wp-json\/wp\/v2\/posts\/362286","targetHints":{"allow":["GET"]}}],"collection":[{"href":"https:\/\/www.europesays.com\/it\/wp-json\/wp\/v2\/posts"}],"about":[{"href":"https:\/\/www.europesays.com\/it\/wp-json\/wp\/v2\/types\/post"}],"author":[{"embeddable":true,"href":"https:\/\/www.europesays.com\/it\/wp-json\/wp\/v2\/users\/3"}],"replies":[{"embeddable":true,"href":"https:\/\/www.europesays.com\/it\/wp-json\/wp\/v2\/comments?post=362286"}],"version-history":[{"count":0,"href":"https:\/\/www.europesays.com\/it\/wp-json\/wp\/v2\/posts\/362286\/revisions"}],"wp:featuredmedia":[{"embeddable":true,"href":"https:\/\/www.europesays.com\/it\/wp-json\/wp\/v2\/media\/362287"}],"wp:attachment":[{"href":"https:\/\/www.europesays.com\/it\/wp-json\/wp\/v2\/media?parent=362286"}],"wp:term":[{"taxonomy":"category","embeddable":true,"href":"https:\/\/www.europesays.com\/it\/wp-json\/wp\/v2\/categories?post=362286"},{"taxonomy":"post_tag","embeddable":true,"href":"https:\/\/www.europesays.com\/it\/wp-json\/wp\/v2\/tags?post=362286"}],"curies":[{"name":"wp","href":"https:\/\/api.w.org\/{rel}","templated":true}]}}