{"id":362340,"date":"2026-02-20T14:21:10","date_gmt":"2026-02-20T14:21:10","guid":{"rendered":"https:\/\/www.europesays.com\/it\/362340\/"},"modified":"2026-02-20T14:21:10","modified_gmt":"2026-02-20T14:21:10","slug":"garattini-i-farmaci-linteresse-per-il-pil-e-superiore-a-quello-per-la-gente-e-le-farmacie-ormai-sono-bazar-vendono-porcherie","status":"publish","type":"post","link":"https:\/\/www.europesays.com\/it\/362340\/","title":{"rendered":"Garattini: \u00abI farmaci? L&#8217;interesse per il Pil \u00e8 superiore a quello per la gente. E le farmacie ormai sono bazar, vendono porcherie\u00bb"},"content":{"rendered":"<p>    di<br \/>\n    Luca Bertelli<\/p>\n<p class=\"summary-art is-line-h-12\">L&#8217;oncologo a &#8220;Rinascimento Culturale&#8221;: \u00abServe una rivoluzione culturale: anche il colesterolo, che per la vulgata \u00e8 veleno, \u00e8 essenziale. I nuovi farmaci dovrebbero aggiungere qualcosa a livello terapeutico ma all&#8217;industria questo non pu\u00f2 andare bene. A scuola la salute non si insegna: cos\u00ec nascono poi i complottisti e le fake news, anche sul mio conto\u00bb.<\/p>\n<p class=\"chapter-paragraph\">In una lunga intervista al canale youtube di &#8220;<b>Rinascimento culturale<\/b>&#8220;, festival culturale che ogni anno promuove eventi culturali in Franciacorta, <b>Silvio Garattini <\/b>si \u00e8 espresso a 360 gradi, in modo critico ma costruttivo, <b>sull&#8217;uso dei farmaci in Italia<\/b>. \u00abIn tutta la mia vita mi sono occupato di farmaci &#8211; ha esordito &#8211; e se ne parla in modo inappropriato. La maggior parte delle persone non conosce gli effetti collaterali dei farmaci, che vanno invece assunti solo quando \u00e8 necessario. <b>Hanno effetti tossici, questi aspetti si vedono nel tempo e non subito, molti effetti vengono a galla pi\u00f9 tardi<\/b>. L&#8217;industria \u00e8 interessata a propagandare i benefici e non i danni\u00bb.<\/p>\n<p class=\"chapter-paragraph\">\u00abI medici stessi &#8211; ha continuato &#8211;  non sanno a volte qual \u00e8 il criterio con il quale viene approvato un nuovo farmaco. Tutti ora sentono parlare dell&#8217;EMA, che decide in base a tre criteri: qualit\u00e0 (cosa contiene: serve un principio attivo che non ha ad esempio l&#8217;omeopatia), efficacia (il beneficio del farmaco) e sicurezza (gli effetti collaterali). <b>Ma non ci dicono come si comporta un nuovo farmaco nel confronto con un altro farmaco<\/b>: ci sono 120 farmaci, per esempio, che agiscono sull&#8217;ipertensione\u00bb.    &#13;<br \/>\n&#13;<br \/>\n&#13;<br \/>\n&#13;<br \/>\n&#13;<br \/>\n&#13;<br \/>\n&#13;<br \/>\n&#13;<br \/>\n&#13;<br \/>\n&#13;<br \/>\n&#13;<br \/>\n&#13;<br \/>\n&#13;<br \/>\n&#13;<br \/>\n&#13;<br \/>\n&#13;<br \/>\n&#13;<br \/>\n&#13;<br \/>\n&#13;<br \/>\n&#13;<br \/>\n&#13;<br \/>\n&#13;<br \/>\n&#13;<br \/>\n&#13;<br \/>\n&#13;<br \/>\n&#13;<br \/>\n&#13;<br \/>\n&#13;<br \/>\n&#13;<br \/>\n&#13;<br \/>\n&#13;<br \/>\n&#13;<br \/>\n&#13;<br \/>\n&#13;<br \/>\n&#13;<br \/>\n&#13;<br \/>\n&#13;<br \/>\n&#13;<br \/>\n&#13;<br \/>\n&#13;<br \/>\n&#13;<br \/>\n&#13;<br \/>\n&#13;<br \/>\n&#13;<br \/>\n&#13;<br \/>\n&#13;<br \/>\n&#13;<br \/>\n&#13;<br \/>\n&#13;<br \/>\n&#13;<br \/>\n&#13;<br \/>\n&#13;<br \/>\n&#13;\n<\/p>\n<p>    I nuovi farmaci:\u00a0\u00abMancano confronti, i criteri restano gli stessi da 20 anni: l&#8217;interesse dell&#8217;industria \u00e8 superiore a quello della gente\u00bb<\/p>\n<p class=\"chapter-paragraph\">Quindi, l&#8217;affondo pi\u00f9 netto: \u00ab<b>Il medico sceglie il farmaco ma lo fa a caso, proprio perch\u00e9 mancano i confronti<\/b>: non si pu\u00f2 stabilire cosa \u00e8 meglio e cosa peggio, i nuovi farmaci dovrebbero aggiungere qualcosa a livello terapeutico ma all&#8217;industria questo non pu\u00f2 andare bene. <b>Per questo i tre criteri restano da 20 anni:<\/b> l&#8217;interesse per il Pil \u00e8 superiore a quello della gente\u00bb.<\/p>\n<p>    \u00abIl colesterolo veleno per la vulgata comune, ma in realt\u00e0 \u00e8 anche essenziale per resistenza delle ossa: serve rivoluzione culturale\u00bb\u00a0<\/p>\n<p class=\"chapter-paragraph\">Garattini smonta un altro clich\u00e9: \u00abIl colesterolo \u00e8 veleno per la vulgata comune, ma in realt\u00e0 \u00e8 anche essenziale: il colesterolo troppo basso pu\u00f2 rendere le ossa meno resistenti. Molte delle malattie dipendono da noi, non piovono dal cielo. <b>Serve una rivoluzione culturale, la medicina deve passare dal mercato alla prevenzione.<\/b> Certe malattie ce le creiamo noi con le nostre cattive abitudini di vita\u00bb.<\/p>\n<p>    \u00abA scuola la salute non si insegna\u00a0 e prescrivere a una donna un farmaco studiato su un uomo teoricamente \u00e8 illegale\u00bb<\/p>\n<p class=\"chapter-paragraph\">La sua visione: \u00abServe una scuola superiore di sanit\u00e0 per formare i dirigenti: <b>in Italia non c&#8217;\u00e8, i dirigenti sono nominati dai politici<\/b>. La salute non esiste nelle scuole ed \u00e8 un altro aspetto grave. Ci lamentiamo delle liste d&#8217;attesa, ripeto, ma dipendono dai nostri comportamenti e dalle nostre abitudini di vita. Il 40% dei tumori \u00e8 evitabile, bisogna lavorare sulla prevenzione\u00bb.<\/p>\n<p class=\"chapter-paragraph\">Ancora sui farmaci: \u00ab<b>I medici danno tutto il numero di farmaci possibili per evitare che qualcuno possa poi accusarli, ma \u00e8 medicina difensiva<\/b>. Spiego un&#8217;altra cosa: i farmaci spesso sono studiati sui maschi, ma le femmine ricevono farmaci studiati non su di loro, mentre le malattie e il metabolismo di un farmaco variano da uomo a donna. <b>Prescrivere un farmaco per una femmina, studiato solo su un maschio, \u00e8 teoricamente illegale:<\/b> puoi essere citato in tribunale. Cos\u00ec vale anche per i bambini: sono considerati piccoli adulti, ma hanno metabolismo differente. Il cervello \u00e8 in evoluzione fino ai 18 anni: incidere sul metabolismo di un organo in sviluppo pu\u00f2 indurre a malattie sul lungo periodo\u00bb.<\/p>\n<p>    Gli anziani:\u00a0\u00abmedici con pazienti che prendono 15 farmaci non dovrebbero lavorare. Omeopatia? Farmacie ormai sono bazar\u00bb<\/p>\n<p class=\"chapter-paragraph\">Quindi, il focus sugli anziani: \u00abSolo il 20% dei farmaci cardiovascolari \u00e8 studiato sugli anziani, eppure ne prendono in grande quantit\u00e0. <b>I medici con pazienti che prendono 15 farmaci non dovrebbero lavorare<\/b>\u00bb. E <b>l&#8217;omeopatia<\/b>? \u00abCome la differenza tra acqua e vino, ma perch\u00e9 a scuola nessuno lo insegna. <b>Se qualcosa non contiene niente, cosa pu\u00f2 fare se non la suggestione? <\/b>Nemmeno i farmacisti possono crederci, hanno studiato la chimica, \u00e8 una truffa vendere qualcosa che non contiene nulla. <b>Ma ormai le farmacie sono diventate dei bazar, vendono delle porcherie senza base scientifiche<\/b> come alcuni cosmetici e prodotti vegetali, gli integratori alimentari, oltre all&#8217;omeopatia. Fanno i commercianti, salvo eccezioni\u00bb.<\/p>\n<p>    \u00abFarmaci sulle malattie rare mancano perch\u00e9 non c&#8217;\u00e8 profitto\u00bb<\/p>\n<p class=\"chapter-paragraph\">Cosa manca? \u00ab<b>Mancano farmaci sulle malattie rare, sono settemila: nessuno se ne occupa perch\u00e9 non c&#8217;\u00e8 profitto, ma \u00e8 calpestare la costituzione.<\/b> &#8220;Tutti hanno diritto alla salute&#8221; non \u00e8 un assioma purtroppo vero, nessuno si occupa di loro. La mia strategia? Basterebbe investire un miliardo di fondi pubblici e darli a 20 fondazioni che dovrebbero occuparsi dei farmaci orfani, cio\u00e8 delle malattie rare. In dieci anni avremmo farmaci a costi normali e risultati\u00bb.<\/p>\n<p class=\"chapter-paragraph\"><b>Una previsione sui farmaci del futuro<\/b>: \u00abAnticorpi monoclonali e i farmaci immunologici. Un futuro senza tumori teoricamente \u00e8 possibile, ma \u00e8 pi\u00f9 importanti curarli in modo efficace e farli guarire\u00bb. <b>E i farmaci per perdere perso, come l&#8217;Ozempic?<\/b>\u00a0\u00abSono prodotti inizialmente antidiabetici, <b>ci sono vantaggi evidenti ma anche svantaggi come problemi di natura gastroenterica che richiedono l&#8217;abbandono del trattamento<\/b>, perch\u00e9 diminuisce anche la glicemia. Se si termina il trattamento, il peso aumenta di nuovo: <b>se non si diminuisce il cibo non si ottiene niente<\/b>, la via fondamentale resta la diminuzione del cibo per le persone obese\u00bb.<\/p>\n<p>    I complottisti?\u00a0\u00abPerch\u00e9 la scienza a scuola non c&#8217;\u00e8. Circolano falsit\u00e0 anche sul mio conto, difficile contrastare fake news sui social\u00bb<\/p>\n<p class=\"chapter-paragraph\">Un altro tema centrale, nel presente della scienza, \u00e8 quello legato ai complottismi e alle fake news: \u00abSe ci sono i complottisti contro la scienza, \u00e8 perch\u00e9 la scienza a scuola &#8211; intesa come conoscenza &#8211; non c&#8217;\u00e8. <b>Circolano molte falsit\u00e0 anche sul mio conto, con l&#8217;intelligenza artificiale mi fanno fare propaganda di prodotti, su Facebook \u00e8 difficile contrastarli<\/b>. Io non faccio mai pubblicit\u00e0 ai farmaci n\u00e9 li produco. L&#8217;Istituto Mario Negri \u00e8 indipendente, quello che devo dire lo dico sulle riviste ufficiali\u00bb.<\/p>\n<p>    Le sue abitudini:\u00a0\u00abA mezzogiono solo una spremuta, la mia ricerca mi tiene attivo con i miei interessi\u00bb<\/p>\n<p class=\"chapter-paragraph\">Infine, <a href=\"https:\/\/www.corriere.it\/salute\/26_gennaio_28\/garattini-longevita-intervista-55ccb54d-65ea-4b57-8602-c6c981be8xlk.shtml\" title=\"Garattini e il segreto della longevit\u00e0: \u00ab50 grammi di pasta, 5 km al giorno, frutta cotta, poca carne. Ecco i cibi che allungano la vita, da colazione a cena\u00bb\" rel=\"nofollow noopener\" target=\"_blank\">il racconto (non nuovo) sulle abitudini di vita<\/a> che gli hanno permesso di arrivare in buona salute a 97 anni: \u00abNon ho mai fumato, bevo pochissimo alcool, non sono mai stato grasso: <b>mangio una volta al giorno la sera, a mezzogiorno bevo solo una spremuta<\/b>, cerco di rimanere attivo con i miei interessi e, amando la ricerca, sono molto fortunato. <b>La mia routine \u00e8 quella di venire all&#8217;istituto la mattina e andare a casa la sera, poi faccio le conferenze per incentivare la protezione<\/b>, \u00e8 quello che voglio promuovere. La gente si spaventa a fare certe cose ma serve solo buona volont\u00e0: cos\u00ec previeni le malattie ed eviti i farmaci\u00bb.<\/p>\n<p class=\"is-mr-t-20 is-mr-b-20\"><b><br \/>\n                    <a href=\"https:\/\/brescia.corriere.it\/?intcmp=Notizielocali_nd_010623_corriere_ss_brescia\" target=\"_blank\" rel=\"nofollow noopener\">Vai a tutte le notizie di Brescia<\/a><br \/>\n            <\/b><\/p>\n<p class=\"chapter-paragraph\"><b><a href=\"https:\/\/www.corriere.it\/newsletter\/?theme=62&amp;intcmp=NL-artic_nd_050624_corriere_ss_brescia\" target=\"_blank\" rel=\"nofollow noopener\">Iscriviti alla newsletter di Corriere Brescia<\/a><\/b><\/p>\n<p class=\"is-last-update\" datetime=\"2026-02-20T12:46:27+01:00\">20 febbraio 2026 ( modifica il 20 febbraio 2026 | 12:46)<\/p>\n<p class=\"is-copyright\">\n            \u00a9 RIPRODUZIONE RISERVATA\n        <\/p>\n","protected":false},"excerpt":{"rendered":"di Luca Bertelli L&#8217;oncologo a &#8220;Rinascimento Culturale&#8221;: \u00abServe una rivoluzione culturale: anche il colesterolo, che per la vulgata&hellip;\n","protected":false},"author":3,"featured_media":362341,"comment_status":"","ping_status":"","sticky":false,"template":"","format":"standard","meta":{"footnotes":"","_share_on_mastodon":"0"},"categories":[175],"tags":[25653,30943,209627,209628,32,1536,6699,209629,2333,32776,209630,209631,26570,6090,844,180941,83406,209632,209633,20127,209620,209634,393,209635,209636,4539,72347,2944,5931,209637,209638,24276,6927,96494,74878,748,2096,64886,10243,16406,2297,209618,13067,2927,56324,4965,239,3738,33116,5292,1537,90,89,3776,616,5997,57,1222,14436,7,4483,76342,209619,133,61694,3708,617,2718,209621,240,197,2061,2181,209622,209623,21495,9329,209624,209625,36403,209626],"class_list":["post-362340","post","type-post","status-publish","format-standard","has-post-thumbnail","category-salute","tag-abitudini","tag-aggiungere","tag-aggiungere-livello","tag-aggiungere-livello-terapeutico","tag-andare","tag-anziani","tag-attivo","tag-attivo-interessi","tag-base","tag-bazar","tag-bazar-vendono","tag-bazar-vendono-porcherie","tag-bevo","tag-buona","tag-cibo","tag-circolano","tag-colesterolo","tag-colesterolo-veleno","tag-colesterolo-veleno-vulgata","tag-collaterali","tag-complottisti","tag-complottisti-scienza","tag-comune","tag-comune-realta","tag-comune-realta-essenziale","tag-confronti","tag-contiene","tag-conto","tag-criteri","tag-criteri-restano","tag-criteri-restano-interesse","tag-culturale","tag-difficile","tag-diminuisce","tag-dipendono","tag-dovrebbero","tag-effetti","tag-essenziale","tag-fake","tag-fake-news","tag-farmaci","tag-farmaci-dovrebbero","tag-farmacie","tag-farmaco","tag-garattini","tag-gente","tag-health","tag-industria","tag-insegna","tag-interesse","tag-it","tag-italia","tag-italy","tag-lavorare","tag-malattie","tag-malattie-rare","tag-mancano","tag-medici","tag-metabolismo","tag-news","tag-nuovi","tag-nuovi-farmaci","tag-omeopatia","tag-ormai","tag-prendono","tag-prodotti","tag-rare","tag-rivoluzione","tag-rivoluzione-culturale","tag-salute","tag-scienza","tag-scuola","tag-serve","tag-serve-rivoluzione","tag-serve-rivoluzione-culturale","tag-studiato","tag-superiore","tag-superiore-gente","tag-teoricamente","tag-veleno","tag-vulgata"],"share_on_mastodon":{"url":"","error":"Validation failed: Text character limit of 500 exceeded"},"_links":{"self":[{"href":"https:\/\/www.europesays.com\/it\/wp-json\/wp\/v2\/posts\/362340","targetHints":{"allow":["GET"]}}],"collection":[{"href":"https:\/\/www.europesays.com\/it\/wp-json\/wp\/v2\/posts"}],"about":[{"href":"https:\/\/www.europesays.com\/it\/wp-json\/wp\/v2\/types\/post"}],"author":[{"embeddable":true,"href":"https:\/\/www.europesays.com\/it\/wp-json\/wp\/v2\/users\/3"}],"replies":[{"embeddable":true,"href":"https:\/\/www.europesays.com\/it\/wp-json\/wp\/v2\/comments?post=362340"}],"version-history":[{"count":0,"href":"https:\/\/www.europesays.com\/it\/wp-json\/wp\/v2\/posts\/362340\/revisions"}],"wp:featuredmedia":[{"embeddable":true,"href":"https:\/\/www.europesays.com\/it\/wp-json\/wp\/v2\/media\/362341"}],"wp:attachment":[{"href":"https:\/\/www.europesays.com\/it\/wp-json\/wp\/v2\/media?parent=362340"}],"wp:term":[{"taxonomy":"category","embeddable":true,"href":"https:\/\/www.europesays.com\/it\/wp-json\/wp\/v2\/categories?post=362340"},{"taxonomy":"post_tag","embeddable":true,"href":"https:\/\/www.europesays.com\/it\/wp-json\/wp\/v2\/tags?post=362340"}],"curies":[{"name":"wp","href":"https:\/\/api.w.org\/{rel}","templated":true}]}}