{"id":362352,"date":"2026-02-20T14:27:13","date_gmt":"2026-02-20T14:27:13","guid":{"rendered":"https:\/\/www.europesays.com\/it\/362352\/"},"modified":"2026-02-20T14:27:13","modified_gmt":"2026-02-20T14:27:13","slug":"rogoredo-il-pusher-ucciso-e-lipotesi-della-pistola-messa-nelle-sue-mani-invece-dichiamare-i-soccorsi-le-accuse-ai-cinque-agenti-e-i-buchi-nei-loro-racconti","status":"publish","type":"post","link":"https:\/\/www.europesays.com\/it\/362352\/","title":{"rendered":"Rogoredo, il pusher ucciso e l&#8217;ipotesi della pistola messa nelle sue mani invece dichiamare i soccorsi. Le accuse ai cinque agenti e i buchi nei loro racconti"},"content":{"rendered":"<p>    di<br \/>\n    Cesare Giuzzi e Pierpaolo Lio<\/p>\n<p class=\"summary-art is-line-h-12\">Dopo gli interrogatori dei 4 agenti indagati oltre a Carmelo Cinturrino, che ha sparato a Abderrahim Mansouri si rafforza l&#8217;ipotesi di omicidio volontario. Un testimone: \u00abCinturrino chiedeva il pizzo a un pusher\u00bb<\/p>\n<p class=\"chapter-paragraph\">Una trama che sembra uscita da un film. Poliziotti spregiudicati, il tentativo di<b> nascondere le tracce di un omicidio con una messinscena<\/b>: una pistola messa nelle mani della vittima, testimonianze inventate per coprire chi ha sparato. E strani giri, avanti e indietro dal commissariato Mecenate subito dopo quello sparo che rischiara per un istante la boscaglia di Rogoredo. Quel che sta emergendo dalle indagini<a href=\"https:\/\/milano.corriere.it\/notizie\/cronaca\/26_gennaio_26\/sparatoria-a-milano-morto-un-20enne-era-armato-e-ha-incontrato-una-pattuglia-di-agenti-in-borghese-1447a11a-db84-444e-a5cf-b68bc68dbxlk.shtml\" title=\"Sparatoria a Milano, poliziotto in borghese spara e uccide un 28enne: \u00abCi puntava un\u2019arma\u00bb. La pistola era a salve\" rel=\"nofollow noopener\" target=\"_blank\"> sulla <b>morte del 28enne marocchino Abderrahim Mansouri<\/b><\/a>, colpito alla testa il 26 gennaio da un proiettile <b>sparato dall\u2019assistente capo Carmelo Cinturrino<\/b>, \u00e8 uno scenario che chi indaga definisce \u00abraccapricciante\u00bb. E con tanti punti ancora da chiarire. A cominciare da <b>chi e quando ha preso la Beretta 92 a salve e l\u2019ha messa nelle mani della vittima, agonizzante a terra, anzich\u00e9 dare l\u2019allarme<\/b>. Un buco di 23 minuti in cui sono successe molte cose, troppe. E mai raccontate a verbale dai poliziotti della squadretta investigativa di Mecenate:<b><a href=\"https:\/\/milano.corriere.it\/notizie\/cronaca\/26_febbraio_17\/milano-rogoredo-quattro-poliziotti-indagati-per-la-morte-del-pusher-l-accusa-e-di-favoreggiamento-e-ritardo-nei-soccorsi-38a2bc71-47c8-4ec0-acf1-8380092b0xlk.shtml\" title=\"Milano Rogoredo, quattro poliziotti indagati per la morte del pusher. L&#039;accusa \u00e8 di favoreggiamento e ritardo nei soccorsi\" target=\"_blank\" rel=\"nofollow noopener\"> il 41enne Cinturrino, che ha sparato ed \u00e8 indagato per omicidio,<\/a><\/b> e altri quattro colleghi per i quali la Procura ha ipotizzato<b> il favoreggiamento e l\u2019omissione di soccorso.<\/b><\/p>\n<p class=\"chapter-paragraph\">Ieri i quattro sono stati interrogati per ore in Questura dal pm Giovanni Tarzia e dagli investigatori della squadra mobile, guidati da Alfonso Iadevaia. La convinzione degli inquirenti \u00e8 che <b>quella pistola<\/b> \u2014 che Cinturrino ha detto essergli \u00abstata puntata addosso\u00bb prima di reagire sparando \u2014<b> sia stata portata successivamente sulla scena del crimine.<\/b> Un\u2019ipotesi che, stando a quanto emerso, sarebbe ancora pi\u00f9 concreta dopo gli interrogatori dei colleghi. Tre di loro, assistiti dai<b> legali Massimo Pellicciotta e Antonio Buondonno<\/b>, avrebbero chiarito i \u00abbuchi\u00bb dei loro primi racconti poche ore dopo la morte di Mansouri. Tutti (<b>un ispettore, due agenti: un uomo e una donna<\/b>) avrebbero detto di essere arrivati sulla scena solo dopo lo sparo. Una versione che coinciderebbe con quella messa a verbale dallo stesso Cinturrino, difeso dall\u2019<b>avvocato Pietro Porciani. <\/b>Ma qualcuno avrebbe poi raccontato di aver \u00absaputo\u00bb (o capito) solo nei giorni successivi come realmente erano andate le cose    &#13;<br \/>\n&#13;<br \/>\n&#13;<br \/>\n&#13;<br \/>\n&#13;<br \/>\n&#13;<br \/>\n&#13;<br \/>\n&#13;<br \/>\n&#13;<br \/>\n&#13;<br \/>\n&#13;<br \/>\n&#13;<br \/>\n&#13;<br \/>\n&#13;<br \/>\n&#13;<br \/>\n&#13;<br \/>\n&#13;<br \/>\n&#13;<br \/>\n&#13;<br \/>\n&#13;<br \/>\n&#13;<br \/>\n&#13;<br \/>\n&#13;<br \/>\n&#13;<br \/>\n&#13;<br \/>\n&#13;<br \/>\n&#13;<br \/>\n&#13;<br \/>\n&#13;<br \/>\n&#13;<br \/>\n&#13;<br \/>\n&#13;<br \/>\n&#13;<br \/>\n&#13;<br \/>\n&#13;<br \/>\n&#13;<br \/>\n&#13;<br \/>\n&#13;<br \/>\n&#13;<br \/>\n&#13;<br \/>\n&#13;<br \/>\n&#13;<br \/>\n&#13;<br \/>\n&#13;<br \/>\n&#13;<br \/>\n&#13;<br \/>\n&#13;<br \/>\n&#13;<br \/>\n&#13;<br \/>\n&#13;<br \/>\n&#13;<br \/>\n&#13;<br \/>\n&#13;\n<\/p>\n<p class=\"chapter-paragraph\"><b>Pi\u00f9 delicata la situazione dell\u2019agente 28enne, difeso da Matteo Cherubini,<\/b> che era con l\u2019assistente capo al momento del colpo. A lui \u00e8 stato chiesto di chiarire p<b>erch\u00e9 dopo lo sparo sia tornato al commissariato di via Quintiliano<\/b> per poi ritornare in via Impastato e al boschetto. Le telecamere dell\u2019ufficio di polizia lo riprendono mentre<b> s\u2019allontana con uno zaino<\/b>. L\u2019agente sulle prime <b>avrebbe detto di essere stato mandato a prendere i moduli per i rilievi <\/b>perch\u00e9 gli agenti sul posto non ne avevano. <b>Una versione che stride con il fatto che \u00e8 solo dopo l\u2019arrivo del collega 28enne che Cinturrino lancia l\u2019allarme alla centrale e al 118.<\/b><\/p>\n<p class=\"chapter-paragraph\">Ventitr\u00e9 minuti dopo lo sparo. Gli investigatori, diretti dal<b> procuratore Marcello Viola<\/b>, sono riusciti a calcolare il tempo trascorso non solo grazie ad almeno un paio di testimoni. Ma anche a due telefonate. Quelle di un altro pusher che avrebbe chiamato la vittima: <a href=\"\">\u00ab<b>Ci sono gli sbirri, scappa<\/b>\u00bb. <\/a><br \/>Subito dopo per\u00f2 i suoi squilli sarebbero rimasti senza risposta. Un dato confermato dai tabulati e dagli accertamenti sui cellulari. E che andrebbe a confermare<b> i sospetti dei legali Debora Piazza e Marco Romagnoli che assistono la famiglia di Mansouri<\/b> che dal primo giorno ripetono (parole del fratello) che<b> il 28enne non aveva la pistola<\/b> e che ci sono testimoni che smentirebbero la prima ricostruzione.\u00a0<\/p>\n<p class=\"chapter-paragraph\">Ci sono poi le voci su Cinturrino (ancora in servizio, ma in ufficio e senza pistola). Molte hanno iniziato a circolare al Corvetto (dove viveva la vittima) subito dopo la morte di Mansouri. Altre erano gi\u00e0 state raccolte almeno due mesi prima, ma messe nero su bianco solo dopo. \u00c8 il racconto di un tossicodipendente secondo cui nel <b>palazzo popolare dove la compagna del poliziotto fa la portinaia c\u2019era una centrale di spaccio<\/b> gestita da due italiani, circostanza conosciuta e \u00abtollerata\u00bb da <b>Cinturrino. Che invece avrebbe chiesto \u00abil pizzo\u00bb a un pusher straniero<\/b>. Voci ora al vaglio della Procura.<\/p>\n<p class=\"chapter-paragraph\">\u00abSono compiaciuto &#8211; ha detto <b>il ministro dell&#8217;Interno Matteo Piantedosi,<\/b> riferendosi agli sviluppi dell&#8217;indagine- che<b> la polizia di Stato sia in grado di fare chiarezza e di non fare sconti a nessuno<\/b>, di saper dare la migliore risposta a chiunque metta in dubbio la capacit\u00e0 di poter fare chiarezza anche al proprio interno. Poi noi accetteremo con assoluta serenit\u00e0 quello che emerger\u00e0\u00bb.\u00a0\u00a0<\/p>\n<p class=\"is-mr-t-20 is-mr-b-20\"><b><br \/>\n                    <a href=\"https:\/\/milano.corriere.it\/?intcmp=Notizielocali_nd_010623_corriere_ss_milano\" target=\"_blank\" rel=\"nofollow noopener\">Vai a tutte le notizie di Milano<\/a><br \/>\n            <\/b><\/p>\n<p class=\"chapter-paragraph\"><b><a href=\"https:\/\/www.corriere.it\/newsletter\/?theme=41&amp;intcmp=IIIcolonna_NL_CorMilano\" target=\"_blank\" rel=\"nofollow noopener\">Iscriviti alla newsletter di Corriere Milano<\/a><\/b><\/p>\n<p class=\"is-last-update\" datetime=\"2026-02-20T13:38:43+01:00\">20 febbraio 2026 ( modifica il 20 febbraio 2026 | 13:38)<\/p>\n<p class=\"is-copyright\">\n            \u00a9 RIPRODUZIONE RISERVATA\n        <\/p>\n","protected":false},"excerpt":{"rendered":"di Cesare Giuzzi e Pierpaolo Lio Dopo gli interrogatori dei 4 agenti indagati oltre a Carmelo Cinturrino, che&hellip;\n","protected":false},"author":3,"featured_media":362353,"comment_status":"","ping_status":"","sticky":false,"template":"","format":"standard","meta":{"footnotes":"","_share_on_mastodon":"0"},"categories":[6],"tags":[192030,197191,7169,3534,2271,839,14997,117086,48098,777,18479,209641,925,6911,11442,1061,209639,209642,2865,45287,122,14,2276,5962,8,955,5622,21838,2460,1537,90,89,11062,487,209643,130564,114,61881,13181,209640,209644,3479,5983,964,7,15,82,9,83,10,1728,10301,28972,44931,24180,13,11,80,84,12,81,85,548],"class_list":["post-362352","post","type-post","status-publish","format-standard","has-post-thumbnail","category-ultime-notizie","tag-abderrahim","tag-abderrahim-mansouri","tag-agente","tag-agenti","tag-allarme","tag-almeno","tag-assistente","tag-assistente-capo","tag-buchi","tag-capo","tag-carmelo","tag-carmelo-cinturrino","tag-centrale","tag-chiarezza","tag-chiarire","tag-chiesto","tag-cinturrino","tag-cinturrino-sparato","tag-colleghi","tag-commissariato","tag-cose","tag-cronaca","tag-dare","tag-difeso","tag-headlines","tag-interno","tag-interrogatori","tag-investigatori","tag-ipotesi","tag-it","tag-italia","tag-italy","tag-legali","tag-mani","tag-mani-vittima","tag-mansouri","tag-matteo","tag-mecenate","tag-messa","tag-messa-mani","tag-messa-mani-vittima","tag-minuti","tag-molte","tag-morte","tag-news","tag-notizie","tag-notizie-di-cronaca","tag-notizie-principali","tag-notiziedicronaca","tag-notizieprincipali","tag-omicidio","tag-pistola","tag-pusher","tag-sparato","tag-sparo","tag-titoli","tag-ultime-notizie","tag-ultime-notizie-di-cronaca","tag-ultime-notizie-e-news-di-oggi","tag-ultimenotizie","tag-ultimenotiziedicronaca","tag-ultimenotizieenewsdioggi","tag-vittima"],"share_on_mastodon":{"url":"","error":"Validation failed: Text character limit of 500 exceeded"},"_links":{"self":[{"href":"https:\/\/www.europesays.com\/it\/wp-json\/wp\/v2\/posts\/362352","targetHints":{"allow":["GET"]}}],"collection":[{"href":"https:\/\/www.europesays.com\/it\/wp-json\/wp\/v2\/posts"}],"about":[{"href":"https:\/\/www.europesays.com\/it\/wp-json\/wp\/v2\/types\/post"}],"author":[{"embeddable":true,"href":"https:\/\/www.europesays.com\/it\/wp-json\/wp\/v2\/users\/3"}],"replies":[{"embeddable":true,"href":"https:\/\/www.europesays.com\/it\/wp-json\/wp\/v2\/comments?post=362352"}],"version-history":[{"count":0,"href":"https:\/\/www.europesays.com\/it\/wp-json\/wp\/v2\/posts\/362352\/revisions"}],"wp:featuredmedia":[{"embeddable":true,"href":"https:\/\/www.europesays.com\/it\/wp-json\/wp\/v2\/media\/362353"}],"wp:attachment":[{"href":"https:\/\/www.europesays.com\/it\/wp-json\/wp\/v2\/media?parent=362352"}],"wp:term":[{"taxonomy":"category","embeddable":true,"href":"https:\/\/www.europesays.com\/it\/wp-json\/wp\/v2\/categories?post=362352"},{"taxonomy":"post_tag","embeddable":true,"href":"https:\/\/www.europesays.com\/it\/wp-json\/wp\/v2\/tags?post=362352"}],"curies":[{"name":"wp","href":"https:\/\/api.w.org\/{rel}","templated":true}]}}