{"id":362474,"date":"2026-02-20T16:28:10","date_gmt":"2026-02-20T16:28:10","guid":{"rendered":"https:\/\/www.europesays.com\/it\/362474\/"},"modified":"2026-02-20T16:28:10","modified_gmt":"2026-02-20T16:28:10","slug":"breaking-inter-zielinski-in-gruppo-cosa-filtra-in-vista-del-lecce-e-la-sua-gestione-al-fantacalcio","status":"publish","type":"post","link":"https:\/\/www.europesays.com\/it\/362474\/","title":{"rendered":"BREAKING \u2013 Inter, Zielinski in gruppo: cosa filtra in vista del Lecce e la sua gestione al fantacalcio"},"content":{"rendered":"<p>In mattinata \u00e8 arrivato l&#8217;esito degli esami strumentali sostenuti da Lautaro Martinez, ma c&#8217;\u00e8 anche una buona notizia per l&#8217;Inter e riguarda Piotr Zielinski.<\/p>\n<p>In mattinata \u00e8 arrivato <a href=\"https:\/\/www.sosfanta.com\/squadra\/inter\/lautaro\/\" target=\"_blank\" rel=\"noopener nofollow\">l&#8217;esito degli esami strumentali<\/a> sostenuti da Lautaro Martinez, ma c&#8217;\u00e8 anche<strong> una buona notizia per l&#8217;Inter e riguarda Piotr Zielinski<\/strong>. Notizie confortanti per quanto riguarda il centrocampista, che era uscito malconcio dalla sfida col Bodo\/Glimt ma ora sta bene.<\/p>\n<p>Come riportato da Fcinternews, infatti, <strong>il polacco oggi si \u00e8 allenato regolarmente in gruppo alla ripresa degli allenamenti<\/strong>. \u00c8 dunque recuperato e andr\u00e0 a Lecce con la squadra. Toccher\u00e0 ora a Chivu decidere se rischiarlo subito dal 1&#8242; minuto o se farlo partire dalla panchina (marted\u00ec c&#8217;\u00e8 il ritorno col Bodo), in ogni caso al fantacalcio &#8211; visto il suo grande momento di forma e dato che \u00e8 rigorista &#8211; \u00e8 da mettere, con una riserva a coprire.<\/p>\n<p class=\"is-copyright\">\u00a9 RIPRODUZIONE RISERVATA<\/p>\n","protected":false},"excerpt":{"rendered":"In mattinata \u00e8 arrivato l&#8217;esito degli esami strumentali sostenuti da Lautaro Martinez, ma c&#8217;\u00e8 anche una buona notizia&hellip;\n","protected":false},"author":3,"featured_media":362475,"comment_status":"","ping_status":"","sticky":false,"template":"","format":"standard","meta":{"footnotes":"","_share_on_mastodon":"0"},"categories":[1452],"tags":[3077,197071,197072,56029,6090,39531,721,1740,350,1537,90,89,7301,1739,245,244,18860],"class_list":["post-362474","post","type-post","status-publish","format-standard","has-post-thumbnail","category-calcio","tag-arrivato","tag-arrivato-esito","tag-arrivato-esito-esami","tag-bodo","tag-buona","tag-buona-notizia","tag-calcio","tag-football","tag-inter","tag-it","tag-italia","tag-italy","tag-riguarda","tag-soccer","tag-sport","tag-sports","tag-zielinski"],"share_on_mastodon":{"url":"https:\/\/pubeurope.com\/@it\/116103905831650611","error":""},"_links":{"self":[{"href":"https:\/\/www.europesays.com\/it\/wp-json\/wp\/v2\/posts\/362474","targetHints":{"allow":["GET"]}}],"collection":[{"href":"https:\/\/www.europesays.com\/it\/wp-json\/wp\/v2\/posts"}],"about":[{"href":"https:\/\/www.europesays.com\/it\/wp-json\/wp\/v2\/types\/post"}],"author":[{"embeddable":true,"href":"https:\/\/www.europesays.com\/it\/wp-json\/wp\/v2\/users\/3"}],"replies":[{"embeddable":true,"href":"https:\/\/www.europesays.com\/it\/wp-json\/wp\/v2\/comments?post=362474"}],"version-history":[{"count":0,"href":"https:\/\/www.europesays.com\/it\/wp-json\/wp\/v2\/posts\/362474\/revisions"}],"wp:featuredmedia":[{"embeddable":true,"href":"https:\/\/www.europesays.com\/it\/wp-json\/wp\/v2\/media\/362475"}],"wp:attachment":[{"href":"https:\/\/www.europesays.com\/it\/wp-json\/wp\/v2\/media?parent=362474"}],"wp:term":[{"taxonomy":"category","embeddable":true,"href":"https:\/\/www.europesays.com\/it\/wp-json\/wp\/v2\/categories?post=362474"},{"taxonomy":"post_tag","embeddable":true,"href":"https:\/\/www.europesays.com\/it\/wp-json\/wp\/v2\/tags?post=362474"}],"curies":[{"name":"wp","href":"https:\/\/api.w.org\/{rel}","templated":true}]}}