{"id":362486,"date":"2026-02-20T16:37:19","date_gmt":"2026-02-20T16:37:19","guid":{"rendered":"https:\/\/www.europesays.com\/it\/362486\/"},"modified":"2026-02-20T16:37:19","modified_gmt":"2026-02-20T16:37:19","slug":"morto-eric-dane-lattore-di-greys-anatomy-ed-euphoria-aveva-53-anni","status":"publish","type":"post","link":"https:\/\/www.europesays.com\/it\/362486\/","title":{"rendered":"Morto Eric Dane, l&#8217;attore di Grey&#8217;s Anatomy ed Euphoria aveva 53 anni"},"content":{"rendered":"<p><strong>Eric Dane<\/strong>, volto del Dr. Mark Sloan in Grey&#8217;s Anatomy, <strong>\u00e8 morto a 53 anni<\/strong>, dieci mesi <a title=\"Grey&#039;s Anatomy, Eric Dane ha la SLA. La diagnosi poco prima delle riprese di Euphoria 3\" data-intcmp=\"skytg24_foglia articolo_interlink_text\" href=\"https:\/\/tg24.sky.it\/spettacolo\/2025\/04\/11\/eric-dane-sla\" rel=\"nofollow noopener\" target=\"_blank\">dopo aver reso pubblica la diagnosi di sclerosi laterale amiotrofica<\/a> (SLA).<\/p>\n<p>La morte per SLA<\/p>\n<p>Eric Dane \u00e8 morto gioved\u00ec 19 febbraio, come confermato dalla famiglia a PEOPLE. &#8220;Con il cuore pesante, annunciamo che Eric Dane \u00e8 mancato gioved\u00ec pomeriggio dopo una <a data-intcmp=\"skytg24_foglia articolo_interlink_text\" href=\"https:\/\/tg24.sky.it\/spettacolo\/2025\/10\/02\/eric-dane-malattia\" rel=\"nofollow noopener\" target=\"_blank\">coraggiosa battaglia contro la SLA<\/a>&#8220;, si legge nella dichiarazione rilasciata. &#8220;Ha trascorso i suoi ultimi giorni circondato da cari amici, dalla sua devota moglie e dalle sue due splendide figlie, Billie e Georgia, che erano il centro del suo mondo&#8221;.<\/p>\n<p>\u00a0<\/p>\n<p>&#8220;Durante il suo percorso con la SLA, Eric \u00e8 diventato un appassionato sostenitore della sensibilizzazione e della ricerca, determinato a <strong>fare la differenza per chi affronta la stessa lotta<\/strong>. Ci mancher\u00e0 profondamente e lo ricorderemo sempre con affetto. Eric adorava i suoi fan e sar\u00e0 per sempre grato per le dimostrazioni di amore e sostegno che ha ricevuto. La famiglia chiede il rispetto della privacy mentre affronta questo momento difficile&#8221;.<\/p>\n<p>\t\t \tLa carriera<\/p>\n<p>Eric William Dane, nato a San Francisco il 9 novembre 1972, si trasfer\u00ec a Los Angeles all&#8217;inizio degli anni Novanta con il sogno di fare l&#8217;attore, debuttando nel 1991 con un piccolo ruolo in Bayside School e alternando poi apparizioni in serie come Sposati&#8230; con figli e Pappa e ciccia. \u00a0<\/p>\n<p>\u00a0<\/p>\n<p>La vera svolta arriv\u00f2 nel 2006, quando <strong>approd\u00f2 in Grey&#8217;s Anatomy nei panni del dottor Mark Sloan, soprannominato &#8220;Dottor Bollore<\/strong>&#8220;: quello che doveva essere un cameo diventa un ruolo fisso dalla terza stagione, grazie al travolgente gradimento del pubblico, con Dane che rest\u00f2 nel cast fino al 2012. Dopo l&#8217;addio al Grey Sloan Memorial, <strong>interpret\u00f2 per cinque stagioni il comandante Tom Chandler in\u00a0The Last Ship<\/strong>, serie TNT andata in onda dal 2014 al 2018 in cui un equipaggio navale lotta per trovare la cura a una pandemia globale. Nel\u00a02019 arriv\u00f2 la svolta pi\u00f9 coraggiosa della sua carriera: in <a title=\"Euphoria 3, i protagonisti nelle immagini del backstage della nuova stagione\" data-intcmp=\"skytg24_foglia articolo_interlink_text\" href=\"https:\/\/tg24.sky.it\/spettacolo\/serie-tv\/2026\/02\/19\/euphoria-3-anticipazioni\" rel=\"nofollow noopener\" target=\"_blank\">Euphoria<\/a> di HBO vest\u00ec i panni di <strong>Cal Jacobs, padre di<\/strong> <strong>Nate<\/strong>, un personaggio capace di usare il fascino da protagonista televisivo per nascondere una personalit\u00e0 oscura e pericolosa.\u00a0 Ruolo, questo, che ha continuato a interpretare fino alla morte.<\/p>\n<p>\t\t\t<a class=\"c-inline-card j-inline-card c-inline-card--with-image\" href=\"https:\/\/tg24.sky.it\/spettacolo\/serie-tv\/2025\/06\/17\/eric-dane-malattia\" rel=\"follow nofollow noopener\" data-intcmp=\"skytg24_articolo_approfondimenti_inline\" target=\"_blank\"><\/p>\n<p>\t\t\t         <img decoding=\"async\" crossorigin=\"anonymous\" alt=\"\" src=\"https:\/\/www.europesays.com\/it\/wp-content\/uploads\/2026\/02\/ericdane.jpg\"  loading=\"lazy\"  bad-src=\"https:\/\/www.europesays.com\/it\/wp-content\/uploads\/2026\/02\/ericdane.jpg\"\/><\/p>\n<p>\n\t\t\t         Approfondimento<br \/>\n\t\t\t         Eric Dane racconta la Sla: &#8220;Il braccio destro non funziona pi\u00f9&#8221;\n\t\t\t      <\/p>\n<p>\t\t\t<\/a><\/p>\n","protected":false},"excerpt":{"rendered":"Eric Dane, volto del Dr. Mark Sloan in Grey&#8217;s Anatomy, \u00e8 morto a 53 anni, dieci mesi dopo&hellip;\n","protected":false},"author":3,"featured_media":362487,"comment_status":"","ping_status":"","sticky":false,"template":"","format":"standard","meta":{"footnotes":"","_share_on_mastodon":"0"},"categories":[174],"tags":[203,80232,204,1537,90,89],"class_list":["post-362486","post","type-post","status-publish","format-standard","has-post-thumbnail","category-intrattenimento","tag-entertainment","tag-grey","tag-intrattenimento","tag-it","tag-italia","tag-italy"],"share_on_mastodon":{"url":"https:\/\/pubeurope.com\/@it\/116103941174357160","error":""},"_links":{"self":[{"href":"https:\/\/www.europesays.com\/it\/wp-json\/wp\/v2\/posts\/362486","targetHints":{"allow":["GET"]}}],"collection":[{"href":"https:\/\/www.europesays.com\/it\/wp-json\/wp\/v2\/posts"}],"about":[{"href":"https:\/\/www.europesays.com\/it\/wp-json\/wp\/v2\/types\/post"}],"author":[{"embeddable":true,"href":"https:\/\/www.europesays.com\/it\/wp-json\/wp\/v2\/users\/3"}],"replies":[{"embeddable":true,"href":"https:\/\/www.europesays.com\/it\/wp-json\/wp\/v2\/comments?post=362486"}],"version-history":[{"count":0,"href":"https:\/\/www.europesays.com\/it\/wp-json\/wp\/v2\/posts\/362486\/revisions"}],"wp:featuredmedia":[{"embeddable":true,"href":"https:\/\/www.europesays.com\/it\/wp-json\/wp\/v2\/media\/362487"}],"wp:attachment":[{"href":"https:\/\/www.europesays.com\/it\/wp-json\/wp\/v2\/media?parent=362486"}],"wp:term":[{"taxonomy":"category","embeddable":true,"href":"https:\/\/www.europesays.com\/it\/wp-json\/wp\/v2\/categories?post=362486"},{"taxonomy":"post_tag","embeddable":true,"href":"https:\/\/www.europesays.com\/it\/wp-json\/wp\/v2\/tags?post=362486"}],"curies":[{"name":"wp","href":"https:\/\/api.w.org\/{rel}","templated":true}]}}