{"id":363898,"date":"2026-02-21T14:41:11","date_gmt":"2026-02-21T14:41:11","guid":{"rendered":"https:\/\/www.europesays.com\/it\/363898\/"},"modified":"2026-02-21T14:41:11","modified_gmt":"2026-02-21T14:41:11","slug":"morte-eric-dane-gli-amici-aprono-raccolta-fondi-su-gofundme-per-le-due-figlie-i-sky-tg24","status":"publish","type":"post","link":"https:\/\/www.europesays.com\/it\/363898\/","title":{"rendered":"Morte Eric Dane, gli amici aprono raccolta fondi su GoFundMe per le due figlie I Sky Tg24"},"content":{"rendered":"<p>Gli amici dell&#8217;attore, scomparso gioved\u00ec scorso a seguito della sua battaglia contro la SLA, si sono uniti per creare una raccolta fondi volta a sostenere le sue due figlie e le loro future necessit\u00e0. &#8220;Qualsiasi contributo, indipendentemente dall\u2019importo, aiuter\u00e0 a garantire stabilit\u00e0 in questo momento incredibilmente difficile&#8221;, si legge nella nota sul sito di GoFundMe<\/p>\n<p>Eric Dane, morto gioved\u00ec 19 febbraio, dopo una\u00a0<a href=\"https:\/\/tg24.sky.it\/spettacolo\/2025\/10\/02\/eric-dane-malattia\" rel=\"nofollow noopener\" target=\"_blank\"><strong>coraggiosa battaglia contro la SLA<\/strong><\/a>, cos\u00ec come aveva confermato la famiglia a\u00a0PEOPLE, ha trascorso i suoi ultimi giorni circondato da cari amici, dalla sua devota moglie e dalle sue due splendide figlie,\u00a0 che erano il centro del suo mondo, ed \u00e8 proprio per sostenere\u00a0Billie e Georgia, che i suoi amici pi\u00f9 stretti si sono mobilitati e uniti. Grazie a loro infatti \u00e8 stata aperta una raccolta fondi su GoFundMe per dare supporto alle sue ragazze e le loro future necessit\u00e0.<\/p>\n<p>Dopo la diagnosi, <strong><a data-intcmp=\"skytg24_foglia articolo_interlink_text\" href=\"https:\/\/tg24.sky.it\/spettacolo\/serie-tv\/2025\/06\/17\/eric-dane-malattia\" rel=\"nofollow noopener\" target=\"_blank\">Eric \u00e8 diventato un importante portavoce della comunit\u00e0 della SLA<\/a><\/strong>, usando la sua voce e la sua visibilit\u00e0 per sostenere gli altri pazienti e promuovere una maggiore consapevolezza. Anche quando la sua salute peggiorava, \u00e8 rimasto profondamente impegnato ad aiutare chi stava affrontando la stessa devastante malattia. Poich\u00e9 la sua malattia \u00e8 progredita molto pi\u00f9 rapidamente di quanto chiunque potesse immaginare, gli amici di Eric hanno voluto fare un gesto concreto. &#8220;Qualsiasi contributo, indipendentemente dall\u2019importo, aiuter\u00e0 a garantire stabilit\u00e0 in questo momento incredibilmente difficile e in futuro per le meravigliose figlie di Eric&#8221;, si legge nella nota sul sito\u00a0GoFundMe.<\/p>\n<p>\t\t\t<a class=\"c-inline-card j-inline-card c-inline-card--with-image\" href=\"https:\/\/tg24.sky.it\/spettacolo\/serie-tv\/2026\/02\/20\/eric-dane-morto\" rel=\"follow nofollow noopener\" data-intcmp=\"skytg24_articolo_approfondimenti_inline\" target=\"_blank\"><\/p>\n<p>\t\t\t         <img decoding=\"async\" crossorigin=\"anonymous\" alt=\"\" src=\"https:\/\/www.europesays.com\/it\/wp-content\/uploads\/2026\/02\/1771684871_207_eric_dane.jpg\"  loading=\"lazy\"  bad-src=\"https:\/\/www.europesays.com\/it\/wp-content\/uploads\/2026\/02\/1771684871_207_eric_dane.jpg\"\/><\/p>\n<p>\n\t\t\t         Approfondimento<br \/>\n\t\t\t         Addio a Eric Dane, il Dr. Mark Sloan di Grey&#8217;s Anatomy\n\t\t\t      <\/p>\n<p>\t\t\t<\/a><\/p>\n","protected":false},"excerpt":{"rendered":"Gli amici dell&#8217;attore, scomparso gioved\u00ec scorso a seguito della sua battaglia contro la SLA, si sono uniti per&hellip;\n","protected":false},"author":3,"featured_media":363899,"comment_status":"","ping_status":"","sticky":false,"template":"","format":"standard","meta":{"footnotes":"","_share_on_mastodon":"0"},"categories":[174],"tags":[203,80232,204,1537,90,89],"class_list":["post-363898","post","type-post","status-publish","format-standard","has-post-thumbnail","category-intrattenimento","tag-entertainment","tag-grey","tag-intrattenimento","tag-it","tag-italia","tag-italy"],"share_on_mastodon":{"url":"https:\/\/pubeurope.com\/@it\/116109147588774863","error":""},"_links":{"self":[{"href":"https:\/\/www.europesays.com\/it\/wp-json\/wp\/v2\/posts\/363898","targetHints":{"allow":["GET"]}}],"collection":[{"href":"https:\/\/www.europesays.com\/it\/wp-json\/wp\/v2\/posts"}],"about":[{"href":"https:\/\/www.europesays.com\/it\/wp-json\/wp\/v2\/types\/post"}],"author":[{"embeddable":true,"href":"https:\/\/www.europesays.com\/it\/wp-json\/wp\/v2\/users\/3"}],"replies":[{"embeddable":true,"href":"https:\/\/www.europesays.com\/it\/wp-json\/wp\/v2\/comments?post=363898"}],"version-history":[{"count":0,"href":"https:\/\/www.europesays.com\/it\/wp-json\/wp\/v2\/posts\/363898\/revisions"}],"wp:featuredmedia":[{"embeddable":true,"href":"https:\/\/www.europesays.com\/it\/wp-json\/wp\/v2\/media\/363899"}],"wp:attachment":[{"href":"https:\/\/www.europesays.com\/it\/wp-json\/wp\/v2\/media?parent=363898"}],"wp:term":[{"taxonomy":"category","embeddable":true,"href":"https:\/\/www.europesays.com\/it\/wp-json\/wp\/v2\/categories?post=363898"},{"taxonomy":"post_tag","embeddable":true,"href":"https:\/\/www.europesays.com\/it\/wp-json\/wp\/v2\/tags?post=363898"}],"curies":[{"name":"wp","href":"https:\/\/api.w.org\/{rel}","templated":true}]}}