{"id":363940,"date":"2026-02-21T15:13:13","date_gmt":"2026-02-21T15:13:13","guid":{"rendered":"https:\/\/www.europesays.com\/it\/363940\/"},"modified":"2026-02-21T15:13:13","modified_gmt":"2026-02-21T15:13:13","slug":"le-reazioni-alla-morte-di-domenico-meloni-questo-piccolo-guerriero-non-sara-dimenticato-ma-si-faccia-piena-luce-sulla-vicenda","status":"publish","type":"post","link":"https:\/\/www.europesays.com\/it\/363940\/","title":{"rendered":"Le reazioni alla morte di Domenico, Meloni: \u00abQuesto piccolo guerriero non sar\u00e0 dimenticato, ma si faccia piena luce sulla vicenda\u00bb"},"content":{"rendered":"<p>\t\t\tL&#8217;Osservatore Romano, una luce nella tragedia<\/p>\n<p>C&#8217;\u00e8 una \u00abluce\u00bb nella pur tragica vicenda della morte del bambino al Monaldi di Napoli. Lo sottolinea in prima pagina l&#8217;Osservatore Romano. \u00abLa Luce \u00e8 il segno di questa tragica vicenda\u00bb che \u00e8 comunque \u00abuna storia dolorosa da togliere fiato e parole, da lasciare spazio appunto all&#8217; `unica arma possibile\u00b4: la preghiera\u00bb. Il giornale del Papa ricorda che \u00abchi ha vissuto la malattia, il fine vita, la morte di un figlio, conosce le tenebre. Sa quanto sia difficile risalire. Eppure Patrizia, nel tempo della malattia, nei giorni pi\u00f9 duri, sull&#8217;altalena della speranza e della disperazione, assediata da telecamere e microfoni, nel turbinio pi\u00f9 frenetico di contatti, dichiarazioni, consulti, \u00e8 riuscita a trovare parole, gesti infiniti di Luce\u00bb. Questa mamma \u00ab\u00e8 stata capace di dare misura quando tutto intorno \u00e8 eccesso; dare senso, quando tutto intorno \u00e8 assurdit\u00e0, testimoniare il Bene\u00bb.\u00a0<\/p>\n","protected":false},"excerpt":{"rendered":"L&#8217;Osservatore Romano, una luce nella tragedia C&#8217;\u00e8 una \u00abluce\u00bb nella pur tragica vicenda della morte del bambino al&hellip;\n","protected":false},"author":3,"featured_media":363941,"comment_status":"","ping_status":"","sticky":false,"template":"","format":"standard","meta":{"footnotes":"","_share_on_mastodon":"0"},"categories":[6],"tags":[14226,16403,500,33901,12288,210726,4197,29856,87,10213,5310,119,917,84867,4072,24299,208561,694,147247,721,8818,2008,210727,6911,19299,26603,28709,139627,931,15252,210728,2287,106509,14,61055,6036,2276,397,1107,1905,27224,1909,3593,2753,8,51588,210715,23145,129033,1537,90,89,18494,56,4002,210716,1222,58,3483,70520,964,210710,210711,300,248,7,1693,15,82,9,83,10,29494,402,210717,210718,690,4979,38681,7386,210719,210709,26124,210720,210721,4565,1698,135,5068,106502,210722,210723,210724,1270,21913,8752,210713,210714,2762,835,42582,210725,210712,13,9500,28160,11,80,84,12,81,85,2786,47756],"class_list":["post-363940","post","type-post","status-publish","format-standard","has-post-thumbnail","category-ultime-notizie","tag-abbraccio","tag-accadere","tag-accaduto","tag-adige","tag-affetto","tag-affetto-genitori","tag-alto","tag-alto-adige","tag-amore","tag-anelli","tag-angelo","tag-antonio","tag-autorita","tag-autorita-competenti","tag-azienda","tag-azienda-sanitaria","tag-azienda-sanitaria-alto","tag-bambino","tag-bambino-morto","tag-calcio","tag-campania","tag-campi","tag-campi-calcio","tag-chiarezza","tag-chirurgo","tag-coinvolte","tag-commozione","tag-competenti","tag-comunita","tag-coraggio","tag-coraggio-mamma","tag-cordoglio","tag-cordoglio-famiglia","tag-cronaca","tag-crudele","tag-cuore","tag-dare","tag-destino","tag-dignita","tag-dolore","tag-domenico","tag-famiglia","tag-fiducia","tag-genitori","tag-headlines","tag-immenso","tag-immenso-dolore","tag-intera","tag-intera-comunita","tag-it","tag-italia","tag-italy","tag-luce","tag-magistratura","tag-mamma","tag-mamma-patrizia","tag-medici","tag-meloni","tag-minuto","tag-minuto-silenzio","tag-morte","tag-morte-piccolo","tag-morte-piccolo-domenico","tag-morto","tag-napoli","tag-news","tag-nome","tag-notizie","tag-notizie-di-cronaca","tag-notizie-principali","tag-notiziedicronaca","tag-notizieprincipali","tag-ordini","tag-pace","tag-pace-piccolo","tag-pace-piccolo-angelo","tag-papa","tag-parole","tag-patrizia","tag-piccolo","tag-piccolo-angelo","tag-piccolo-domenico","tag-piena","tag-piena-fiducia","tag-piena-luce","tag-possibile","tag-preghiera","tag-presidente","tag-profondo","tag-profondo-cordoglio","tag-riposa","tag-riposa-pace","tag-riposa-pace-piccolo","tag-rispetto","tag-rivolgo","tag-scomparsa","tag-scomparsa-piccolo","tag-scomparsa-piccolo-domenico","tag-sentito","tag-silenzio","tag-sincera","tag-sincera-vicinanza","tag-stringiamo","tag-titoli","tag-tragedia","tag-tragica","tag-ultime-notizie","tag-ultime-notizie-di-cronaca","tag-ultime-notizie-e-news-di-oggi","tag-ultimenotizie","tag-ultimenotiziedicronaca","tag-ultimenotizieenewsdioggi","tag-vicenda","tag-vicinanza"],"share_on_mastodon":{"url":"","error":"Validation failed: Text character limit of 500 exceeded"},"_links":{"self":[{"href":"https:\/\/www.europesays.com\/it\/wp-json\/wp\/v2\/posts\/363940","targetHints":{"allow":["GET"]}}],"collection":[{"href":"https:\/\/www.europesays.com\/it\/wp-json\/wp\/v2\/posts"}],"about":[{"href":"https:\/\/www.europesays.com\/it\/wp-json\/wp\/v2\/types\/post"}],"author":[{"embeddable":true,"href":"https:\/\/www.europesays.com\/it\/wp-json\/wp\/v2\/users\/3"}],"replies":[{"embeddable":true,"href":"https:\/\/www.europesays.com\/it\/wp-json\/wp\/v2\/comments?post=363940"}],"version-history":[{"count":0,"href":"https:\/\/www.europesays.com\/it\/wp-json\/wp\/v2\/posts\/363940\/revisions"}],"wp:featuredmedia":[{"embeddable":true,"href":"https:\/\/www.europesays.com\/it\/wp-json\/wp\/v2\/media\/363941"}],"wp:attachment":[{"href":"https:\/\/www.europesays.com\/it\/wp-json\/wp\/v2\/media?parent=363940"}],"wp:term":[{"taxonomy":"category","embeddable":true,"href":"https:\/\/www.europesays.com\/it\/wp-json\/wp\/v2\/categories?post=363940"},{"taxonomy":"post_tag","embeddable":true,"href":"https:\/\/www.europesays.com\/it\/wp-json\/wp\/v2\/tags?post=363940"}],"curies":[{"name":"wp","href":"https:\/\/api.w.org\/{rel}","templated":true}]}}