{"id":364588,"date":"2026-02-22T01:07:12","date_gmt":"2026-02-22T01:07:12","guid":{"rendered":"https:\/\/www.europesays.com\/it\/364588\/"},"modified":"2026-02-22T01:07:12","modified_gmt":"2026-02-22T01:07:12","slug":"juve-di-gregorio-e-un-caso-troppi-errori-e-costato-9-punti","status":"publish","type":"post","link":"https:\/\/www.europesays.com\/it\/364588\/","title":{"rendered":"Juve, Di Gregorio \u00e8 un caso: troppi errori, \u00e8 costato 9 punti"},"content":{"rendered":"<p class=\"paragraph\" spellcheck=\"true\">Per Spalletti &#8220;non ha nessuna responsabilit\u00e0 in pi\u00f9 degli altri&#8221;, anche se poi il tecnico toscano ammette che &#8220;\u00e8 in un momento di difficolt\u00e0 come tutta la squadra&#8221;. Per i tifosi, per\u00f2, \u00e8 in cima alla lista dei colpevoli del momento nerissimo della Juventus. La terza partita incerta consecutiva di Michele Di Gregorio, profondamente responsabile sulla rete di Vojvoda in Juve-Como cos\u00ec come lo era stato una settimana fa a San Siro del gol del vantaggio dell&#8217;Inter, ha aperto il caso portiere in casa bianconera. Abituato a fenomeni del ruolo (da Buffon a Szczesny, da Peruzzi a Tacconi a Zoff qelli che si sono alternati nell&#8217;ultimo cinquantennio) il popolo juventino non si sente sicuro con un numero uno capace pure di grandi interventi, ma che non d\u00e0 mai quella sensazione di\u00a0affidabilit\u00e0 totale. I numeri parlano chiaro: Di Gregorio ha concesso quasi un gol in pi\u00f9 di quelli previsti (22 contro una previsione di 21,22), mentre i migliori portieri del campionato hanno un dato nettamente migliore: Maignan ha evitato 9 reti, Carnesecchi 8, Provedel 6,4, Svilar 5,69. Ecco tutti gli errori gi\u00e0 collezionati fin qui da Di Gregorio in stagione, che sono costati alla Juve, almeno, 9 punti tra campionato e Champions.<\/p>\n","protected":false},"excerpt":{"rendered":"Per Spalletti &#8220;non ha nessuna responsabilit\u00e0 in pi\u00f9 degli altri&#8221;, anche se poi il tecnico toscano ammette che&hellip;\n","protected":false},"author":3,"featured_media":364589,"comment_status":"","ping_status":"","sticky":false,"template":"","format":"standard","meta":{"footnotes":"","_share_on_mastodon":"0"},"categories":[6],"tags":[24227,34006,2478,2482,1856,1045,1969,1970,3705,14,51886,2878,210920,6196,5362,3222,629,1976,56827,210921,8,210919,4392,350,1537,90,89,565,210922,24448,558,1980,487,2051,77587,7,15,82,9,83,10,3205,3171,1955,31158,3480,1290,3671,2466,98,2855,6324,1292,2518,210923,15313,3207,17168,1857,577,3209,13,11,80,84,12,81,85,51885],"class_list":["post-364588","post","type-post","status-publish","format-standard","has-post-thumbnail","category-ultime-notizie","tag-accenna","tag-anziche","tag-arriva","tag-azione","tag-campionato","tag-casi","tag-champions","tag-champions-league","tag-como","tag-cronaca","tag-cunha","tag-da","tag-da-sensazione","tag-errore","tag-errori","tag-esce","tag-gara","tag-gol","tag-gregorio","tag-gregorio-vive","tag-headlines","tag-imparabile","tag-impressione","tag-inter","tag-it","tag-italia","tag-italy","tag-juve","tag-juve-gregorio","tag-juventino","tag-juventus","tag-league","tag-mani","tag-migliore","tag-momentaneo","tag-news","tag-notizie","tag-notizie-di-cronaca","tag-notizie-principali","tag-notiziedicronaca","tag-notizieprincipali","tag-occasione","tag-palla","tag-pallone","tag-palo","tag-pareggio","tag-partita","tag-passa","tag-pochi","tag-porta","tag-portiere","tag-posizione","tag-punti","tag-rete","tag-rete-vojvoda","tag-reti","tag-riesce","tag-sensazione","tag-squadra","tag-stagione","tag-tiro","tag-titoli","tag-ultime-notizie","tag-ultime-notizie-di-cronaca","tag-ultime-notizie-e-news-di-oggi","tag-ultimenotizie","tag-ultimenotiziedicronaca","tag-ultimenotizieenewsdioggi","tag-vojvoda"],"share_on_mastodon":{"url":"","error":"Validation failed: Text character limit of 500 exceeded"},"_links":{"self":[{"href":"https:\/\/www.europesays.com\/it\/wp-json\/wp\/v2\/posts\/364588","targetHints":{"allow":["GET"]}}],"collection":[{"href":"https:\/\/www.europesays.com\/it\/wp-json\/wp\/v2\/posts"}],"about":[{"href":"https:\/\/www.europesays.com\/it\/wp-json\/wp\/v2\/types\/post"}],"author":[{"embeddable":true,"href":"https:\/\/www.europesays.com\/it\/wp-json\/wp\/v2\/users\/3"}],"replies":[{"embeddable":true,"href":"https:\/\/www.europesays.com\/it\/wp-json\/wp\/v2\/comments?post=364588"}],"version-history":[{"count":0,"href":"https:\/\/www.europesays.com\/it\/wp-json\/wp\/v2\/posts\/364588\/revisions"}],"wp:featuredmedia":[{"embeddable":true,"href":"https:\/\/www.europesays.com\/it\/wp-json\/wp\/v2\/media\/364589"}],"wp:attachment":[{"href":"https:\/\/www.europesays.com\/it\/wp-json\/wp\/v2\/media?parent=364588"}],"wp:term":[{"taxonomy":"category","embeddable":true,"href":"https:\/\/www.europesays.com\/it\/wp-json\/wp\/v2\/categories?post=364588"},{"taxonomy":"post_tag","embeddable":true,"href":"https:\/\/www.europesays.com\/it\/wp-json\/wp\/v2\/tags?post=364588"}],"curies":[{"name":"wp","href":"https:\/\/api.w.org\/{rel}","templated":true}]}}