{"id":364598,"date":"2026-02-22T01:20:12","date_gmt":"2026-02-22T01:20:12","guid":{"rendered":"https:\/\/www.europesays.com\/it\/364598\/"},"modified":"2026-02-22T01:20:12","modified_gmt":"2026-02-22T01:20:12","slug":"inter-come-cresce-arntzen-ottimo-esordio-con-la-norvegia-u17","status":"publish","type":"post","link":"https:\/\/www.europesays.com\/it\/364598\/","title":{"rendered":"Inter, come cresce Arntzen! Ottimo esordio con la Norvegia U17"},"content":{"rendered":"<p>Il centrocampista classe 2009, uno dei talenti pi\u00f9 interessanti del settore giovanile nerazzurro, ha debuttato con la Nazionale<\/p>\n<p>Il Bod\u00f8\/Glimt non rappresenta solamente il grande ostacolo sul cammino dell&#8217;Inter in Champions League. \u00c8 anche il club dal quale i nerazzurri hanno pescato in estate due talentini sui quali in molti sono pronti a scommettere: Jonas Dahlberg Strand e Matheo Arntzen. Attaccante classe 2008 il primo, centrocampista classe 2009 il secondo, entrambi punti fermi dell&#8217;U18. <a href=\"https:\/\/www.fcinter1908.it\/inter-primavera\/arntzen-norvegia-inter\/\" rel=\"nofollow noopener\" target=\"_blank\">Arntzen<\/a>, nello specifico, ha tagliato un altro traguardo importanti in questi giorni, debuttando con la Norvegia U17.<\/p>\n<p>Convocato dal ct Tore Andre Flo (leggenda del calcio scandinavo con un passato anche in Serie A con la maglia del Siena) per i test amichevoli contro Irlanda del Nord e Scozia, il centrocampista nerazzurro ha potuto mettersi in mostra anche davanti ai suoi connazionali, che gi\u00e0 conoscevano bene le sue qualit\u00e0.<\/p>\n<p>Quello che non potevano sapere erano i miglioramenti ottenuti in questi mesi in Italia, soprattutto dal punto di vista della personalit\u00e0: in campo per tutto il secondo tempo nel primo match, titolare nel secondo (sostituito al 70&#8242;), Arntzen si \u00e8 distinto come uno dei migliori della sua selezione, muovendosi con tranquillit\u00e0 e naturalezza sulla linea mediana, dimostrando pulizia nelle giocate e ottime letture di gioco. Progressi che a Interello stanno notando da tempo&#8230;<\/p>\n<p class=\"is-copyright\">\u00a9 RIPRODUZIONE RISERVATA<\/p>\n","protected":false},"excerpt":{"rendered":"Il centrocampista classe 2009, uno dei talenti pi\u00f9 interessanti del settore giovanile nerazzurro, ha debuttato con la Nazionale&hellip;\n","protected":false},"author":3,"featured_media":364599,"comment_status":"","ping_status":"","sticky":false,"template":"","format":"standard","meta":{"footnotes":"","_share_on_mastodon":"0"},"categories":[1452],"tags":[7526,210924,210925,9534,210926,104310,721,3153,3154,3155,46940,1740,350,1537,90,89,8392,3038,1739,245,244],"class_list":["post-364598","post","type-post","status-publish","format-standard","has-post-thumbnail","category-calcio","tag-amichevoli","tag-amichevoli-irlanda","tag-amichevoli-irlanda-nord","tag-andre","tag-andre-flo","tag-arntzen","tag-calcio","tag-centrocampista","tag-centrocampista-classe","tag-classe","tag-flo","tag-football","tag-inter","tag-it","tag-italia","tag-italy","tag-nerazzurro","tag-norvegia","tag-soccer","tag-sport","tag-sports"],"share_on_mastodon":{"url":"https:\/\/pubeurope.com\/@it\/116111659747051796","error":""},"_links":{"self":[{"href":"https:\/\/www.europesays.com\/it\/wp-json\/wp\/v2\/posts\/364598","targetHints":{"allow":["GET"]}}],"collection":[{"href":"https:\/\/www.europesays.com\/it\/wp-json\/wp\/v2\/posts"}],"about":[{"href":"https:\/\/www.europesays.com\/it\/wp-json\/wp\/v2\/types\/post"}],"author":[{"embeddable":true,"href":"https:\/\/www.europesays.com\/it\/wp-json\/wp\/v2\/users\/3"}],"replies":[{"embeddable":true,"href":"https:\/\/www.europesays.com\/it\/wp-json\/wp\/v2\/comments?post=364598"}],"version-history":[{"count":0,"href":"https:\/\/www.europesays.com\/it\/wp-json\/wp\/v2\/posts\/364598\/revisions"}],"wp:featuredmedia":[{"embeddable":true,"href":"https:\/\/www.europesays.com\/it\/wp-json\/wp\/v2\/media\/364599"}],"wp:attachment":[{"href":"https:\/\/www.europesays.com\/it\/wp-json\/wp\/v2\/media?parent=364598"}],"wp:term":[{"taxonomy":"category","embeddable":true,"href":"https:\/\/www.europesays.com\/it\/wp-json\/wp\/v2\/categories?post=364598"},{"taxonomy":"post_tag","embeddable":true,"href":"https:\/\/www.europesays.com\/it\/wp-json\/wp\/v2\/tags?post=364598"}],"curies":[{"name":"wp","href":"https:\/\/api.w.org\/{rel}","templated":true}]}}