{"id":364605,"date":"2026-02-22T01:27:28","date_gmt":"2026-02-22T01:27:28","guid":{"rendered":"https:\/\/www.europesays.com\/it\/364605\/"},"modified":"2026-02-22T01:27:28","modified_gmt":"2026-02-22T01:27:28","slug":"polonara-ero-guarito-e-arrivo-la-leucemia-pensai-al-suicidio-fu-mia-moglie-a-fermarmi-ero-molto-credente-ora-non-lo-sono-piu","status":"publish","type":"post","link":"https:\/\/www.europesays.com\/it\/364605\/","title":{"rendered":"Polonara: \u00abEro guarito e arriv\u00f2 la leucemia. Pensai al suicidio, fu mia moglie a fermarmi. Ero molto credente, ora non lo sono pi\u00f9\u00bb"},"content":{"rendered":"<p>    di<br \/>\n    Roberto De Ponti<\/p>\n<p class=\"summary-art is-line-h-12\">Il cestista: \u00abSono tornato ad allenarmi e a divertirmi con il basket. Prima ero molto credente, non lo sono pi\u00f9\u00bb<\/p>\n<p class=\"chapter-paragraph\"><b>DAL NOSTRO INVIATO<\/b><br \/><b>PORTO SAN GIORGIO (FERMO) &#8211; Achille Polonara, la prima domanda \u00e8 d\u2019obbligo. Come sta?<\/b><br \/>\u00abSto bene. Naturalmente questi mesi mi hanno un po\u2019 segnato. Capisci varie cose. Per esempio, che tantissime persone mi sono state vicine\u00bb.<\/p>\n<p class=\"chapter-paragraph\">Essere <b>Achille Polonara <\/b>oggi<a href=\"https:\/\/corrieredibologna.corriere.it\/notizie\/cronaca\/25_dicembre_02\/achille-polonara-un-mese-fa-ho-rischiato-la-vita-sto-migliorando-e-stato-un-miracolo-ringrazio-la-donatrice-e-i-medici-per-le-093187f6-4e67-41db-b6d8-a6e6f0aacxlk.shtml\" rel=\"nofollow noopener\" target=\"_blank\"> non \u00e8 facilissimo<\/a>. Hai tutto, una moglie innamorata, due figli tenerissimi. Sei un cestista di talento, Virtus Bologna, Nazionale. Poi, a nemmeno 34 anni, ti becchi due sfondamenti da paura. Un tumore al testicolo, chemio e rapida ripresa. Torni in campo tra gli applausi e dopo un paio di mesi quella che nasce come una banale febbriciattola diventa una <a href=\"https:\/\/www.corriere.it\/sport\/25_dicembre_02\/achille-polonara-miracolo-trapianto-admo-1125d30b-e5e6-40e4-b30a-95b080b76xlk.shtml\" rel=\"nofollow noopener\" target=\"_blank\">leucemia <\/a>mieloide acuta. <a href=\"https:\/\/www.corriere.it\/sport\/25_novembre_05\/polonara-coma-cosa-successo-come-sta-c17e76d3-097e-41e2-ab1b-5cde0e848xlk.shtml\" rel=\"nofollow noopener\" target=\"_blank\">Trapianto di midollo, <\/a>cure sperimentali <a href=\"https:\/\/www.corriere.it\/sport\/25_luglio_19\/achille-polonara-leucemia-cure-intervista-316a8add-c780-4d77-9e59-6b2c30a68xlk.shtml\" rel=\"nofollow noopener\" target=\"_blank\">a Valencia<\/a>, <b>un coma di cinque giorni, una trombosi.<\/b>    &#13;<br \/>\n&#13;<br \/>\n&#13;<br \/>\n&#13;<br \/>\n&#13;<br \/>\n&#13;<br \/>\n&#13;<br \/>\n&#13;<br \/>\n&#13;<br \/>\n&#13;<br \/>\n&#13;<br \/>\n&#13;<br \/>\n&#13;<br \/>\n&#13;<br \/>\n&#13;<br \/>\n&#13;<br \/>\n&#13;<br \/>\n&#13;<br \/>\n&#13;<br \/>\n&#13;<br \/>\n&#13;<br \/>\n&#13;<br \/>\n&#13;<br \/>\n&#13;<br \/>\n&#13;<br \/>\n&#13;<br \/>\n&#13;<br \/>\n&#13;<br \/>\n&#13;<br \/>\n&#13;<br \/>\n&#13;<br \/>\n&#13;<br \/>\n&#13;<br \/>\n&#13;<br \/>\n&#13;<br \/>\n&#13;<br \/>\n&#13;<br \/>\n&#13;<br \/>\n&#13;<br \/>\n&#13;<br \/>\n&#13;<br \/>\n&#13;<br \/>\n&#13;<br \/>\n&#13;<br \/>\n&#13;<br \/>\n&#13;<br \/>\n&#13;<br \/>\n&#13;<br \/>\n&#13;<br \/>\n&#13;<br \/>\n&#13;<br \/>\n&#13;<br \/>\n&#13;\n<\/p>\n<p class=\"chapter-paragraph\">Oggi <b>Achi pu\u00f2 sorridere<\/b>, spera che il peggio sia passato e accarezza il sogno di tornare sul parquet.<b> Volendo, \u00e8 tesserato per la Dinamo Sassari<\/b>. \u00abMa in questo momento vedo il basket non come una professione ma come un divertimento. E vorrei tornare a divertirmi\u00bb.<\/p>\n<p class=\"chapter-paragraph\"><b>Si sente pronto?<\/b><br \/>\u00abMi manca un\u2019operazione\u00bb.<\/p>\n<p class=\"chapter-paragraph\"><b>In che senso?<\/b><br \/>\u00abLuned\u00ec mi chiudono un foro nel cuore con uno strumento chiamato ombrellino\u00bb.<\/p>\n<p class=\"chapter-paragraph\"><b>Questa ci mancava.<\/b><br \/>\u00abS\u00ec, ma dopo quello che ho passato \u00e8 una passeggiata di salute\u00bb.<\/p>\n<p class=\"chapter-paragraph\"><b>I tifosi la aspettano.<\/b><br \/>\u00abHo visto cose molto belle, gli striscioni dei giocatori di Baskonia, Zalgiris, Fenerbah\u00e7e, di diverse squadre italiane. Gli applausi dei tifosi, anche avversari. In tanti mi fermano per strada per sapere come sto, e questo affetto mi fa molto piacere\u00bb.<\/p>\n<p class=\"chapter-paragraph\"><b>A Sassari lo speaker l\u2019ha chiamata \u00abguerriero\u00bb.<\/b><br \/>\u00abS\u00ec, ma vorrei precisare una cosa. Ci tengo\u00bb.<\/p>\n<p class=\"chapter-paragraph\"><b>Prego.<\/b><br \/>\u00abPer molte persone sembra che io abbia fatto chiss\u00e0 cosa, ma se tu mi chiedi che cosa ho fatto, in realt\u00e0 sono andato in coma e mi sono risvegliato. Non ci vedo nulla di eroico\u00bb.<\/p>\n<p class=\"chapter-paragraph\"><b>Il coma \u00e8 stato il momento pi\u00f9 drammatico della sua, chiamiamola cos\u00ec, avventura?<\/b><br \/>\u00abDecisamente. Mi stavano togliendo un sondino per rimandarmi a casa dall\u2019ospedale, ho cominciato a tossire convulsamente, ad agitarmi. Ho perso conoscenza da solo, nessun coma farmacologico\u00bb.<\/p>\n<p class=\"chapter-paragraph\"><b>C\u2019\u00e8 quella telefonata, poi mandata in onda, di sua moglie Erika a Nicol\u00f2 Devitiis, vostro amico e conduttore delle Iene, che con voce tremante diceva \u00abCiao Nico\u2019, Achille ieri \u00e8 andato in coma. Ci sono poche speranze\u00bb.<\/b><br \/>\u00abDiciamo che ho fatto preoccupare un po\u2019 di gente&#8230;\u00bb.<\/p>\n<p class=\"chapter-paragraph\"><b>Ricorda qualcosa?<\/b><br \/>\u00abIn quei cinque giorni sono venuti a trovarmi in tanti, ma io sentivo solo mia moglie\u00bb.<\/p>\n<p class=\"chapter-paragraph\"><b>La voce di sua moglie e una canzone, pare.<\/b><br \/>\u00abS\u00ec. Questa domenica di Olly, una canzone che ascoltavo in ospedale quando stavo da solo e mi faceva commuovere. Quando Erika l\u2019ha messa ho cominciato a piangere. Allora lei giustamente mi diceva \u201cper\u00f2 se devi piangere la tolgo&#8230;\u201d ma io mi innervosivo perch\u00e9 volevo che continuasse a metterla, mi agitavo, si alzavano i valori e le macchine a cui ero attaccato suonavano\u00bb.<\/p>\n<p class=\"chapter-paragraph\"><b>Poi finalmente il risveglio.<\/b><br \/>\u00ab\u00c8 come se fossi stato chiuso in un aereo per cinque giorni e avessi sempre dormito. Poi ci ho messo un po\u2019 di giorni per rimettere a posto i mattoni della casa. Svalvolavo un po\u2019, non mi ricordavo quand\u2019era nata mia figlia&#8230;\u00bb.<\/p>\n<p class=\"chapter-paragraph\"><b>Ripartiamo dall\u2019inizio. Come si sente un atleta di 34 anni, campione di basket?<\/b><br \/>\u00abInvincibile. In vita mia non ho mai avuto nulla di nulla, nemmeno un intervento\u00bb.<\/p>\n<p class=\"chapter-paragraph\"><b>E come \u00e8 cambiato tutto?<\/b><br \/>\u00abCon un controllo antidoping di routine\u00bb.<\/p>\n<p class=\"chapter-paragraph\"><b>Pensava di essere positivo?<\/b><br \/>\u00abAvevo gi\u00e0 fatto un controllo durante i Mondiali nelle Filippine: tutto ok. Questa volta invece ricevo ai primi di ottobre una mail dalla Procura federale antidoping in cui mi dicono che ho i valori di questo HCG troppo alti e devo dimostrare se provengono dal mio corpo o da un corpo estraneo. Ho pensato: avr\u00f2 usato creme che non dovevo usare?\u00bb.<\/p>\n<p class=\"chapter-paragraph\"><b>Lei non sospettava nulla?<\/b><br \/>\u00abIo ho controllato su internet perch\u00e9 ricordavo che i valori dell\u2019HCG riguardavano le donne incinte. Allora scrivo: \u201cHCG sugli atleti\u201d e mi esce il caso di Acerbi. Tumore al testicolo. Facendo due pi\u00f9 due, combaciava tutto\u00bb.<\/p>\n<p class=\"chapter-paragraph\"><b>E a quel punto?<\/b><br \/>\u00abMi \u00e8 crollato il mondo addosso. La parola \u201ctumore\u201d fa paura. Subito la associ a un\u2019altra parola: \u201cmorte\u201d. Il secondo pensiero \u00e8 stato: \u201cho chiuso con il basket\u201d. Quando per\u00f2 mi \u00e8 stato detto che facendo le cure necessarie avrei avuto il 3 per cento di possibilit\u00e0 di recidiva mi sono rasserenato. Ho affrontato la chemio, ho sopportato le nausee\u00bb.<\/p>\n<p class=\"chapter-paragraph\"><b>\u00c8 guarito. Ed \u00e8 tornato in campo, senza capelli.<\/b><br \/>\u00abE l\u2019ho patito tantissimo. Per assurdo, tutti mi dicevano \u201cstai affrontando una cosa delicata, che te ne frega se perdi i capelli?\u201d. Ma per me che non mi ero mai visto con i capelli corti era un problemone\u00bb.<\/p>\n<p class=\"chapter-paragraph\"><b>Superato anche questo, i capelli sono ricresciuti. E Polonara era tornato a essere un giocatore importante.<\/b><br \/>\u00abS\u00ec, i dottori erano stupiti di una ripresa tanto veloce\u00bb.<\/p>\n<p class=\"chapter-paragraph\"><b>Ma dopo un paio di mesi \u00e8 ricomparsa la febbre&#8230;<\/b><br \/>\u00abLa serie playoff contro Venezia. Il giorno prima di gara 3 mi ammalo e non dico niente, volevo giocare a tutti i costi. Gioco, sto malissimo, e dopo la partita mi misuro la febbre: 38.7. Salto un paio di partite, rientro ma gioco pochissimo. Nella semifinale con Milano mi sento debole, ho ancora la febbre e la sera prima di gara 3 in hotel chiamo il doc. Lui mi visita e dice: Achi, tu domani te ne torni a Bologna a fare un paio di esami\u00bb.<\/p>\n<p class=\"chapter-paragraph\"><b>Ed \u00e8 arrivata la notizia?<\/b><br \/>\u00abNon subito. Pensavano fosse mononucleosi. Poi mi facevano firmare fogli sull\u2019HIV, e io mi chiedevo \u201cma che stanno cercando?\u201d. Andavo in paranoia: avevo fatto un tatuaggio un mese prima, sar\u00e0 mica quello? Fino a che, un mercoled\u00ec, l\u2019ematologo mi dice: ci resta l\u2019esame del midollo, avremo l\u2019esito fra tre o quattro giorni. Ok, dico. E invece lo stesso pomeriggio sono entrati nella mia stanza cinque medici. Sembravano in difficolt\u00e0. La prima cosa che mi hanno detto \u00e8 stata \u201cnon ci sono buone notizie\u201d\u00bb.<\/p>\n<p class=\"chapter-paragraph\"><b>Leucemia mieloide acuta.<\/b><br \/>\u00abHo capito solo che era qualcosa di molto pi\u00f9 grave di quello che avevo gi\u00e0 passato\u00bb.<\/p>\n<p class=\"chapter-paragraph\"><b>E come ha reagito?<\/b><br \/>\u00abHo pensato: basta, ora mi butto dalla finestra dell\u2019ospedale e la faccio finita. Per fortuna c\u2019era Erika l\u00ec: devi resistere per la famiglia, per i bambini. Ma mi sono sentito spalle al muro con dieci bestioni che ti tengono fermo. Volevo scomparire. Poi per\u00f2 ho pensato: non \u00e8 giusto che i miei figli crescano senza un padre, o che pensino che pap\u00e0 non ci abbia almeno provato\u00bb.<\/p>\n<p class=\"chapter-paragraph\"><b>Oggi per\u00f2 \u00e8 qui. I capelli stanno ricrescendo di nuovo, sua moglie \u00e8 qui con Vittoria e Achille junior. Ci sono tre cagnolini che le saltellano intorno. E lei ha ricominciato ad allenarsi. Ne ha fatta di strada.<\/b><br \/>\u00abTanta, e come persona sono ottimista. Ma \u00e8 chiaro che tutto questo mi spaventa\u00bb.<\/p>\n<p class=\"chapter-paragraph\"><b>Si sente come se avesse una spada di Damocle che le pende sulla testa?<\/b><br \/>\u00abPreferisco non pensarci\u00bb.<\/p>\n<p class=\"chapter-paragraph\"><b>Si sente di fare progetti a lungo termine?<\/b><br \/>\u00abNon ne ho mai fatti nella mia vita, ancora meno mi sentirei di farne ora. Preferisco scegliere obiettivi pi\u00f9 vicini\u00bb.<\/p>\n<p class=\"chapter-paragraph\"><b>Il primo qual \u00e8?<\/b><br \/>\u00abNon avere la recidiva\u00bb.<\/p>\n<p class=\"chapter-paragraph\"><b>Quanto \u00e8 cambiato dopo queste esperienze?<\/b><br \/>\u00abIn qualcosa sono cambiato di sicuro\u00bb.<\/p>\n<p class=\"chapter-paragraph\"><b>In che cosa?<\/b><br \/>\u00abPrima ero molto credente, adesso non lo sono pi\u00f9. Prima non c\u2019era sera che non pregassi. Adesso onestamente non ci riesco. Nonostante gli amici mi dicano \u201cdai, sei stato miracolato, forse da lass\u00f9 qualcuno ti ha aiutato\u201d. Ma \u00e8 lo stesso qualcuno che mi ha fatto ammalare? Perch\u00e9 proprio a me? Io che ho sempre pregato&#8230;\u00bb.<\/p>\n<p class=\"chapter-paragraph\"><b>Il video di lei che torna a casa dall\u2019ospedale, abbracciato da moglie e figli, \u00e8 diventato virale oltre che commovente.<\/b><br \/>\u00abOgni tanto anche i social fanno cose buone&#8230;\u00bb.<\/p>\n<p class=\"chapter-paragraph\"><b>Lo rivede mai?<\/b><br \/>\u00abS\u00ec, mi capita di rivederlo. E lo confesso, ogni volta mi metto a piangere\u00bb.<\/p>\n<p class=\"is-last-update\" datetime=\"2026-02-21T15:06:25+01:00\">21 febbraio 2026 ( modifica il 21 febbraio 2026 | 15:06)<\/p>\n<p class=\"is-copyright\">\n            \u00a9 RIPRODUZIONE RISERVATA\n        <\/p>\n","protected":false},"excerpt":{"rendered":"di Roberto De Ponti Il cestista: \u00abSono tornato ad allenarmi e a divertirmi con il basket. Prima ero&hellip;\n","protected":false},"author":3,"featured_media":364606,"comment_status":"","ping_status":"","sticky":false,"template":"","format":"standard","meta":{"footnotes":"","_share_on_mastodon":"0"},"categories":[176],"tags":[48016,210937,210938,23825,210939,210940,33592,210941,210942,111129,210943,210944,15933,12860,8977,2940,159775,3149,16468,1756,586,17512,2295,921,8115,3055,25012,77962,2206,631,10217,14334,2575,3591,122,4024,2339,7882,14839,3876,210933,33496,3614,541,2731,629,2024,210934,210932,1537,90,89,29566,76496,132092,44856,76498,132093,1229,30641,812,2982,7793,489,5238,23,20144,29568,27841,64894,210935,13783,12118,17300,13287,2434,245,244,3726,5248,153358,6035,1899,1994,22875,1900,175446,28749,210936,10022,2938,5203,5325],"class_list":["post-364605","post","type-post","status-publish","format-standard","has-post-thumbnail","category-sport","tag-abbracciato","tag-abbracciato-moglie","tag-abbracciato-moglie-figli","tag-accarezza","tag-accarezza-sogno","tag-accarezza-sogno-tornare","tag-acerbi","tag-acerbi-tumore","tag-acerbi-tumore-testicolo","tag-achi","tag-achi-domani","tag-achi-domani-torni","tag-achille","tag-achille-polonara","tag-acuta","tag-andato","tag-andato-coma","tag-antidoping","tag-applausi","tag-basket","tag-bologna","tag-buone","tag-cambiato","tag-campo","tag-canzone","tag-capelli","tag-cestista","tag-chemio","tag-chiuso","tag-cinque","tag-coma","tag-cominciato","tag-controllo","tag-corpo","tag-cose","tag-credente","tag-cure","tag-devi","tag-diceva","tag-dico","tag-divertirmi","tag-erika","tag-febbre","tag-fermo","tag-figli","tag-gara","tag-gioco","tag-guarito","tag-hcg","tag-it","tag-italia","tag-italy","tag-leucemia","tag-leucemia-mieloide","tag-leucemia-mieloide-acuta","tag-midollo","tag-mieloide","tag-mieloide-acuta","tag-moglie","tag-ok","tag-ospedale","tag-paio","tag-parola","tag-passato","tag-paura","tag-pensato","tag-piangere","tag-polonara","tag-preferisco","tag-recidiva","tag-ricordavo","tag-ripresa","tag-sassari","tag-sente","tag-sera","tag-si","tag-sport","tag-sports","tag-strada","tag-tanti","tag-testicolo","tag-tifosi","tag-tornare","tag-tornato","tag-torni","tag-tumore","tag-tumore-testicolo","tag-valori","tag-valori-hcg","tag-vedo","tag-voce","tag-volevo","tag-vorrei"],"share_on_mastodon":{"url":"","error":"Validation failed: Text character limit of 500 exceeded"},"_links":{"self":[{"href":"https:\/\/www.europesays.com\/it\/wp-json\/wp\/v2\/posts\/364605","targetHints":{"allow":["GET"]}}],"collection":[{"href":"https:\/\/www.europesays.com\/it\/wp-json\/wp\/v2\/posts"}],"about":[{"href":"https:\/\/www.europesays.com\/it\/wp-json\/wp\/v2\/types\/post"}],"author":[{"embeddable":true,"href":"https:\/\/www.europesays.com\/it\/wp-json\/wp\/v2\/users\/3"}],"replies":[{"embeddable":true,"href":"https:\/\/www.europesays.com\/it\/wp-json\/wp\/v2\/comments?post=364605"}],"version-history":[{"count":0,"href":"https:\/\/www.europesays.com\/it\/wp-json\/wp\/v2\/posts\/364605\/revisions"}],"wp:featuredmedia":[{"embeddable":true,"href":"https:\/\/www.europesays.com\/it\/wp-json\/wp\/v2\/media\/364606"}],"wp:attachment":[{"href":"https:\/\/www.europesays.com\/it\/wp-json\/wp\/v2\/media?parent=364605"}],"wp:term":[{"taxonomy":"category","embeddable":true,"href":"https:\/\/www.europesays.com\/it\/wp-json\/wp\/v2\/categories?post=364605"},{"taxonomy":"post_tag","embeddable":true,"href":"https:\/\/www.europesays.com\/it\/wp-json\/wp\/v2\/tags?post=364605"}],"curies":[{"name":"wp","href":"https:\/\/api.w.org\/{rel}","templated":true}]}}