{"id":364945,"date":"2026-02-22T08:06:10","date_gmt":"2026-02-22T08:06:10","guid":{"rendered":"https:\/\/www.europesays.com\/it\/364945\/"},"modified":"2026-02-22T08:06:10","modified_gmt":"2026-02-22T08:06:10","slug":"inter-nessuno-come-chivu-ecco-perche-il-suo-metodo-e-vincente","status":"publish","type":"post","link":"https:\/\/www.europesays.com\/it\/364945\/","title":{"rendered":"Inter, nessuno come Chivu: ecco perch\u00e9 il suo metodo \u00e8 vincente"},"content":{"rendered":"<p>In questi suoi primi mesi di Inter, quasi da debuttante assoluto, il tecnico nerazzurro ha stupito tutti per la qualit\u00e0 del lavoro finora svolto. <\/p>\n<p><strong>Quella ottenuta a Lecce \u00e8 il tipo di vittoria che pu\u00f2 scoraggiare chi alle spalle corre nella speranza di un inciampo:<\/strong> la questione Bastoni, la sconfitta in Champions, la batosta per l\u2019infortunio di Lautaro e un derby alle porte. Non sono stati giorni semplici per l\u2019Inter, in viaggio per il mondo da marted\u00ec, con una breve sosta a Milano. <strong>Fuori dalla trincea sono arrivati attacchi di tutti i tipi, i nerazzurri sono stati criticati anche per aver fatto turnover in Norvegia, perch\u00e9 a qualcuno \u00e8 sembrato che Chivu e i suoi volessero snobbare l\u2019impegno europeo in favore del campionato.<\/strong> La partita del via del Mare sapeva di trappola, se non altro per la stanchezza accumulata e per il fatto che storicamente, tutte le squadre tendono un po\u2019 a soffrire l\u2019impegno di campionato che arriva nell\u2019immediato post Champions. Tutte insidie che Cristian Chivu ha trattato a suo modo, un po\u2019 da allenatore e un po\u2019 da psicologo, cos\u00ec come ha fatto fin da inizio anno con <strong>i suoi calciatori, che ormai riconoscono in lui una guida onesta quanto affidabile. Una persona che insieme sa capirli e motivarli. Perch\u00e9 in fondo Chivu \u00e8 stato come loro, \u00e8 uno che ci \u00e8 gi\u00e0 passato e che pu\u00f2 anticipargli come andranno le cose<\/strong> se si comportano in un modo o nell\u2019altro. E poi c\u2019\u00e8 tutto il resto, tutto ci\u00f2 che riguarda la sfera tecnica, di non secondaria importanza.\u00a0<\/p>\n","protected":false},"excerpt":{"rendered":"In questi suoi primi mesi di Inter, quasi da debuttante assoluto, il tecnico nerazzurro ha stupito tutti per&hellip;\n","protected":false},"author":3,"featured_media":364946,"comment_status":"","ping_status":"","sticky":false,"template":"","format":"standard","meta":{"footnotes":"","_share_on_mastodon":"0"},"categories":[1452],"tags":[51479,721,1740,350,1537,90,89,251,1739,245,244],"class_list":["post-364945","post","type-post","status-publish","format-standard","has-post-thumbnail","category-calcio","tag-c-chivu","tag-calcio","tag-football","tag-inter","tag-it","tag-italia","tag-italy","tag-serie-a","tag-soccer","tag-sport","tag-sports"],"share_on_mastodon":{"url":"https:\/\/pubeurope.com\/@it\/116113256281303814","error":""},"_links":{"self":[{"href":"https:\/\/www.europesays.com\/it\/wp-json\/wp\/v2\/posts\/364945","targetHints":{"allow":["GET"]}}],"collection":[{"href":"https:\/\/www.europesays.com\/it\/wp-json\/wp\/v2\/posts"}],"about":[{"href":"https:\/\/www.europesays.com\/it\/wp-json\/wp\/v2\/types\/post"}],"author":[{"embeddable":true,"href":"https:\/\/www.europesays.com\/it\/wp-json\/wp\/v2\/users\/3"}],"replies":[{"embeddable":true,"href":"https:\/\/www.europesays.com\/it\/wp-json\/wp\/v2\/comments?post=364945"}],"version-history":[{"count":0,"href":"https:\/\/www.europesays.com\/it\/wp-json\/wp\/v2\/posts\/364945\/revisions"}],"wp:featuredmedia":[{"embeddable":true,"href":"https:\/\/www.europesays.com\/it\/wp-json\/wp\/v2\/media\/364946"}],"wp:attachment":[{"href":"https:\/\/www.europesays.com\/it\/wp-json\/wp\/v2\/media?parent=364945"}],"wp:term":[{"taxonomy":"category","embeddable":true,"href":"https:\/\/www.europesays.com\/it\/wp-json\/wp\/v2\/categories?post=364945"},{"taxonomy":"post_tag","embeddable":true,"href":"https:\/\/www.europesays.com\/it\/wp-json\/wp\/v2\/tags?post=364945"}],"curies":[{"name":"wp","href":"https:\/\/api.w.org\/{rel}","templated":true}]}}