{"id":365014,"date":"2026-02-22T09:20:11","date_gmt":"2026-02-22T09:20:11","guid":{"rendered":"https:\/\/www.europesays.com\/it\/365014\/"},"modified":"2026-02-22T09:20:11","modified_gmt":"2026-02-22T09:20:11","slug":"pallavolo-serie-d-maschile-cus-laquila-volley-blackmount-3-0","status":"publish","type":"post","link":"https:\/\/www.europesays.com\/it\/365014\/","title":{"rendered":"Pallavolo serie D maschile: Cus L\u2019Aquila-Volley Blackmount 3-0"},"content":{"rendered":"<p>Il Montenero arriva a questo appuntamento dopo aver battuto un diretto concorrente per i playoff, ma il calendario mette di fronte una sfida proibitiva: la trasferta in casa della capolista imbattuta Cus L\u2019Aquila. I ragazzi rossoblu cercano di interrompere il ritmo forsennato dei padroni di casa, ma l&#8217;avvio \u00e8 tutto di marca aquilana.<\/p>\n<p>Il Cus spinge subito sull\u2019acceleratore dando una spallata al match e archiviando il primo parziale sul 25-19. La reazione della Blackmount, per\u00f2, non si fa attendere: il secondo set \u00e8 una battaglia elettrizzante, giocata punto su punto con gli ospiti galvanizzati dalla voglia di fare l&#8217;impresa. Il set resta in equilibrio fino alle battute finali, dove l&#8217;esperienza della capolista prevale per un soffio: 25-23.<\/p>\n<p>L&#8217;occasione mancata pesa sulle gambe e sul morale del Montenero. Gli ospiti non hanno pi\u00f9 le forze per reagire contro una vera e propria schiacciasassi che tra le mura amiche continua a inanellare vittorie. Il terzo set scivola via velocemente fino al 25-12 finale, un parziale forse troppo severo per quanto espresso in campo.<\/p>\n<p>Un brutto ko esterno che per\u00f2 non cancella quanto di buono fatto finora: perdere contro la squadra destinata a vincere il campionato \u00e8 un verdetto che ci pu\u00f2 stare, nonostante rimanga il rimpianto per quel secondo set sfumato per un soffio. Ora testa al prossimo impegno: si resta fuori casa per la sfida contro il Sulmona Volley, un match sulla carta pi\u00f9 agevole dove sar\u00e0 fondamentale riprendere subito la marcia.<\/p>\n<p>Volley Montenero Blackmount: Bontempo Giuseppe, Celebre Diego, D\u2019Aulerio Luigi, D\u2019Aulerio Giampaolo, D\u2019Ascenzo Luca, De Cinque Gianluca, Dragani Stefano, Iagatta Pasquale, Neri Ivan, Ramundi Stefano, Rossi Valentino, Delle Monache Antonio, Farro Davide, Turtora Federico.<\/p>\n<p>1\u00b0 allenatore Iagatta Pasquale<\/p>\n<p>Cus L\u2019Aquila Pallavolo: Bellini Stefano, Caldarelli Luca, Cella De Dan Lorenzo, Di Prato Mattia, Ercolano Gianluca, Fontana Matteo, La Greca Alexandre, Murri Daniele, Nerone Andrea, Poscente Giuseppe, Sansonetti Federico, Santellocco Ivan.<\/p>\n<p>1\u00b0 allenatore Paladini Stefano, 2\u00b0allenatore De Paulis Giulia.<\/p>\n<p>1\u00b0 arbitro Cocco Fabio, 2\u00b0 arbitro Ashraf Faisal.<\/p>\n","protected":false},"excerpt":{"rendered":"Il Montenero arriva a questo appuntamento dopo aver battuto un diretto concorrente per i playoff, ma il calendario&hellip;\n","protected":false},"author":3,"featured_media":365015,"comment_status":"","ping_status":"","sticky":false,"template":"","format":"standard","meta":{"footnotes":"","_share_on_mastodon":"0"},"categories":[1474],"tags":[144576,16316,5134,59578,1537,90,89,31770,1894,115217,10365,3461,245,244,6845,1869],"class_list":["post-365014","post","type-post","status-publish","format-standard","has-post-thumbnail","category-volley","tag-blackmount","tag-capolista","tag-casa","tag-contro","tag-it","tag-italia","tag-italy","tag-laquila","tag-match","tag-montenero","tag-parziale","tag-sfida","tag-sport","tag-sports","tag-stefano","tag-volley"],"share_on_mastodon":{"url":"https:\/\/pubeurope.com\/@it\/116113547297514937","error":""},"_links":{"self":[{"href":"https:\/\/www.europesays.com\/it\/wp-json\/wp\/v2\/posts\/365014","targetHints":{"allow":["GET"]}}],"collection":[{"href":"https:\/\/www.europesays.com\/it\/wp-json\/wp\/v2\/posts"}],"about":[{"href":"https:\/\/www.europesays.com\/it\/wp-json\/wp\/v2\/types\/post"}],"author":[{"embeddable":true,"href":"https:\/\/www.europesays.com\/it\/wp-json\/wp\/v2\/users\/3"}],"replies":[{"embeddable":true,"href":"https:\/\/www.europesays.com\/it\/wp-json\/wp\/v2\/comments?post=365014"}],"version-history":[{"count":0,"href":"https:\/\/www.europesays.com\/it\/wp-json\/wp\/v2\/posts\/365014\/revisions"}],"wp:featuredmedia":[{"embeddable":true,"href":"https:\/\/www.europesays.com\/it\/wp-json\/wp\/v2\/media\/365015"}],"wp:attachment":[{"href":"https:\/\/www.europesays.com\/it\/wp-json\/wp\/v2\/media?parent=365014"}],"wp:term":[{"taxonomy":"category","embeddable":true,"href":"https:\/\/www.europesays.com\/it\/wp-json\/wp\/v2\/categories?post=365014"},{"taxonomy":"post_tag","embeddable":true,"href":"https:\/\/www.europesays.com\/it\/wp-json\/wp\/v2\/tags?post=365014"}],"curies":[{"name":"wp","href":"https:\/\/api.w.org\/{rel}","templated":true}]}}