{"id":365330,"date":"2026-02-22T13:42:12","date_gmt":"2026-02-22T13:42:12","guid":{"rendered":"https:\/\/www.europesays.com\/it\/365330\/"},"modified":"2026-02-22T13:42:12","modified_gmt":"2026-02-22T13:42:12","slug":"nave-ospedale-usa-verso-la-groenlandia-trump-curera-i-loro-malati-non-assistiti-corriere-della-sera","status":"publish","type":"post","link":"https:\/\/www.europesays.com\/it\/365330\/","title":{"rendered":"Nave-ospedale Usa verso la Groenlandia. Trump: \u00abCurer\u00e0 i loro malati non assistiti\u00bb &#8211; Corriere della Sera"},"content":{"rendered":"<ol>\n<li><a href=\"https:\/\/news.google.com\/rss\/articles\/CBMi8wFBVV95cUxNYlF1NnpiMk1TQ2xjMmpTMXVWRzlvWmY3M19IbFhwd1BuaTZ6REgwbU1aSWY1UWZuRGhxdnlkMjlWRFVYREhuQVJPTlIwMGRKYlhsOVpfdmEwUFgwMXNhYUEwVmxlcHB3S2RGVUM4cS14dkR3VmxRRnA2VExTbmhCYWVzc3pNVXFMd3BrbTNfZHpoYlhpcjgwQW1ENmRRS3JONjhvMWxFWXZ5UjBJSGpLSHBGU1dDaE1kY2ZsXy12Vy16cFB5dWdNdWctTHJUTFI2dGFZYzZaNEcxOGFLaC1zb3pFWXdYQjlfTE9rUXE5ZWtETkHSAfgBQVVfeXFMUFZZbFdUaWluMzJDNUIyOXNfX2EzVkZQcVAyT01nRVNkZU5FVVp6S0lhNkZxcllnd2ZVby1taHF6TlBfaF8yNWVPWEZXQnhwbWtYYVpOcGJFb0JUY1RUUkljMWxzc1hiRkI2d2Y0NnZTS01CbGx1ME5zbWpzSlpxQ2tkMVlxZUs1WXNxb3ZSb1ZIbmdhQUI2VnRKN3Awb2liZjV5M3pOcHhnS1R3Z3JQaE5VY0FQS2ZSS3Zxa2JrZ2NrVHlXbW5HZVZOYzJLVFg5eU1sR25GVkxsaUtIQl9jOWxma1RRTXNvLWJQTGg1ZVVmbk82bmtSVm0?oc=5\" target=\"_blank\" rel=\"nofollow noopener\">Nave-ospedale Usa verso la Groenlandia. Trump: \u00abCurer\u00e0 i loro malati non assistiti\u00bb<\/a>&nbsp;&nbsp;Corriere della Sera<\/li>\n<li><a href=\"https:\/\/news.google.com\/rss\/articles\/CBMihgJBVV95cUxQVjNDQVk0bkhmekVqdnB4TEVQMHlDdUpORDlJQUtWcXdHS3FzTW1PZXB1MERpRFZGUkNTd2FTSG1tWElUUHBjSTNNaXQzVjhVaElVU0xRUkQ2alQ1ZFVaMWRRRmhCeC1FMXdlN1pJeW41VEhBUHhoTTJDenN6SWtxNDJZVjVYTERpbXNiMFpaNzBnV21EVW5HOXpoQUtldE80Ukl1cXhnMVdjMUc2TGJIUzJ0c094WVpsb1ZrOGtTeG5oZkxVV0FkZUQ5MS1PUEg3MHN4MW44WkdkQ2VseEl0Y2RGYWMyZzRxMXh4YURFNllTODBiWXlNdUFmSGtERFNiSWozQVJ30gGLAkFVX3lxTFBaSEszZXNQeFRLV3hKYnZheXdYb3VjNGJoNlRuQTFwdlVZS0pCdTNOXzNkdVo2a2o0RGV0MHhUTl9lNkFDbFhzbmI5ZE9ZUVNWZ0lOQnduNXNwWXNydTRNa293WkxiMW1FaXh5YW10NUc1dEJjTldGbmVtWkhXQ21sNjZSZl9TLTFxUlpMQVlQWHBZbVZkdXM3cDczb2pVY1FGWU14eWs5angwRXp5bmE5T2N6dXFmWU91QlRGRWxJY2lUV1VOdS1sU0NRSGtRUGZxc0Y2dzJSTF9NNFdrYWFqaVdTZHBEQ0dsQnZkU21WU2pYRTVKS3NiQ0dvZ0h2clhkQm9jN084dUpYUQ?oc=5\" target=\"_blank\" rel=\"nofollow noopener\">Trump: &#8220;Invier\u00f2 nave ospedale in Groenlandia&#8221;. La Danimarca replica: &#8220;Sanit\u00e0 \u00e8 gratuita, non serve&#8221;<\/a>&nbsp;&nbsp;RaiNews<\/li>\n<li><a href=\"https:\/\/news.google.com\/rss\/articles\/CBMic0FVX3lxTE1hWUhjaVozSzVwa01ab2M4cWlrblQ1bEhjbFVmYlg4RGRrRWVaTEcxa2FoaGlPdlpwdS1HRFg2SWUzTlB3bHRyZmhENEpiMjJnODdOUWVFbV9HMFB5c0puT2V6eUhKekwwVjJjbG02M3JmUDQ?oc=5\" target=\"_blank\" rel=\"nofollow noopener\">Trump dice che invier\u00e0 una nave ospedale in Groenlandia \u00abper curare molte persone malate\u00bb<\/a>&nbsp;&nbsp;Il Post<\/li>\n<li><a href=\"https:\/\/news.google.com\/rss\/articles\/CBMirwFBVV95cUxQLVk1ZTA3M2FkR2hORGZ2MDN6S3cxOVNHa1dpN283anNPS1VJQ0dPSHo5MXNvVjg1WVNnSk01OWFxOWt5RjhEdlJQd0JiS2Z6ajNlZWRyTnRzekIwS0V2UFhZazhxbzNrV1hGTGxFemhDRzRzUktNcFphdmQ2MnVHaG55cGUxS0N0R25UaHhPS2x6cnM0VXVUaWVVV2hGdGhPWnVnWjc4YldsRUFTNXR3?oc=5\" target=\"_blank\" rel=\"nofollow noopener\">Trump, inviata una nave ospedale in Groenlandia, assisteremo i malati<\/a>&nbsp;&nbsp;La Prealpina<\/li>\n<li><a href=\"https:\/\/news.google.com\/rss\/articles\/CBMivgFBVV95cUxORjZXeEgtbHZDMW1EdmlVTVZ4UDBZWktNdmNFX3lCNzEwNFRtOWlORktMMENqZVlNNm8wcjlyOHZid2p2eXBJN0xUNEptSmZKS1h1WlN3Z2Z6LTZBUm9ibDQ0N0s4eVIzbXFiZGIzSUhnWVNRTnAzNTMtSHQzR0ZUZEsyVlA3UEhKS2I4LWNTUTE2ZS00YVV6ak9wMnh3WFNMWVVKS0dneVlQSldRVURYcFg0NVRmWE9xYVljeVhR0gHDAUFVX3lxTE9QdmJXVXNWT05EeTNzeHFVNGxfckF6WWxFZFdkUHVDSGhheWlaX0YxSmd2TXdRN3ZicmJvWmFUcFRJOXhJX3c3N0V1Ujl0UF9qT2plNnJ6ZC1WbzhTVU41c2YyQ1F2azFmTjRvRlFFZkdIa1ZXQ2x4X3lJN3dsY0RfWDJQSW8wUklPbDJnaDQxSUNxV2FtVkNEd1o0Vkg4Tzl3YU9WX2NxbWkwSXR6N2NtWnFhNTBQTVNBcURNUVJabURTMA?oc=5\" target=\"_blank\" rel=\"nofollow noopener\">Groenlandia, Trump invia nave-ospedale \u201cper i malati\u201d. La replica: \u201cNon serve, qui la sanit\u00e0 gratis\u201d<\/a>&nbsp;&nbsp;la Repubblica<\/li>\n<\/ol>\n","protected":false},"excerpt":{"rendered":"Nave-ospedale Usa verso la Groenlandia. Trump: \u00abCurer\u00e0 i loro malati non assistiti\u00bb&nbsp;&nbsp;Corriere della Sera Trump: &#8220;Invier\u00f2 nave ospedale&hellip;\n","protected":false},"author":3,"featured_media":365331,"comment_status":"","ping_status":"","sticky":false,"template":"","format":"standard","meta":{"footnotes":"","_share_on_mastodon":"0"},"categories":[160],"tags":[1262,14,164,165,42328,116679,166,13402,92601,7,15,133,812,135,1686,379,6572,11,167,12,168,410,161,162,163],"class_list":["post-365330","post","type-post","status-publish","format-standard","has-post-thumbnail","category-mondo","tag-arrivo","tag-cronaca","tag-dal-mondo","tag-dalmondo","tag-groenlandia","tag-landry","tag-mondo","tag-nave","tag-nave-ospedale","tag-news","tag-notizie","tag-ormai","tag-ospedale","tag-presidente","tag-social","tag-trump","tag-truth","tag-ultime-notizie","tag-ultime-notizie-di-mondo","tag-ultimenotizie","tag-ultimenotiziedimondo","tag-usa","tag-world","tag-world-news","tag-worldnews"],"share_on_mastodon":{"url":"https:\/\/pubeurope.com\/@it\/116114577558343834","error":""},"_links":{"self":[{"href":"https:\/\/www.europesays.com\/it\/wp-json\/wp\/v2\/posts\/365330","targetHints":{"allow":["GET"]}}],"collection":[{"href":"https:\/\/www.europesays.com\/it\/wp-json\/wp\/v2\/posts"}],"about":[{"href":"https:\/\/www.europesays.com\/it\/wp-json\/wp\/v2\/types\/post"}],"author":[{"embeddable":true,"href":"https:\/\/www.europesays.com\/it\/wp-json\/wp\/v2\/users\/3"}],"replies":[{"embeddable":true,"href":"https:\/\/www.europesays.com\/it\/wp-json\/wp\/v2\/comments?post=365330"}],"version-history":[{"count":0,"href":"https:\/\/www.europesays.com\/it\/wp-json\/wp\/v2\/posts\/365330\/revisions"}],"wp:featuredmedia":[{"embeddable":true,"href":"https:\/\/www.europesays.com\/it\/wp-json\/wp\/v2\/media\/365331"}],"wp:attachment":[{"href":"https:\/\/www.europesays.com\/it\/wp-json\/wp\/v2\/media?parent=365330"}],"wp:term":[{"taxonomy":"category","embeddable":true,"href":"https:\/\/www.europesays.com\/it\/wp-json\/wp\/v2\/categories?post=365330"},{"taxonomy":"post_tag","embeddable":true,"href":"https:\/\/www.europesays.com\/it\/wp-json\/wp\/v2\/tags?post=365330"}],"curies":[{"name":"wp","href":"https:\/\/api.w.org\/{rel}","templated":true}]}}