{"id":365476,"date":"2026-02-22T15:58:11","date_gmt":"2026-02-22T15:58:11","guid":{"rendered":"https:\/\/www.europesays.com\/it\/365476\/"},"modified":"2026-02-22T15:58:11","modified_gmt":"2026-02-22T15:58:11","slug":"luca-attanasio-lomicidio-dellambasciatore-cinque-anni-di-silenzi-e-ambiguita-la-famiglia-e-la-lista-dei-sospettati","status":"publish","type":"post","link":"https:\/\/www.europesays.com\/it\/365476\/","title":{"rendered":"Luca Attanasio, l\u2019omicidio dell\u2019ambasciatore: cinque anni di silenzi e ambiguit\u00e0. La famiglia e la lista dei sospettati"},"content":{"rendered":"<p>    di<br \/>\n    Andrea Galli<\/p>\n<p class=\"summary-art is-line-h-12\">Il 22 febbraio 2021 l\u2019agguato in Congo,  nella  strage coinvolti un carabiniere e l\u2019autista. Il traffico di metalli e il ruolo dell\u2019Onu: i killer del diplomatico sono ancora impuniti. Oggi a Limbiate la commemorazione<\/p>\n<p class=\"chapter-paragraph\">Ce lo portarono a tradimento, <b>avevano deciso che dovesse morire lui, Luca Attanasio<\/b>, lui anzich\u00e9 un altro, per veicolare messaggi e innescare effetti a catena. Quali messaggi ed effetti non si sa, considerando che ancora s\u2019ignorano, tra  omert\u00e0 e  connivenze di  sfere si presume antitetiche \u2014 figure istituzionali e balordi della peggior risma \u2014, ancora s\u2019ignorano mandanti ed esecutori dell\u2019omicidio anzi della  strage.<br \/><a href=\"https:\/\/milano.corriere.it\/notizie\/cronaca\/26_febbraio_18\/luca-attanasio-ucciso-in-congo-5-anni-fa-il-papa-anni-di-omerta-l-italia-sotto-ricatto-non-si-e-costituita-parte-civile-e-eaea604d-a53a-48ff-9da8-1be86c99bxlk.shtml\" rel=\"nofollow noopener\" target=\"_blank\">Il  22 febbraio del 2021, cinque anni esatti che ricorrono oggi<\/a>.  <br \/>Dunque lo trascinarono gi\u00f9 dalla jeep e portarono in una delle zone pi\u00f9 bastarde e dannate del mondo, intorno alla  miniera di Lueshe, nella regione di Rutshuru, provincia del Kivu Nord, la  parte del Congo ai confini con Ruanda e Uganda. <b>Del Congo, in quella stagione,  era ambasciatore per l\u2019Italia proprio Attanasio, 43 anni e 3 figlie, di Limbiate<\/b>, provincia di Monza e Brianza, prima l\u2019universit\u00e0 Bocconi e gli studi di perfezionamento all\u2019Ispi, l\u2019Istituto per gli studi di politica internazionale,  poi la carriera diplomatica. <br \/>Quel giorno Attanasio era a bordo di un convoglio del Pam, il Programma alimentare dell\u2019Onu, difeso dal carabiniere guardia del corpo  Vittorio Iacovacci, 30 anni, ugualmente ucciso insieme all\u2019autista della missione, Mustapha Milambo, 56 anni. <br \/>Una strage, appunto. Impunita. Come soltanto certe stragi italiane della mafia: inchieste a vuoto, vane attese, testimoni spariti. <br \/>O forse no.<\/p>\n<p>    L\u2019influenza di Mosca<\/p>\n<p class=\"chapter-paragraph\">I legali della famiglia Attanasio stanno per consegnare alla Procura di Roma, titolare del fascicolo (per terrorismo), un elenco di nomi di persone che saprebbero o addirittura c\u2019erano, all\u2019epoca. Insieme a informazioni aggiuntive. In uno scenario d\u2019ingaggio, ha detto al Corriere lo stesso padre Salvatore, di questioni, affari e malaffari fra Stati. <br \/>A cominciare da questa nostra Italia \u00abche si trova sotto ricatto altrimenti  non si sarebbe comportata come si \u00e8 comportata\u00bb. Senza costituirsi parte civile; senza sollecitare sforzi per accertare le responsabilit\u00e0; senza pretendere \u2014 azione sacrosanta a maggior ragione nel caso di un alto funzionario \u2014 le necessarie attivit\u00e0 finalizzate alla giustizia. Non alla verit\u00e0 totale, beninteso: in ragione d\u2019un panorama geo-politico di confusione, molteplici attori, doppio se non triplo-giochisti, pezzi dei Servizi segreti e agenti provocatori, agenti del caos, agenti a libro paga non dei propri Governi, ecco anche il pap\u00e0 resta aderente al reale: \u00abCredo sia impossibile risalire agli esecutori. Ma forse sui mandanti possiamo raggiungere risultati\u00bb. <br \/>Abbiamo menzionato il contesto: <b>ebbene dalla miniera di Lueshe s\u2019estrae il niobio, un metallo fondamentale per strategie militari ultra-avanzate<\/b>. Dodici mesi dopo l\u2019agguato, la Russia invase l\u2019Ucraina. In quel 2021, in Congo, il fermento dei russi era massimo, puntando al maggior procacciamento possibile di niobio, che \u00e8 strategico, conviene spiegarlo,  in rivestimenti che resistono a ogni tipo di temperatura e in alcune superleghe. L\u2019attacco russo all\u2019Ucraina \u00e8 stato pianificato per tempo, lo sappiamo. Anche poggiando sulla geografia africana. Sulle milizie.    &#13;<br \/>\n&#13;<br \/>\n&#13;<br \/>\n&#13;<br \/>\n&#13;<br \/>\n&#13;<br \/>\n&#13;<br \/>\n&#13;<br \/>\n&#13;<br \/>\n&#13;<br \/>\n&#13;<br \/>\n&#13;<br \/>\n&#13;<br \/>\n&#13;<br \/>\n&#13;<br \/>\n&#13;<br \/>\n&#13;<br \/>\n&#13;<br \/>\n&#13;<br \/>\n&#13;<br \/>\n&#13;<br \/>\n&#13;<br \/>\n&#13;<br \/>\n&#13;<br \/>\n&#13;<br \/>\n&#13;<br \/>\n&#13;<br \/>\n&#13;<br \/>\n&#13;<br \/>\n&#13;<br \/>\n&#13;<br \/>\n&#13;<br \/>\n&#13;<br \/>\n&#13;<br \/>\n&#13;<br \/>\n&#13;<br \/>\n&#13;<br \/>\n&#13;<br \/>\n&#13;<br \/>\n&#13;<br \/>\n&#13;<br \/>\n&#13;<br \/>\n&#13;<br \/>\n&#13;<br \/>\n&#13;<br \/>\n&#13;<br \/>\n&#13;<br \/>\n&#13;<br \/>\n&#13;<br \/>\n&#13;<br \/>\n&#13;<br \/>\n&#13;<br \/>\n&#13;\n<\/p>\n<p>    Mezzi non blindati<\/p>\n<p class=\"chapter-paragraph\">Nessuno, sul continente, o forse pure fuori da esso, dispone di armi cos\u00ec abbondanti e potenti come il gruppo ribelle M23, che ha base nel Congo orientale \u2014 cio\u00e8 proprio quello della strage di Attanasio, Iacovacci e Milambo \u2014, e che si ipotizza essere al soldo del Ruanda nelle trame  di quella fascia centrafricana. Alleanze ballerine, guerre civili,  mercenari (specie bulgari e romeni), dittatori ottantenni e novantenni al potere su pi\u00f9 troni in terre con l\u2019et\u00e0 media, anche 16 anni, pi\u00f9 bassa del pianeta. E se parliamo del Ruanda \u00e8 obbligatorio ricordare la sfera d\u2019influenza della Russia sulla stessa piccola nazione che trionfa nelle classifiche della qualit\u00e0 della vita, della sicurezza percepita nella capitale Kigali, nella gestione (all\u2019avanguardia)   dei rifiuti. <br \/><b>D\u2019accordo. Ma Attanasio, Iacovacci e Milambo?<\/b> L\u2019ambasciatore era uomo di pace, di coraggio nonch\u00e9 di prudenza. Il convoglio non aveva la necessaria sorveglianza, i mezzi non erano blindati, insomma mai si sarebbe avventurato in quel modo su rotte pericolose. Alla missione presero parte due funzionari dell\u2019Onu, risparmiati dai killer. Alla vigilia, nelle comunicazioni di prammatica tra enti e istituzioni, Attanasio e il carabiniere non furono dichiarati dal Pam per le loro stesse identit\u00e0  bens\u00ec, genericamente, come uomini delle Nazioni Unite. Ci sono tanti vigliacchi che tacciono nella convinzione che di Luca Attanasio, alla lunga, ci si dimenticher\u00e0, o comunque a nessuno verr\u00e0 pi\u00f9 in mente di cercare le risposte. Tutte le risposte.<\/p>\n<p class=\"is-mr-t-20 is-mr-b-20\"><b><br \/>\n                    <a href=\"https:\/\/milano.corriere.it\/?intcmp=Notizielocali_nd_010623_corriere_ss_milano\" target=\"_blank\" rel=\"nofollow noopener\">Vai a tutte le notizie di Milano<\/a><br \/>\n            <\/b><\/p>\n<p class=\"chapter-paragraph\"><b><a href=\"https:\/\/www.corriere.it\/newsletter\/?theme=41&amp;intcmp=IIIcolonna_NL_CorMilano\" target=\"_blank\" rel=\"nofollow noopener\">Iscriviti alla newsletter di Corriere Milano<\/a><\/b><\/p>\n<p class=\"is-last-update\" datetime=\"2026-02-22T09:11:57+01:00\">22 febbraio 2026<\/p>\n<p class=\"is-copyright\">\n            \u00a9 RIPRODUZIONE RISERVATA\n        <\/p>\n","protected":false},"excerpt":{"rendered":"di Andrea Galli Il 22 febbraio 2021 l\u2019agguato in Congo, nella strage coinvolti un carabiniere e l\u2019autista. Il&hellip;\n","protected":false},"author":3,"featured_media":365477,"comment_status":"","ping_status":"","sticky":false,"template":"","format":"standard","meta":{"footnotes":"","_share_on_mastodon":"0"},"categories":[79],"tags":[39770,211452,211453,9375,171693,211454,579,3534,1261,913,23344,211446,211447,5137,20911,2774,631,84443,16220,29250,14,93,94,2096,29176,1909,1595,211443,211448,195924,7944,1537,90,89,7040,129216,6991,211444,211449,197760,8797,7629,155461,211445,116476,211450,1351,7,211451,15,1728,971,38893,16500,438,12020,17739,7159,171,11990,29798,170,11,84,91,12,85,92],"class_list":["post-365476","post","type-post","status-publish","format-standard","has-post-thumbnail","category-italia","tag-abbondanti","tag-abbondanti-potenti","tag-abbondanti-potenti-ribelle","tag-accertare","tag-accertare-responsabilita","tag-accertare-responsabilita-pretendere","tag-accordo","tag-agenti","tag-agguato","tag-ambasciatore","tag-attanasio","tag-attanasio-iacovacci","tag-attanasio-iacovacci-milambo","tag-autista","tag-blindati","tag-carabiniere","tag-cinque","tag-comportata","tag-congo","tag-convoglio","tag-cronaca","tag-cronaca-italiana","tag-cronacaitaliana","tag-effetti","tag-esecutori","tag-famiglia","tag-febbraio","tag-iacovacci","tag-iacovacci-milambo","tag-ignorano","tag-influenza","tag-it","tag-italia","tag-italy","tag-killer","tag-limbiate","tag-luca","tag-luca-attanasio","tag-lueshe","tag-mandanti","tag-messaggi","tag-mezzi","tag-mezzi-blindati","tag-milambo","tag-miniera","tag-miniera-lueshe","tag-missione","tag-news","tag-niobio","tag-notizie","tag-omicidio","tag-onu","tag-pam","tag-portarono","tag-provincia","tag-ragione","tag-risposte","tag-ruanda","tag-russia","tag-strage","tag-studi","tag-ucraina","tag-ultime-notizie","tag-ultime-notizie-e-news-di-oggi","tag-ultime-notizie-italia","tag-ultimenotizie","tag-ultimenotizieenewsdioggi","tag-ultimenotizieitalia"],"share_on_mastodon":{"url":"","error":"Validation failed: Text character limit of 500 exceeded"},"_links":{"self":[{"href":"https:\/\/www.europesays.com\/it\/wp-json\/wp\/v2\/posts\/365476","targetHints":{"allow":["GET"]}}],"collection":[{"href":"https:\/\/www.europesays.com\/it\/wp-json\/wp\/v2\/posts"}],"about":[{"href":"https:\/\/www.europesays.com\/it\/wp-json\/wp\/v2\/types\/post"}],"author":[{"embeddable":true,"href":"https:\/\/www.europesays.com\/it\/wp-json\/wp\/v2\/users\/3"}],"replies":[{"embeddable":true,"href":"https:\/\/www.europesays.com\/it\/wp-json\/wp\/v2\/comments?post=365476"}],"version-history":[{"count":0,"href":"https:\/\/www.europesays.com\/it\/wp-json\/wp\/v2\/posts\/365476\/revisions"}],"wp:featuredmedia":[{"embeddable":true,"href":"https:\/\/www.europesays.com\/it\/wp-json\/wp\/v2\/media\/365477"}],"wp:attachment":[{"href":"https:\/\/www.europesays.com\/it\/wp-json\/wp\/v2\/media?parent=365476"}],"wp:term":[{"taxonomy":"category","embeddable":true,"href":"https:\/\/www.europesays.com\/it\/wp-json\/wp\/v2\/categories?post=365476"},{"taxonomy":"post_tag","embeddable":true,"href":"https:\/\/www.europesays.com\/it\/wp-json\/wp\/v2\/tags?post=365476"}],"curies":[{"name":"wp","href":"https:\/\/api.w.org\/{rel}","templated":true}]}}