{"id":365885,"date":"2026-02-22T22:17:13","date_gmt":"2026-02-22T22:17:13","guid":{"rendered":"https:\/\/www.europesays.com\/it\/365885\/"},"modified":"2026-02-22T22:17:13","modified_gmt":"2026-02-22T22:17:13","slug":"tutte-le-medaglie-olimpiche-italiane-a-milano-cortina-2026-brignone-da-kolossal-sighel-polemico-tabanelli-acrobata-folle","status":"publish","type":"post","link":"https:\/\/www.europesays.com\/it\/365885\/","title":{"rendered":"Tutte le medaglie olimpiche italiane a Milano Cortina 2026: Brignone da kolossal, Sighel polemico, Tabanelli acrobata \u00abfolle\u00bb"},"content":{"rendered":"<p>    di<br \/>\n    Francesco Battistini, Marco Bonarrigo, Gaia Piccardi e Daniele Sparisci<\/p>\n<p class=\"summary-art is-line-h-12\">L&#8217;Olimpiade dell&#8217;Italia si chiude con un bilancio da record: 30 medaglie in totale, meglio di Pechino 2022 e Torino 2006. Le storie degli atleti azzurri  che sono saliti sul podio nei Giochi di casa<\/p>\n<p class=\"chapter-paragraph\">Dieci ori, sei argenti e quattordici bronzi: l&#8217;Olimpiade record di Milano Cortina ha raggiunto quota 30 medaglie,<b> entrando ufficialmente nella storia dello sport olimpico italiano. <\/b>Migliorati tutti i primati stabiliti quattro anni fa a Pechino e nel 2006 a Torino, che finora erano stati i Giochi pi\u00f9 vincenti nella storia del ghiaccio azzurro. <b>Ecco tutti i volti<\/b> e le storie dei medagliati italiani.<\/p>\n<p>    La doppietta d&#8217;oro di Francesca Lollobrigida<\/p>\n<p class=\"chapter-paragraph\">(Gaia Piccardi)\u00a0<a href=\"https:\/\/www.corriere.it\/sport\/olimpiadi-invernali\/26_febbraio_07\/francesca-lollobrigida-oro-speed-skating-3000-metri-milano-cortina-2026-be56b472-b8bd-4146-8dc9-7baf9558fxlk.shtml\" title=\"Francesca Lollobrigida medaglia d&#039;oro nello Speed skating 3000 metri a Milano Cortina 2026\" target=\"_blank\" rel=\"nofollow noopener\">Santa Lollo da Frascati ha aperto la nostra Olimpiade con il botto<\/a>, centrando strada facendo una doppietta \u2013 3 e 5 mila metri \u2013 che soltanto sei atlete nella storia del pattinaggio velocit\u00e0 hanno realizzato. La pronipote della <b>zia Gina<\/b> ci ha fatto emozionare, ridere grazie a una simpatia rara nel regno del ghiaccio dominato dalle valchirie del grande nord, e riflettere. <a href=\"https:\/\/www.corriere.it\/sport\/olimpiadi-invernali\/26_febbraio_14\/francesca-lollobrigida-intervista-figlio-tommaso-milano-cortina-517967a9-e710-441d-bbe3-a318a1f27xlk.shtml\" title=\"Francesca Lollobrigida: \u00abMio figlio Tommaso in braccio? Sono stata criticata. Ma un&#039;atleta senza aiuti non potr\u00e0 mai essere madre\u00bb\" target=\"_blank\" rel=\"nofollow noopener\">La sua corsa a perdifiato per abbracciare il figlio Tommaso<\/a>, tornato a Milano per la mass start di chiusura (\u00abQuarta ma per una cazzata mia\u00bb, ha detto lei, con la solita spiazzante onest\u00e0), ha scatenato un insensato odio social per\u00f2 anche riflessioni sul welfare in grado di assistere le mamme italiane: con <b>Francesca Lollobrigida<\/b> abbiamo ragionato di asili, trasferte con i bambini al seguito, palestre accoglienti verso i minori (spoiler: le atlete-madri si devono allenare), collaborazione da parte delle Federazioni del Coni. La Fisg, con tre ori e due bronzi uscita trionfante da Milano-Cortina, ha avviato un progetto-mamma per non lasciare le campionesse da sole, mai. Il ghiaccio a cinque cerchi di Francesca finisce qui, <b>ma la rivedremo presto a Sanremo.<\/b> Con i tacchi al posto delle lame, per il resto irrimediabilmente e meravigliosamente Lollo.    &#13;<br \/>\n&#13;<br \/>\n&#13;<br \/>\n&#13;<br \/>\n&#13;<br \/>\n&#13;<br \/>\n&#13;<br \/>\n&#13;<br \/>\n&#13;<br \/>\n&#13;<br \/>\n&#13;<br \/>\n&#13;<br \/>\n&#13;<br \/>\n&#13;<br \/>\n&#13;<br \/>\n&#13;<br \/>\n&#13;<br \/>\n&#13;<br \/>\n&#13;<br \/>\n&#13;<br \/>\n&#13;<br \/>\n&#13;<br \/>\n&#13;<br \/>\n&#13;<br \/>\n&#13;<br \/>\n&#13;<br \/>\n&#13;<br \/>\n&#13;<br \/>\n&#13;<br \/>\n&#13;<br \/>\n&#13;<br \/>\n&#13;<br \/>\n&#13;<br \/>\n&#13;<br \/>\n&#13;<br \/>\n&#13;<br \/>\n&#13;<br \/>\n&#13;<br \/>\n&#13;<br \/>\n&#13;<br \/>\n&#13;<br \/>\n&#13;<br \/>\n&#13;<br \/>\n&#13;<br \/>\n&#13;<br \/>\n&#13;<br \/>\n&#13;<br \/>\n&#13;<br \/>\n&#13;<br \/>\n&#13;<br \/>\n&#13;<br \/>\n&#13;<br \/>\n&#13;\n<\/p>\n<p>    Arianna Fontana,\u00a0\u00abcome voto mi do 10\u00bb<\/p>\n<p class=\"chapter-paragraph\">(Gaia Piccardi) Dopo il quinto posto nei 1500 metri, quinta e ultima delle sue fatiche olimpiche, le <a href=\"https:\/\/www.corriere.it\/sport\/olimpiadi-invernali\/26_febbraio_18\/staffetta-donne-short-track-vince-medaglia-argento-milano-cortina-edbd975c-057a-41f2-8f23-cd79a0894xlk.shtml\" title=\"La staffetta donne short track vince la medaglia d&#039;argento davanti a Meloni, Arianna Fontana supera il record di Mangiarotti\" target=\"_blank\" rel=\"nofollow noopener\">\u00e8 stato chiesto ancora una volta del record di podi ai Giochi (14) con cui ha superato il totem del passato, Edoardo Mangiarotti. <\/a>Con al collo tre delle quattro medaglie dello short track a Milano Cortina (oro nella staffetta mista, argento nei 500 e nella staffetta donne), l\u2019atomica bionda ha alzato gli occhi al cielo: \u00abE basta con la storia del record\u2026\u00bb. Non sono mai stati i numeri ad interessare <b>Arianna Fontana da Polaggia<\/b>, frazione di Berbenno, Valtellina, Italy. Ma piuttosto una longevit\u00e0 dimostrata attraverso sei edizioni dei Giochi, due da portabandiera, culminata a quasi 36 anni nella seconda Olimpiade casalinga a <b>vent\u2019anni da Torino 2006<\/b>, che la lanci\u00f2 appena quindicenne. Una storia che sembra un film. \u00abVenivo da un infortunio, non sapevo bene cosa aspettarmi sul ghiaccio di Milano. Aver centrato cinque finali su cinque gare mi riempie di felicit\u00e0. <b>Come voto mi do un bel dieci!<\/b>\u00bb ha detto alla fine di questo ennesimo quadriennio olimpico a cui ha sacrificato famiglia, tempo libero, affetti. \u00c8 ora di dedicarcisi. Ma il richiamo del ghiaccio si far\u00e0 sentire. Scommettiamo?<\/p>\n<p>APPROFONDISCI CON IL PODCAST<\/p>\n<p>    Federica Brignone, due ori per una Mission Impossible\u00a0<\/p>\n<p class=\"chapter-paragraph\">(di Francesco Battistini e Daniele Sparisci) Era una Mission Impossible, diventer\u00e0 il film dei Giochi di Milano-Cortina 2026. Il kolossal scritto e diretto da Federica Brignone:<a href=\"https:\/\/www.corriere.it\/sport\/olimpiadi-invernali\/26_febbraio_17\/federica-brignone-ori-intervista-78ee295d-b6a7-42cb-8d91-7e6c91a20xlk.shtml\" title=\"Brignone dopo il doppio oro: \u00abVorrei un aereo e scappare lontano, ballare il liscio e andare al bar con le amiche\u00bb. Il gossip: Mbaye modello e fidanzato\" rel=\"nofollow noopener\" target=\"_blank\"> due ori a dieci mesi dal terribile infortunio alla gamba <\/a>sinistra che ha rischiato di mettere fine alla carriera. \u00abOltre i confini dell\u2019immaginazione\u00bb, ha detto la campionessa valdostana, arrivata con il solo obiettivo di partecipare ed essere abbastanza competitiva per entrare fra le prime dieci, prima delle Olimpiadi aveva disputato appena due gare. Macch\u00e9. La tigre ha azzannato la neve dell\u2019Olympia delle Tofane, prima nel superG, fra ombre e bassa visibilit\u00e0, le condizioni che adora. Poi il cielo si \u00e8 aperto per renderle omaggio, mentre sfrecciavano le Frecce Tricolori. \u00abIl giorno perfetto\u00bb, di quelli che si vivono una volta sola. Macch\u00e9. Fede \u00e8 riuscita a <b>sdoppiare il miracolo<\/b>, superando il dolore e la fatica delle due manche di gigante, mantenendo intatta la tensione dopo essere passata attraverso un vortice emotivo. La sua filosofia \u00e8 semplice: vivere nel qui e ora, nel presente. \u00abCos\u00ec mi riesce tutto facile, devo pensare soltanto a sciare come so\u00bb. All\u2019arrivo le avversarie si inchinano davanti alla regina. \u00c8 la locandina del film.<\/p>\n<p>    Pattinaggio in velocit\u00e0: Ghiotto trascina i suoi all&#8217;oro<\/p>\n<p class=\"chapter-paragraph\">(Flavio Vanetti) Un oro per unire il presente al passato. \u00c8 quanto hanno saputo fare <a href=\"https:\/\/www.corriere.it\/sport\/24_febbraio_19\/davide-ghiotto-oro-mondiali-pattinaggio-velocita-calgary-2cd06bac-cef4-11ee-9aef-bdf20163b2aa.shtml\" title=\"Davide Ghiotto oro ai Mondiali di pattinaggio di velocit\u00e0 nei 10.000\" target=\"_blank\" rel=\"nofollow noopener\"><b>Davide Ghiotto, Andrea Giovannini e Michele Malfatti<\/b> <\/a>nell\u2019inseguimento del pattinaggio velocit\u00e0: il loro successo si si lega a quello di Enrico Fabris, Matteo Anesi e Ippolito Sanfratello a Torino 2006. Quello fu l\u2019inizio di una storia che a Rho ha avuto un esaltante \u201csequel\u201d al termine di una gara straordinaria: i favoriti statunitensi sono stati infatti battuti sia nella qualificazione sia nella finale. <b>Giovannini ha esultato come il cestista Stephen Curry: <\/b>mani giunte sotto la testa reclinata, per dire \u00abvi ho messo a letto\u00bb.<\/p>\n<p>    Short track staffetta mista: oro e polemiche<\/p>\n<p class=\"chapter-paragraph\">(Gaia Piccardi) Fontana, certo. Ma non solo. Per regalare al medagliere il secondo oro in ordine cronologico della spedizione italiana ai Giochi, l\u2019atomica bionda ha avuto bisogno di collaborazione.<a href=\"https:\/\/www.corriere.it\/sport\/olimpiadi-invernali\/26_febbraio_10\/italia-vince-medaglia-oro-short-track-b90d57c3-7b83-4a25-8800-788d94c85xlk.shtml\" title=\"Arianna Fontana \u00e8 nella storia: l&#039;Italia vince la medaglia d&#039;oro nello short track staffetta mista\" target=\"_blank\" rel=\"nofollow noopener\"> E allora <b>Chiara Betti, Elisa Confortola, Thomas Nadalini, Luca Spechenhauser e Pietro Sighel<\/b> non si sono tirati indietro,<\/a> mettendo la punta del pattino davanti a Canada e Belgio. Sembravano una famiglia felice ma poi, preso dall\u2019entusiasmo, Sighel ha detto una parola di troppo (\u00abFontana chi?\u00bb) e <b>la magia della squadra <\/b>si \u00e8 guastata.  L\u2019Olimpiade della fuoriclasse \u00e8 decollata, quella di Sighel \u2013 nelle prove individuali \u2013 \u00e8 implosa. Peccato.<\/p>\n<p>    Slittino uomini, le vite parallele di Rieder e Kainzwaldner<\/p>\n<p class=\"chapter-paragraph\">(Francesco Battistini) Sessantatr\u00e9 minuti. E\u2019 il tempo che divide i due ori italiani nello slittino, in una serata unica: subito dopo le donne, ecco <a href=\"https:\/\/www.corriere.it\/sport\/olimpiadi-invernali\/26_febbraio_12\/slittino-oro-record-commento-9db50593-7c9b-48d4-a3a0-07a14f1b3xlk.shtml\" title=\"Lo slittino nella storia: un corpo solo a 130 all\u2019ora, la notte magica di un\u2019arte\" target=\"_blank\" rel=\"nofollow noopener\"><b>Emanuel Rieder e Simon Kainzwaldner<\/b> nel doppio maschile<\/a>. Non vincevamo da pi\u00f9 di trent\u2019anni e nemmeno ci speravamo: su una pista che ci siamo disegnati un po\u2019 a nostra misura, questo s\u00ec, ma <b>contro invincibili atleti tedeschi che sono pagati il triplo dei nostri <\/b>e dominano da sempre. Emanuel e Simon slittano insieme fin da ragazzi, vite parallele: uno ama nuotare coi suoi bimbi, l\u2019altro il trekking in alta quota. L\u2019Alto Adige intero, ora, ne ha fatto i suoi nuovi eroi.\u00a0<\/p>\n<p>    Slittino donne, Voetter e Oberhofer oro all&#8217;esordio<\/p>\n<p class=\"chapter-paragraph\">(Francesco Battistini)\u00a0Buona la prima. Lo slittino doppio femminile esordisce alle Olimpiadi e il primo oro, il terzo della missione italiana,  tocca a loro: <a href=\"https:\/\/www.corriere.it\/sport\/olimpiadi-invernali\/26_febbraio_11\/slittino-doppio-femminile-oro-voetter-oberhofer-italia-cortina-532657e1-a6f1-4e1e-a192-f3b0b3221xlk.shtml\" title=\"Slittino, doppio femminile: straordinarie Voetter e Oberhofer, \u00e8 il terzo oro per l&#039;Italia\" target=\"_blank\" rel=\"nofollow noopener\"><b>Andrea Voetter e Marion Oberhofer<\/b><\/a>, una 30enne di Bressanone e una 25enne di San Candido, che amano la velocit\u00e0 sulla neve da quand\u2019erano bambine \u2013 prima provando sulle discese di neve naturale, poi su quelle artificiali &#8211; e allora la leggenda italiana che tutto aveva vinto si chiamava <b>Armin Zoeggeler detto il Cannibale<\/b>, sei medaglie in sei Olimpiadi. Andrea e Marion trionfano a sorpresa la sera dell\u2019arrivo a Cortina di Mattarella, un buon segno. \u201cNon mollare mai\u201d, il loro motto. E infatti.\u00a0\u00a0<\/p>\n<p>    Lisa Vittozzi: il primo oro olimpico azzurro nella storia del biathlon<\/p>\n<p class=\"chapter-paragraph\">(Marco Bonarrigo) Non avevamo mai vinto una medaglia d\u2019oro olimpica nel biathlon e una sola volta in passato eravamo stati capaci di piazzare sul podio un atleta che non veniva dalla storica scuola di Anterselva. Il vuoto \u00e8 stato colmato proprio ad Anterselva: <a href=\"https:\/\/www.corriere.it\/sport\/olimpiadi-invernali\/26_febbraio_16\/lisa-vittozzi-ritratto-aa8add7b-4af5-4602-a44a-fe5aa4937xlk.shtml\" title=\"Il riscatto di Lisa Vittozzi, prima medaglia d&#039;oro nel biathlon: l&#039;infanzia con i nonni, la crisi per i dolori alla schiena\" rel=\"nofollow noopener\" target=\"_blank\">primo oro individuale nell\u2019Inseguimento femminile, <b>capolavoro di Lisa Vittozzi da Sappada<\/b><\/a> che ha destabilizzato francesi e norvegesi pigliatutto con un ultimo poligono capolavoro. Fenomeno assoluto, dominatrice della stagione 2024 ma praticamente ai box nel 2025 per<b> dolori alla schiena cos\u00ec forte da farle pensare al ritiro<\/b>, Lisa ha mescolato a doti aerobiche di primissima qualit\u00e0 una rapidit\u00e0 di tiro (sessioni da 19\u201d non le chiudono nemmeno i maschi) che ha messo in soggezione le avversarie che arrivano con lei al poligono.<br \/>Dopo aver patito per anni il palmares sontuoso ma anche<b> la personalit\u00e0 fortissima di Wierer<\/b> in un ambiente dove la prima lingua \u00e8 il tedesco, la seconda il dialetto di Antholz, Lisa ha saputo ritagliarsi il suo spazio usando come chiave di vittoria la serenit\u00e0 e capacit\u00e0 da cecchino-fuoriclasse: il 93,1% di centri in Coppa del Mondo non ha equivalenti nemmeno tra i maschi. A 31 anni, Vittozzi decider\u00e0 a breve se <b>continuare o meno<\/b> a faticare sugli sci stretti.<\/p>\n<p>    Ski cross: il volo di Deromedis sull&#8217;oro<\/p>\n<p class=\"chapter-paragraph\">(di Daniele Sparisci) <a href=\"https:\/\/www.corriere.it\/sport\/olimpiadi-invernali\/26_febbraio_21\/simone-deromedis-vince-medaglia-oro-federico-tomasoni-argento-ski-cross-milano-cortina-74803374-1965-4fa0-9cc4-62c78d37exlk.shtml\" title=\"Federico Tomasoni e il casco in ricordo della fidanzata Matilde Lorenzi: \u00abLe favole esistono\u00bb\" rel=\"nofollow noopener\" target=\"_blank\">Mai l&#8217;Italia aveva conquistato una medaglia olimpica in questa disciplina, <b>Simone Deromedis<\/b><\/a>\u00a0si \u00e8 preso addirittura quella pi\u00f9 pregiata battendo il compagno di Nazionale <b>Federico Tomasoni<\/b>. Lo ha fatto sotto una fitta nevicata a\u00a0 Livigno, con una strategia di attacco su una pista pianeggiante dove i suoi cento chili hanno fatto la differenza insieme agli sci velocissimi, preparati dai tecnici della Nazionale. Originario della Val di Non, <b>\u00e8 un grande appassionato di motori<\/b>: in passato ha corso e vinto in Coppa del Mondo con un casco dedicato ad Ayrton Senna. Ha provato ogni tipo di sport ad alta adrenalina: salto con gli sci, downhill, go kart.\u00a0<\/p>\n<p>    <b>Staffetta donne short track: argento con grinta<\/b><\/p>\n<p class=\"chapter-paragraph\">(Gaia Piccardi) Registrata l\u2019ostilit\u00e0 di Sighel, Arianna Fontana si \u00e8 ritrovata a correre la staffetta donne insieme alla sorella del trentino, <b>Arianna Sighel<\/b>, e alla fidanzata, <b>Elisa Confortola<\/b>. La quarta azzurra del quartetto \u00e8 la pi\u00f9 giovane della confraternita dello short track, <b>Chiara Betti,<\/b> 23 anni. \u00c8 proprio a loro che la fuoriclasse dei 14 podi olimpici ha passato il testimone in una gara in cui \u00e8 andata a medaglia in quattro Olimpiadi su sei, la prima a Torino 2006, neanche sedicenne. \u00abIl futuro dello short track femminile \u00e8 in ottime mani \u2013 ha detto -, <b>le ragazze hanno voglia di allenarsi e grinta da vendere<\/b>\u00bb. Con o senza Fontana, insomma, il testimone sembra in buone mani anche verso i Giochi 2030 sulle Alpi Francesi.\u00a0<\/p>\n<p>    Il sogno d&#8217;argento di Giovanni Franzoni<\/p>\n<p class=\"chapter-paragraph\">(Francesco Battistini) \u00abAdesso ho veramente bisogno d\u2019una pausa&#8230;\u00bb. Comparso quasi dal nulla, <a href=\"https:\/\/www.corriere.it\/sport\/olimpiadi-invernali\/26_febbraio_07\/discesa-libera-bormio-franzoni-paris-medaglie-risultato-milano-cortina-a4c9ec43-3ab1-421f-a18c-254bb34bdxlk.shtml\" title=\"Franzoni argento e Paris bronzo nella discesa libera di Bormio a Milano Cortina: \u00abNon me lo sarei mai immaginato\u00bb, \u00abBellissimo essere sul podio con Giovanni\u00bb\" target=\"_blank\" rel=\"nofollow noopener\"><b>Giovanni Franzoni<\/b><\/a> non l\u2019aveva vissuto nemmeno nei sogni, un mese e mezzo cos\u00ec: il trionfo a Kitzbuehel, gli occhi del mondo addosso, l\u2019argento nella libera sulla Stelvio, la combinata rovinata solo dal suo compagno di squadra, la stanchezza finale e poi <a href=\"https:\/\/www.corriere.it\/sport\/olimpiadi-invernali\/26_febbraio_18\/franzoso-franzoni-fratelli-polemica-99b72183-3d4a-4791-b74d-1534b533fxlk.shtml\" title=\"Il fratello di Franzoso contro Franzoni: \u00abNon \u00e8 andato al suo funerale, \u00e8 egoista\u00bb. La replica: \u00abGiovanni non ha colpe\u00bb\" target=\"_blank\" rel=\"nofollow noopener\">la (triste) polemica con la famiglia del suo amico morto in Cile, <b>Matteo Franzoso<\/b><\/a>, al quale ha dedicato la medaglia. Quanto ha vinto e quanto ha visto. Per la pettinatura e l\u2019infanzia condivisa sugli sci, lo paragonano a <b>Jannik Sinner<\/b>. Chiss\u00e0. Troppa pressione, e lui la sente: ha gi\u00e0 fatto tantissimo cos\u00ec.\u00a0<\/p>\n<p>    Snowboard cross a squadre: Moioli-Sommariva d&#8217;argento<\/p>\n<p class=\"chapter-paragraph\">(Daniele Sparisci) \u00c8 una medaglia che rester\u00e0 nei libri di storia: in ordine cronologico \u00e8 stata la ventunesima dell\u2019Italia a questi Giochi, ha segnato il sorpasso sul record di Lillehammer 1994. <b>Lorenzo Sommariva<\/b>, genovese trapiantato in Valle d\u2019Aosta, e <b>Michela Moioli<\/b>, collezionista di metalli olimpici: la partner perfetta (a Pechino aveva preso l\u2019argento nella stessa specialit\u00e0 con Omar Visintin) per le missioni in rimonta, per i salti nei record. Prende colpi, si rialza, torna ancora pi\u00f9 affamata: <b>nei grandi eventi non sbaglia mai. <\/b>Una lezione da far vedere ai corsi di team building.\u00a0<\/p>\n<p>    Biathlon: la staffetta mista davanti e Norvegia e Germania<\/p>\n<p class=\"chapter-paragraph\">(Marco Bonarrigo) In un torneo stradominato dai francesi sia tra gli uomini che tra le donne, <a href=\"https:\/\/www.corriere.it\/sport\/olimpiadi-invernali\/26_febbraio_08\/biathlon-argento-giacomel-hofer-wierer-vittozzi-milano-cortina-37fd3adc-d8d1-4044-9530-0e88a57d8xlk.shtml\" title=\"Giacomel, Hofer, Wierer e Vittozzi: il biathlon d&#039;argento \u00e8 pi\u00f9 forte anche del batticuore\" rel=\"nofollow noopener\" target=\"_blank\">l\u2019argento nella staffetta mista del biathlon <\/a>\u00e8 un premio alla scuola italiana e a due veterani altoatesini che si ritirano dopo i Giochi (<b>Hofer e Wierer<\/b>) ma anche una consolazione per <b>Tommaso Giacomel,<\/b> che arrivato ad Anterselva da grande sorpresa della stagione ne \u00e8 uscito con risultati individuali modesti e l\u2019inquietante ritiro nella Mass Start. Un argento che ha un protagonista assoluto, <b>Lisa Vittozzi <\/b>che con un ultimo poligono superbo ha staccato Norvegia e Germania e si \u00e8 presa il secondo posto alle spalle della Francia.\u00a0<\/p>\n<p>    Ski cross, Tomasoni dedica l&#8217;argento a Matilde Lorenzi<\/p>\n<p class=\"chapter-paragraph\">(Daniele Sparisci) \u00abQuesta \u00e8 per lei. Ci pensavo da pi\u00f9 di una settimana: non credevo che potessi fare una cosa cos\u00ec bella. A volte le favole si realizzano, bisogna crederci sempre\u00bb. <a href=\"https:\/\/www.corriere.it\/sport\/olimpiadi-invernali\/26_febbraio_22\/deromedis-tomasoni-ski-cross-matilde-lorenzi-1d13a10a-521e-4c3d-be20-e2693e685xlk.shtml\" title=\"Deromedis e Tomasoni, la favola degli azzurri dello ski cross. La dedica a Matilde Lorenzi: \u00abQuesta \u00e8 per te\u00bb\" target=\"_blank\" rel=\"nofollow noopener\">L&#8217;argento di <b>Federico Tomasoni <\/b>nello ski cross \u00e8 stato uno dei momenti pi\u00f9 emozionanti di tutta l&#8217;Olimpiade<\/a>: il ventottenne bergamasco infatti era il fidanzato di <b>Matilde Lorenzi<\/b>, la giovane sciatrice morta in allenamento nell&#8217;ottobre del 2024. Ha corso con un sole disegnato sul casco, il simbolo che la famiglia di Mati ha scelto per creare la Fondazione per la sicurezza. Ha pianto a lungo ricordando quell&#8217;amore spezzato:\u00a0\u00abAbbiamo vinto insieme\u00bb.\u00a0<\/p>\n<p>    <b>Staffetta maschile short track (1 bronzo)<\/b><\/p>\n<p class=\"chapter-paragraph\">(Gaia Piccardi) Dentro il frullatore di lame ed emozioni, ci si sono infilati in quattro:<b> capitan Sighel<\/b> scornato dalle gare individuali, <b>Tomas Nadalini, Andrea Cassinelli<\/b> all\u2019ultima Olimpiade e <b>Luca Spechenhauser<\/b>. Varie cose erano in palio quel giorno sul ghiaccio della Milano Ice Skating Arena: la difesa della medaglia di Pechino 2022 e l\u2019onore di un gruppo di uomini che non voleva essere da meno delle ragazze e desiderava dimostrare di essere una squadra. Podio incerto fino all\u2019ultimo, Canada clamorosamente rimasto gi\u00f9, <a href=\"https:\/\/www.corriere.it\/sport\/olimpiadi-invernali\/26_febbraio_20\/italia-vince-medaglia-bronzo-staffetta-uomini-short-track-ab11a042-c21f-4bb4-8181-f6dcc3b5axlk.shtml\" title=\"L&#039;Italia vince la medaglia di bronzo nella staffetta uomini dello short track ai Giochi di Milano Cortina\" target=\"_blank\" rel=\"nofollow noopener\">un ultimo guizzo di Sighel ha infilzato il bronzo dietro Olanda e Corea<\/a>. \u00c8 qui la festa? S\u00ec, ma<b> il capitano offeso ha scelto di non parlare<\/b>. Pu\u00f2 tacere quattro anni. L\u2019importante \u00e8 che ritrovi timbro e guizzo nel 2030.<\/p>\n<p>    Sofia Goggia, bronzo da record e Giochi in chiaroscuro<\/p>\n<p class=\"chapter-paragraph\">(Flavio Vanetti)\u00a0<a href=\"https:\/\/www.corriere.it\/sport\/olimpiadi-invernali\/26_febbraio_08\/sofia-goggia-bronzo-cortina-segreti-fe771138-d41c-43f6-90b5-ad3ca077bxlk.shtml\" title=\"Sofia Goggia, a Cortina il bronzo della ragione: la mamma Giuliana sul divano, respinto lo psicologo, il siparietto con Tomba\" target=\"_blank\" rel=\"nofollow noopener\">I Giochi di <b>Sofia Goggia<\/b> si sono conclusi con il bronzo in discesa<\/a>, con una caduta in combinata e con una scivolata in superG ancora pi\u00f9 dura da accettare perch\u00e9 in quel momento era virtualmente leader della gara. Il bilancio \u00e8 insomma in chiaroscuro (e sono comunque pi\u00f9 i rimpianti), ma<b> l\u2019olimpionica 2018<\/b> della libera lascia Cortina con una gioia che vale una pagina di storia: \u00e8 diventata l\u2019unica sciatrice ad aver conquistato<b> tre medaglie nella stessa specialit\u00e0<\/b> in altrettante edizioni olimpiche consecutive. E adesso Sofia pu\u00f2 andare a caccia alle Coppe del Mondo di superG e (forse) di discesa.<\/p>\n<p>    Dominik Paris, un bronzo che vale oro prima dell&#8217;addio<\/p>\n<p class=\"chapter-paragraph\">(Francesco Battistini) Il re della pista Stelvio. Nessuno l\u2019aveva battuta tante volte quanto lui, sette, per non dire dei cinquanta podi in Coppa del Mondo. Ma a 36 anni, prima di ritirarsi, gli mancava un\u2019Olimpiade. La sua quinta. Ce la mette tutta e ce la fa, <a href=\"https:\/\/corrieredellaltoadige.corriere.it\/notizie\/sport\/26_febbraio_08\/olimpiadi-il-trentino-festeggia-la-prima-medaglia-di-dominik-paris-nello-sci-un-emozione-che-non-riesco-a-spiegare-edc9608e-3159-4dc8-a19e-78cf03196xlk.shtml\" title=\"Dominik Paris, prima medaglia olimpica nello sci discesa: \u00abUn&#039;emozione che non riesco a spiegare\u00bb\" target=\"_blank\" rel=\"nofollow noopener\"><b>Dominik Paris<\/b>. Il bronzo in discesa libera per lui \u00e8 come un oro<\/a>, contro l\u2019invincibile Swiss Army e dietro a <b>Franzoni<\/b>, che assieme a lui fa da apripista del nostro medagliere: \u201cE\u2019 Giovanni &#8211; dice &#8211; il nostro futuro\u201d. L\u2019et\u00e0 e le vittorie mondiali l\u2019hanno ammorbidito, scherza al cellulare con <b>Tomba<\/b>. E nemmeno s\u2019arrabbia tanto, per quello sci staccato in SuperG. Il successo rende simpatici.\u00a0<\/p>\n<p>    <b>Team Event pattinaggio di figura: bronzo dopo 12 anni<\/b><\/p>\n<p class=\"chapter-paragraph\">(Gaia Piccardi) \u00c8 stata una lunga e appassionante avventura spalmata su pi\u00f9 giorni, raccontata a pi\u00f9 voci, meritevole di un bellissimo bronzo dietro le superpotenze, gli Stati Uniti di Malinin che ancora non era andato in mille pezzi sul ghiaccio e il Giappone. <b>Daniel, Lara, Charlene, Marco, Niccol\u00f2, Sara, Matteo.<\/b> Ciascuno ci ha messo del suo: Grassl nel corto e un super Rizzo schierato nel libero, Gutmann ha ricordato una giovane Carolina Kostner, Guignard e Fabbri hanno ballato un ultimo giro di valzer, Macii e Conti hanno lasciato tutta la loro arte sulla patinoire, tanto che nella gara di artistico a coppie, poi, avevano esaurito la benzina. <a href=\"https:\/\/www.corriere.it\/sport\/26_gennaio_17\/lara-naki-gutmann-bronzo-agli-europei-di-pattinaggio-sul-ghiaccio-di-figura-fd88e09a-26ed-42dc-96f5-7d2601654xlk.shtml\" title=\"Lara Naki Gutmann bronzo agli Europei di pattinaggio sul ghiaccio di figura\" target=\"_blank\" rel=\"nofollow noopener\">L\u2019Italia nel pattinaggio di figura non conquistava una medaglia da Sochi 2014<\/a> (Kostner bronzo).<\/p>\n<p>    La zampata di Riccardo Lorello, l&#8217;outsider di bronzo<\/p>\n<p class=\"chapter-paragraph\">(Flavio Vanetti) \u00c8 entrato in gara come outsider (seppure di valore), ma il ventiquattrenne <b>Riccardo Lorello <\/b>ha imparato che i Giochi possono scombinare i pronostici. L\u2019azzurro pi\u00f9 atteso nei 5000 era Davide Ghiotto, terzo a Pechino 2022? Ecco allora la zampata di Riccardo: 35 centesimi pi\u00f9 veloce del compagno, impresa che gli \u00e8 valsa lo \u00abscippo\u00bb del bronzo al veterano della Nazionale. Riccardo si \u00e8 arreso al forte norvegese <b>Sander Eitrem<\/b> e al giovanissimo ed emergente ceco <b>Metodej Jilek<\/b>, ma la sua medaglia, considerata la giovane et\u00e0, \u00e8 come una polizza assicurativa sul futuro suo e dell\u2019Italia dell\u2019ice skating.<\/p>\n<p>    Snowboard, Lucia Dalmasso salva la spedizione<\/p>\n<p class=\"chapter-paragraph\">(Daniele Sparisci) La squadra dei sogni era arrivata all\u2019Olimpiade di casa con una sequenza di vittorie nella Coppa del Mondo. Ma n\u00e9 il veterano <b>Roland Fischnaller<\/b>, n\u00e9 il valtellinese <b>Maurizio Bormiolini<\/b> n\u00e9 <b>Aaron March o Mirko Felicetti<\/b> hanno regalato gioie. A salvare il bilancio dello snowboard parallelo ci ha pensato una ragazza: <b>Lucia Dalmasso,<\/b>\u00a0ventotto anni, originaria della provincia di Belluno, aveva cominciato con gli sci poi \u00e8 passata alla tavola dopo gravi infortuni alle ginocchia. \u00abQuesto sport mi ha insegnato che bisogna sempre crederci, se continui a credere in ci\u00f2 che ti piace fare prima o poi raggiungi l\u2019obiettivo\u00bb.\u00a0<\/p>\n<p>    Slittino, per Dominik Fischnaller un bronzo\u00a0\u00abdi famiglia\u00bb<\/p>\n<p class=\"chapter-paragraph\">(Marco Bonarrigo)<a href=\"https:\/\/www.corriere.it\/sport\/olimpiadi-invernali\/26_febbraio_08\/olimpiadi-fischnaller-bronzo-slittino-1024a7ce-3e91-4fcb-879f-4ffc3c8abxlk.shtml\" title=\"Olimpiadi di Milano Cortina, bronzo per Dominik Fischnaller nello slittino\" rel=\"nofollow noopener\" target=\"_blank\"> <b>Dominik Fischnaller<\/b> <\/a>\u00e8 un ragazzo coerente. Terzo in famiglia a votarsi alla causa dello slittino dopo il fratello Hans Peter e il cugino Kevin, terzo ai Mondiali del 2017 in Austria e terzo ai Giochi di Pechino nel 2022, non \u00e8 sfuggito al suo destino e si \u00e8 preso prima<b> la medaglia di bronzo nella prova individuale, <\/b>circondato a bordo pista da amici e parenti che si sono svenati per comprare i biglietti per tifarlo e poi quella a squadre assieme a quel gruppo di colleghi\/vicini che costituisce il team azzurro: Verena Hofer, Emanuel Rieder, Simon Kainzwaldner, Andrea Voetter e Marion Oberhofer.<\/p>\n<p>    La staffetta mista dello slittino manda tutti sul podio<\/p>\n<p class=\"chapter-paragraph\">(Daniele Sparisci) <b>Dopo i due ori nel doppio maschile e femminile,<\/b> l\u2019Italia dello slittino scende veloce anche nel format di squadra. \u00c8 la conferma del gran lavoro fatto sulla pista di casa intitolata al Rosso Volante, Eugenio Monti, ma gli azzurri avevano ottenuto un podio in questa specialit\u00e0. E il bello \u00e8 che cinque sui sei dei partecipanti alla staffetta avevano gi\u00e0 ottenuto una medaglia qui a Cortina.\u00a0 <b>L&#8217;unica che mancava era Verena Hofer,<\/b> i compagni l&#8217;hanno sommersa di abbracci.\u00a0<\/p>\n<p>    Curling doppio misto: Constantini-Mosaner di bronzo<\/p>\n<p class=\"chapter-paragraph\">(Marco Bonarrigo) Chi \u00e8 rimasto deluso per il bronzo conquistato dalla coppia d\u2019oro di Pechino <b>Constantini\/Mosaner<\/b> non considera che il trentino e la veneta nel quadriennio olimpico &#8211; pur dedicandosi quasi esclusivamente a guidare come capitani i team maschili e femminili &#8211; hanno vinto un Mondiale e che la base di praticanti italiani \u00e8 e <b>resta ancorata a poche centinaia di persone. <\/b>La coppia non \u00e8 scoppiata, anzi, ha mancato la finale per l\u2019oro per \u00abmancanza di cinismo nei momenti in cui serviva\u00bb (Mosaner dixit) ma ha tenuto accesa la passione per una disciplina che adesso, a Cortina, <b>cuore di questo sport in Italia,<\/b> ha finalmente un impianto di riferimento.<\/p>\n<p>    Snowboard cross: garanzia Moioli, terza dopo l&#8217;ospedale<\/p>\n<p class=\"chapter-paragraph\">(Daniele Sparisci) Quarantotto ore prima di saltare sull\u2019anello dello snowboard cross di Livigno, <b>Michela Moioli <\/b> era in ospedale \u00abcompletamente rintronata\u00bb. Per una brutta caduta in allenamento ha rischiato di non cominciare nemmeno le sue gare ai Giochi. Escoriazioni e lividi sul volto, la trentenne bergamasca porta i segni ma resiste come ha sempre fatto. <b>E va all\u2019attacco con una strategia chirurgica<\/b> che le consente di salire sul podio. La sera festa al Miki\u2019s di Livigno per uno dei simboli di questa Olimpiade: era stata lei a pronunciare insieme a <b>Sofia Goggia<\/b> nel 2019 il discorso per spingere la candidatura di Milano Cortina davanti ai delegati del Cio.\u00a0<\/p>\n<p>    Sci di fondo, la staffetta 4&#215;7,5 km a medaglia<\/p>\n<p class=\"chapter-paragraph\">(Marco Bonarrigo) Sia pure in crisi di risultati e talenti, lo sci di fondo azzurro non poteva non lasciare un segno sulle piste di casa e celebrare <b>l\u2019addio del capitano <\/b>che ha tenuto alto l\u2019onore della scuola negli ultimi dieci anni. E cos\u00ec nella prova che ha celebrato per l\u2019ennesima volta la Norvegia e le imprese del Marziano Klaebo, \u00e8 toccato a <b>Federico Pellegrino<\/b> finalizzare il lavoro di squadra e prendersi un bronzo che mancava da vent\u2019anni staccando il finlandese Anttola nella volata per il terzo posto. Un messaggio per <b>Barp, Graz e Carollo<\/b>: prendete voi in mano un team che ha bisogno di risollevare la testa.<\/p>\n<p>    Bronzo nella Team Sprint di fondo con Barp e Pellegrino<\/p>\n<p class=\"chapter-paragraph\">(Marco Bonarrigo) Sar\u00e0 anche una prova considerata una profanazione al sacro spirito dello sci nordico, come spiegano i puristi, ma il bronzo conquistato nella staffetta sprint maschile alle spalle di Norvegia e Stati Uniti vale moltissimo. Tre frazioni a testa per la coppia azzurra formata dal 23enne bellunese <b>Elia Barp<\/b> e dal fenomenale veterano aostano<b> Federico Pellegrino<\/b>, che gi\u00e0 avevano portato a casa il bronzo nella staffetta classica 3&#215;7.5 chilometri e che con questo titolo risollevano il morale a un fondo azzurro in crisi nelle distanze classiche ma con buoni numeri nelle prove di velocit\u00e0.<\/p>\n<p>    Flora Tabanelli, impresa col legamento rotto<\/p>\n<p class=\"chapter-paragraph\">(Daniele Sparisci) In volo su un primato, centodue giorni dopo la lesione a un legamento crociato. Mai un\u2019azzurra era salita sul podio olimpico dello sci freestyle, <b>Flora Tabanelli a 18 anni ha rotto il tab\u00f9 e la sua \u00e8 un\u2019impresa che sar\u00e0 ricordata.<\/b> A Livigno, sul trampolino del Big Air, era arrivata senza aver disputato nemmeno una gara, aveva scelto \u2013 insieme allo staff medico della Federazione- di non operarsi e di tentare l\u2019avventura a cinque cerchi attraverso una terapia conservativa.  Per prendersi la medaglia <b>si \u00e8 inventata un salto che aveva provato soltanto due volte,<\/b> quattro rotazioni e mezzo. Flora, la ragazza cresciuta in un rifugio, \u00e8 gi\u00e0 una stella.<\/p>\n<p>    Pattinaggio velocit\u00e0, gli sprint di Giovannini\u00a0<\/p>\n<p class=\"chapter-paragraph\">(Flavio Vanetti) Veterano e \u00abchioccia\u00bb delle nuove leve del pattinaggio di velocit\u00e0, <b>Andrea Giovannini<\/b> \u00e8 riuscito a salire una seconda volta sul podio di Milano-Cortina 2026: dopo l\u2019oro con i compagni dell\u2019inseguimento \u00e8 stato terzo in quella mass start della quale \u00e8 campione del mondo in carica. Il bronzo \u00e8 allora deludente? Assolutamente no: anche se pure a lui \u00e8 scappato <b>il controllo dell\u2019olandese Bergsma e del danese Thorup,<\/b> andati in fuga e non pi\u00f9 ripresi, Andrea s\u2019\u00e8 levato lo sfizio di battere in volata l\u2019asso statunitense Stolz, re delle prove veloci: \u00abHo provato che si pu\u00f2 fare\u00bb. Gioia e orgoglio.<\/p>\n<p class=\"is-last-update\" datetime=\"2026-02-22T20:58:51+01:00\">22 febbraio 2026 ( modifica il 22 febbraio 2026 | 20:58)<\/p>\n<p class=\"is-copyright\">\n            \u00a9 RIPRODUZIONE RISERVATA\n        <\/p>\n","protected":false},"excerpt":{"rendered":"di Francesco Battistini, Marco Bonarrigo, Gaia Piccardi e Daniele Sparisci L&#8217;Olimpiade dell&#8217;Italia si chiude con un bilancio da&hellip;\n","protected":false},"author":3,"featured_media":365886,"comment_status":"","ping_status":"","sticky":false,"template":"","format":"standard","meta":{"footnotes":"","_share_on_mastodon":"0"},"categories":[6],"tags":[2983,1548,7554,4197,2700,207657,202755,211746,163559,12672,2201,5928,211747,75253,151715,6315,1262,17039,6586,16359,1859,24991,211748,765,4641,30930,3187,4700,7920,208302,21830,201597,19224,1033,27962,3439,211749,37,141982,87234,211750,20426,12921,211751,211752,211753,211754,2770,4014,8230,41678,26703,6969,40784,40,155202,99429,12783,631,198187,2567,76981,4021,3340,39785,3344,3987,198214,201225,4297,2235,790,447,211755,119755,7714,14,211756,3173,174436,3163,87245,8506,200633,10378,210353,5316,13227,1972,33470,7239,156770,170622,143471,211757,2429,7438,1906,211758,30236,13630,155203,146251,211759,211760,2152,1909,1248,19634,211761,7217,151306,209235,1944,2217,9443,454,1426,157188,18672,211741,47145,120758,45,211762,53013,3440,5701,199981,1250,70939,15413,78678,13134,34883,134007,629,1837,3044,7492,202958,200664,4421,19143,229,2759,143472,37824,80281,32668,211763,8,190687,3264,34190,9773,1537,90,4945,627,89,211743,2504,42758,33689,14489,32987,487,4047,141991,211744,23167,150669,199993,114,5918,12927,9476,28,54339,20399,168835,151719,1354,22542,7,3038,15,82,9,83,10,202645,28947,5917,6686,20400,16369,3206,489,19159,199991,386,28710,134008,696,8023,3351,174686,8559,4696,3672,5810,3421,7299,202646,1702,42644,2061,2521,8337,201583,201595,25283,148785,209716,199746,157189,203996,4849,80282,211740,71650,245,6228,1857,20402,211745,90153,68963,1567,76979,120944,3339,4960,1928,13,210656,1641,115376,11,80,84,12,81,85,9296,4412,211742,3556,152071,2200,140643,202647],"class_list":["post-365885","post","type-post","status-publish","format-standard","has-post-thumbnail","category-ultime-notizie","tag-addio","tag-allenamento","tag-alta","tag-alto","tag-andrea","tag-andrea-giovannini","tag-andrea-voetter","tag-andrea-voetter-marion","tag-anterselva","tag-aperto","tag-appena","tag-argento","tag-argento-staffetta","tag-arianna","tag-arianna-fontana","tag-arrivata","tag-arrivo","tag-assieme","tag-assoluto","tag-atlete","tag-atleti","tag-atomica","tag-atomica-bionda","tag-attacco","tag-avventura","tag-avversarie","tag-azzurra","tag-azzurri","tag-azzurro","tag-barp","tag-battistini","tag-betti","tag-biathlon","tag-bilancio","tag-bionda","tag-bisogna","tag-bisogna-crederci","tag-bisogno","tag-bonarrigo","tag-brignone","tag-brignone-ori","tag-bronzi","tag-bronzo","tag-bronzo-conquistato","tag-bronzo-discesa","tag-bronzo-gaia","tag-bronzo-gaia-piccardi","tag-caduta","tag-canada","tag-capitano","tag-capolavoro","tag-casco","tag-ce","tag-cerchi","tag-chiara","tag-chiara-betti","tag-chiaroscuro","tag-cielo","tag-cinque","tag-cinque-cerchi","tag-collaborazione","tag-combinata","tag-compagni","tag-compagno","tag-confortola","tag-conquistato","tag-considerata","tag-constantini","tag-constantini-mosaner","tag-coppa","tag-coppia","tag-corso","tag-cortina","tag-cortina-oro","tag-crederci","tag-crisi","tag-cronaca","tag-cronologico","tag-cross","tag-dalmasso","tag-daniele","tag-daniele-sparisci","tag-davide","tag-davide-ghiotto","tag-dedicato","tag-deromedis","tag-dieci","tag-discesa","tag-disciplina","tag-disputato","tag-do","tag-dominik","tag-dominik-fischnaller","tag-dominik-paris","tag-dominik-paris-bronzo","tag-donne","tag-doppietta","tag-doppio","tag-doppio-maschile","tag-edizioni","tag-elisa","tag-elisa-confortola","tag-emanuel","tag-emanuel-rieder","tag-emanuel-rieder-simon","tag-eta","tag-famiglia","tag-federica","tag-federica-brignone","tag-federica-brignone-ori","tag-federico","tag-federico-pellegrino","tag-federico-tomasoni","tag-femminile","tag-festa","tag-figura","tag-film","tag-finale","tag-fischnaller","tag-flavio","tag-flavio-vanetti","tag-flora","tag-flora-tabanelli","tag-fondo","tag-fondo-azzurro","tag-fontana","tag-forte","tag-francesca","tag-francesca-lollobrigida","tag-francesco","tag-francesco-battistini","tag-francesi","tag-franzoni","tag-fuoriclasse","tag-gaia","tag-gaia-piccardi","tag-gara","tag-gare","tag-germania","tag-ghiaccio","tag-ghiaccio-milano","tag-ghiotto","tag-giochi","tag-gioia","tag-giovane","tag-giovanni","tag-giovanni-franzoni","tag-giovannini","tag-goggia","tag-grinta","tag-guizzo","tag-headlines","tag-hofer","tag-impresa","tag-individuali","tag-inseguimento","tag-it","tag-italia","tag-italiana","tag-italiani","tag-italy","tag-kainzwaldner","tag-libera","tag-lisa","tag-lisa-vittozzi","tag-livigno","tag-mancava","tag-mani","tag-marco","tag-marco-bonarrigo","tag-marion","tag-maschile","tag-mass","tag-mass-start","tag-matteo","tag-medaglia","tag-medaglie","tag-messo","tag-milano","tag-milano-cortina","tag-mista","tag-moioli","tag-mosaner","tag-ne","tag-neve","tag-news","tag-norvegia","tag-notizie","tag-notizie-di-cronaca","tag-notizie-principali","tag-notiziedicronaca","tag-notizieprincipali","tag-oberhofer","tag-olimpiade","tag-olimpiadi","tag-olimpiche","tag-olimpico","tag-ori","tag-oro","tag-passato","tag-pattinaggio","tag-pattinaggio-velocita","tag-pechino","tag-pellegrino","tag-piccardi","tag-pista","tag-podi","tag-podio","tag-poligono","tag-preso","tag-prova","tag-provato","tag-prove","tag-record","tag-riccardo","tag-rieder","tag-scelto","tag-sci","tag-scuola","tag-seconda","tag-short","tag-short-track","tag-sighel","tag-simon","tag-ski","tag-ski-cross","tag-slittino","tag-snowboard","tag-snowboard-cross","tag-sofia","tag-sofia-goggia","tag-sparisci","tag-specialita","tag-sport","tag-sprint","tag-squadra","tag-staffetta","tag-staffetta-donne","tag-staffetta-mista","tag-start","tag-storia","tag-superg","tag-tabanelli","tag-team","tag-terzo","tag-testa","tag-titoli","tag-tomasoni","tag-torino","tag-track","tag-ultime-notizie","tag-ultime-notizie-di-cronaca","tag-ultime-notizie-e-news-di-oggi","tag-ultimenotizie","tag-ultimenotiziedicronaca","tag-ultimenotizieenewsdioggi","tag-unica","tag-uomini","tag-vanetti","tag-velocita","tag-veterano","tag-vinto","tag-vittozzi","tag-voetter"],"share_on_mastodon":{"url":"","error":"Validation failed: Text character limit of 500 exceeded"},"_links":{"self":[{"href":"https:\/\/www.europesays.com\/it\/wp-json\/wp\/v2\/posts\/365885","targetHints":{"allow":["GET"]}}],"collection":[{"href":"https:\/\/www.europesays.com\/it\/wp-json\/wp\/v2\/posts"}],"about":[{"href":"https:\/\/www.europesays.com\/it\/wp-json\/wp\/v2\/types\/post"}],"author":[{"embeddable":true,"href":"https:\/\/www.europesays.com\/it\/wp-json\/wp\/v2\/users\/3"}],"replies":[{"embeddable":true,"href":"https:\/\/www.europesays.com\/it\/wp-json\/wp\/v2\/comments?post=365885"}],"version-history":[{"count":0,"href":"https:\/\/www.europesays.com\/it\/wp-json\/wp\/v2\/posts\/365885\/revisions"}],"wp:featuredmedia":[{"embeddable":true,"href":"https:\/\/www.europesays.com\/it\/wp-json\/wp\/v2\/media\/365886"}],"wp:attachment":[{"href":"https:\/\/www.europesays.com\/it\/wp-json\/wp\/v2\/media?parent=365885"}],"wp:term":[{"taxonomy":"category","embeddable":true,"href":"https:\/\/www.europesays.com\/it\/wp-json\/wp\/v2\/categories?post=365885"},{"taxonomy":"post_tag","embeddable":true,"href":"https:\/\/www.europesays.com\/it\/wp-json\/wp\/v2\/tags?post=365885"}],"curies":[{"name":"wp","href":"https:\/\/api.w.org\/{rel}","templated":true}]}}