{"id":366208,"date":"2026-02-23T03:55:12","date_gmt":"2026-02-23T03:55:12","guid":{"rendered":"https:\/\/www.europesays.com\/it\/366208\/"},"modified":"2026-02-23T03:55:12","modified_gmt":"2026-02-23T03:55:12","slug":"stramaccioni-viaggio-spesso-con-litalia-e-conosco-bastoni-vi-dico-che","status":"publish","type":"post","link":"https:\/\/www.europesays.com\/it\/366208\/","title":{"rendered":"Stramaccioni: \u201cViaggio spesso con l&#8217;Italia e conosco Bastoni: vi dico che\u2026\u201d"},"content":{"rendered":"<p>In studio a Fuoriclasse su DAZN, l&#8217;allenatore Andrea Stramaccioni parla cos\u00ec di Alessandro Bastoni dopo quanto accaduto con la Juve<\/p>\n<p>In studio a Fuoriclasse su DAZN, l&#8217;allenatore Andrea <strong>Stramaccioni<\/strong> parla cos\u00ec di Alessandro <strong>Bastoni<\/strong> dopo quanto accaduto con la Juve.<\/p>\n<p>\u201cChi conosce Alessandro sa che \u00e8 un ragazzo semplice, di valori sani. Ha sbagliato, ci ha messo la faccia, poteva magari parlare prima ma veramente io lo conosco, viaggio spesso con la Nazionale. <\/p>\n<p>\u00c8 un ragazzo perbene, l\u2019uomo proprio\u2026 Lui \u00e8 importante, deve solo riconquistare fiducia, ha bisogno di tempo e basta. Questo \u00e8 anche il calcio, servir\u00e0 solo tempo\u201d.<\/p>\n<p class=\"is-copyright\">\u00a9 RIPRODUZIONE RISERVATA<\/p>\n","protected":false},"excerpt":{"rendered":"In studio a Fuoriclasse su DAZN, l&#8217;allenatore Andrea Stramaccioni parla cos\u00ec di Alessandro Bastoni dopo quanto accaduto con&hellip;\n","protected":false},"author":3,"featured_media":366209,"comment_status":"","ping_status":"","sticky":false,"template":"","format":"standard","meta":{"footnotes":"","_share_on_mastodon":"0"},"categories":[1452],"tags":[500,211848,2535,45078,211849,19898,721,1740,1537,90,89,1739,245,244,22091],"class_list":["post-366208","post","type-post","status-publish","format-standard","has-post-thumbnail","category-calcio","tag-accaduto","tag-accaduto-juve","tag-alessandro","tag-alessandro-bastoni","tag-alessandro-bastoni-accaduto","tag-bastoni","tag-calcio","tag-football","tag-it","tag-italia","tag-italy","tag-soccer","tag-sport","tag-sports","tag-stramaccioni"],"share_on_mastodon":{"url":"https:\/\/pubeurope.com\/@it\/116117931591756928","error":""},"_links":{"self":[{"href":"https:\/\/www.europesays.com\/it\/wp-json\/wp\/v2\/posts\/366208","targetHints":{"allow":["GET"]}}],"collection":[{"href":"https:\/\/www.europesays.com\/it\/wp-json\/wp\/v2\/posts"}],"about":[{"href":"https:\/\/www.europesays.com\/it\/wp-json\/wp\/v2\/types\/post"}],"author":[{"embeddable":true,"href":"https:\/\/www.europesays.com\/it\/wp-json\/wp\/v2\/users\/3"}],"replies":[{"embeddable":true,"href":"https:\/\/www.europesays.com\/it\/wp-json\/wp\/v2\/comments?post=366208"}],"version-history":[{"count":0,"href":"https:\/\/www.europesays.com\/it\/wp-json\/wp\/v2\/posts\/366208\/revisions"}],"wp:featuredmedia":[{"embeddable":true,"href":"https:\/\/www.europesays.com\/it\/wp-json\/wp\/v2\/media\/366209"}],"wp:attachment":[{"href":"https:\/\/www.europesays.com\/it\/wp-json\/wp\/v2\/media?parent=366208"}],"wp:term":[{"taxonomy":"category","embeddable":true,"href":"https:\/\/www.europesays.com\/it\/wp-json\/wp\/v2\/categories?post=366208"},{"taxonomy":"post_tag","embeddable":true,"href":"https:\/\/www.europesays.com\/it\/wp-json\/wp\/v2\/tags?post=366208"}],"curies":[{"name":"wp","href":"https:\/\/api.w.org\/{rel}","templated":true}]}}