{"id":366411,"date":"2026-02-23T07:44:11","date_gmt":"2026-02-23T07:44:11","guid":{"rendered":"https:\/\/www.europesays.com\/it\/366411\/"},"modified":"2026-02-23T07:44:11","modified_gmt":"2026-02-23T07:44:11","slug":"sergio-cusani-arrivando-a-san-vittore-pensai-di-farla-finita-di-pietro-e-stato-trattato-come-un-vecchio-straccio","status":"publish","type":"post","link":"https:\/\/www.europesays.com\/it\/366411\/","title":{"rendered":"Sergio Cusani: \u00abArrivando a San Vittore pensai di farla finita. Di Pietro \u00e8 stato trattato come un vecchio straccio\u00bb"},"content":{"rendered":"<p>    di<br \/>\n    Goffredo Buccini<\/p>\n<p class=\"summary-art is-line-h-12\">L&#8217;ex manager: \u00abMani Pulite? Non accettavo il &#8220;se parli, esci&#8221;. Sul referendum solo insulti e bugie. Fermiamoci\u00bb. \u00abHo scritto un&#8217;autobiografia perch\u00e9 quelli che non c\u2019erano, i ragazzi, sappiano ci\u00f2 che \u00e8 successo\u00bb<\/p>\n<p class=\"chapter-paragraph\"><b>Sergio Cusani, trent\u2019anni e passa dopo Mani Pulite, un\u2019autobiografia. Perch\u00e9?<\/b><br \/>\u00abPerch\u00e9 quelli che non c\u2019erano, i ragazzi, sappiano ci\u00f2 che \u00e8 successo\u00bb.<\/p>\n<p class=\"chapter-paragraph\"><b>E perch\u00e9 quel titolo, \u00abIl Colpevole\u00bb? C\u2019\u00e8 un filo di vanit\u00e0, di autocompiacimento? Lo ammetta, su.<\/b><br \/>\u00abMacch\u00e9. Io sono stato arrestato, incarcerato in via preventiva, processato, condannato, poi ho fatto il carcere definitivo. Lei come lo chiamerebbe uno cos\u00ec?\u00bb.    &#13;<br \/>\n&#13;<br \/>\n&#13;<br \/>\n&#13;<br \/>\n&#13;<br \/>\n&#13;<br \/>\n&#13;<br \/>\n&#13;<br \/>\n&#13;<br \/>\n&#13;<br \/>\n&#13;<br \/>\n&#13;<br \/>\n&#13;<br \/>\n&#13;<br \/>\n&#13;<br \/>\n&#13;<br \/>\n&#13;<br \/>\n&#13;<br \/>\n&#13;<br \/>\n&#13;<br \/>\n&#13;<br \/>\n&#13;<br \/>\n&#13;<br \/>\n&#13;<br \/>\n&#13;<br \/>\n&#13;<br \/>\n&#13;<br \/>\n&#13;<br \/>\n&#13;<br \/>\n&#13;<br \/>\n&#13;<br \/>\n&#13;<br \/>\n&#13;<br \/>\n&#13;<br \/>\n&#13;<br \/>\n&#13;<br \/>\n&#13;<br \/>\n&#13;<br \/>\n&#13;<br \/>\n&#13;<br \/>\n&#13;<br \/>\n&#13;<br \/>\n&#13;<br \/>\n&#13;<br \/>\n&#13;<br \/>\n&#13;<br \/>\n&#13;<br \/>\n&#13;<br \/>\n&#13;<br \/>\n&#13;<br \/>\n&#13;<br \/>\n&#13;<br \/>\n&#13;\n<\/p>\n<p class=\"chapter-paragraph\"><b>Non saprei. Qualcuno oggi si definirebbe capro espiatorio, magari vittima, i tempi sono tanto cambiati\u2026<\/b><br \/>\u00abE quello, s\u00ec, sarebbe autocompiacimento. Io sono solo un pregiudicato\u00bb.<\/p>\n<p class=\"chapter-paragraph\"><b>Al netto della condanna penale e dei fascicoli giudiziari, verso cosa o verso chi si sente colpevole?<\/b><br \/>\u00abVede, non \u00e8 un problema di colpa. \u00c8 un problema di responsabilit\u00e0. Mi sono assunto le mie responsabilit\u00e0 fino in fondo. Ma solo le mie. Qualcuno aveva provato a scaricarmi addosso anche le sue&#8230;\u00bb.<\/p>\n<p class=\"chapter-paragraph\"><b>Quando nel 1993 esplose la storia dell\u2019Enimont, con la \u00abmadre di tutte le tangenti\u00bb pagata da Raul Gardini per liberarsi dall\u2019abbraccio mortale dei partiti, lei divent\u00f2 il volto dello scandalo, il finanziere dei salotti buoni che aveva strutturato la mazzetta, \u00abSergino\u00bb. Mentre tutti facevano a gara a confessare, lei tenne duro.<\/b><br \/>\u00abNon accettavo il metodo, diciamo cos\u00ec&#8230; merceologico: se parli, esci\u00bb<\/p>\n<p class=\"chapter-paragraph\"><b>Di Pietro la port\u00f2 a processo quale imputato unico, torchiando come testimoni i segretari dei partiti. E \u00abSergino\u00bb si fece la galera.<\/b><br \/>\u00abTra cautelare e definitivo, 5 anni circa, un dettaglio\u00bb.<\/p>\n<p class=\"chapter-paragraph\"><b>Oggi, lei chiude il suo libro condividendo una famosa frase di Saverio Borrelli del 2011: \u00abNon valeva la pena di buttare all\u2019aria il mondo precedente per cascare poi in quello attuale\u00bb. Perch\u00e9?<\/b><br \/>\u00abPerch\u00e9 \u00e8 una  frase coraggiosa. E in bocca a un grande magistrato come Saverio Borrelli assume un suo peso\u00bb.<\/p>\n<p class=\"chapter-paragraph\">(E qui Cusani estrae con malcelata emozione una lettera ricevuta da Borrelli il 24 gennaio 2010, con le condoglianze e \u00abun abbraccio\u00bb per la morte di sua madre, accarezzandola come un certificato di riabilitazione: \u00abNon molti pregiudicati hanno una lettera del genere dal capo di una Procura, eh?\u00bb).<\/p>\n<p class=\"chapter-paragraph\"><b>Quella frase di Borrelli descriveva davvero la realt\u00e0? L\u2019Italia \u00e8 diventata peggiore?<\/b><br \/>\u00abNon so quanto ci fosse di provocazione intellettuale, ma certo era piena di amarezza\u00bb.<\/p>\n<p class=\"chapter-paragraph\"><b>Di recente Mattarella \u00e8 dovuto intervenire al Csm per placare i toni nello scontro tra politica e magistratura. Perch\u00e9, dopo tre decenni, la giustizia \u00e8 rimasta terra di fazioni che ora si massacrano sul referendum?<\/b><br \/>(Cusani sospira) \u00abDomanda difficile. Sul referendum le dico: hic manebimus optime, qui resteremo benissimo. Chiaro, no?\u00bb.<\/p>\n<p class=\"chapter-paragraph\"><b>Proprio per nulla!<\/b><br \/>\u00abQuando un dibattito su una questione cos\u00ec delicata si trasforma in insulti e bugie, io dico hic manebimus optime\u00bb.<\/p>\n<p class=\"chapter-paragraph\"><b>Ma cosa c\u2019entra?<\/b><br \/>\u00abNon capisce? Qui stiamo benissimo, perch\u00e9 dobbiamo cambiare? Piuttosto che infognarci in tante fandonie&#8230;\u00bb.<\/p>\n<p class=\"chapter-paragraph\"><b>Lei ha da sempre un certo margine di ambiguit\u00e0 quando parla, ammettiamolo.<\/b><br \/>\u00abMa come, non le \u00e8 chiaro? Se un tema cos\u00ec delicato si trasforma in insulti o balle, io dico fermi tutti. E poi, sono un pregiudicato. Vuole che mi metta in cattedra?\u00bb.<\/p>\n<p class=\"chapter-paragraph\"><b>Mi arrendo. Veniamo alla sua storia, che comincia con Gardini. Lei sembra avere per lui affetto vero. Poi descrive le differenze profonde con il suocero, Serafino Ferruzzi, creatore del gruppo. Erano gi\u00e0 due Italie inconciliabili, quelle?<\/b><br \/>\u00abNo, ma erano due personalit\u00e0 completamente diverse. Serafino veniva da una famiglia umile, ha costruito le cose passo dopo passo. Raul era in competizione continua con lui. Aveva intuito, fretta. Voleva bruciare la vita\u00bb.<\/p>\n<p class=\"chapter-paragraph\"><b>La scalata a Montedison?<\/b><br \/>(Cusani ride) \u00abUn\u2019operazione inventata. Una \u201cgiocata\u201d\u2026\u00bb.<\/p>\n<p class=\"chapter-paragraph\"><b>Sin dall\u2019inizio della joint venture Enimont, si sente il peso della politica?<\/b><br \/>\u00abNo. La cosa aveva una sua logica. Mettere insieme due chimiche che da sole non potevano reggere. E quindi fare un\u2019operazione di accorpamento, che andava gestita\u00bb.<\/p>\n<p class=\"chapter-paragraph\"><b>Invece, pubblico e privato non funzionarono assieme\u2026<\/b><br \/>\u00abI dirigenti della chimica di Stato non ci stavano con i tempi di Raul, che decideva la mattina e operava la sera\u00bb.<\/p>\n<p class=\"chapter-paragraph\"><b>Nella vicenda della defiscalizzazione dell\u2019operazione entra in ballo il famoso miliardo portato da Gardini a Botteghe Oscure. Lei per\u00f2 non ne parla nel libro.<\/b><br \/>\u00abPerch\u00e9 non ne ho contezza, non c\u2019ero\u00bb.<\/p>\n<p class=\"chapter-paragraph\"><b>Ma cosa sapeva?<\/b><br \/>\u00abNon sapevo, non ricordo. Andarono per verificare con la sinistra l\u2019impegno a trasformare in legge il decreto-legge relativo\u00bb.<\/p>\n<p class=\"chapter-paragraph\"><b>Lei capisce che Botteghe Oscure restano cos\u00ec un punto\u2026 oscuro. Che idea si fece?<\/b><br \/>\u00abNon ho elementi per dire che il Pci-Pds fosse coinvolto\u00bb.<\/p>\n<p class=\"chapter-paragraph\"><b>Il Psi era il suo mondo politico di riferimento. Cosa pens\u00f2 del discorso di Craxi alla Camera del 3 luglio 1992?<\/b><br \/>\u00abCentrava il punto con coraggio. Certo non si poteva considerare solo Craxi responsabile di tutto\u00bb.<\/p>\n<p class=\"chapter-paragraph\"><b>Lei parla nel libro di Agnelli e della sua \u00abmossa del cavallo\u00bb, che poi sarebbe il famoso discorso, in Confindustria, di apertura ai magistrati. Per gli imprenditori fu un segnale?<\/b><br \/>\u00abAssolutamente s\u00ec. Lui doveva dimostrare alla Procura di Milano \u2014 che aveva arrestato gi\u00e0 un po\u2019 di dirigenti Fiat \u2014 che aveva capito. E riconosceva ruolo, potere e funzioni della magistratura. Con questo metteva in sicurezza il gruppo. I due poteri, magistratura e grande impresa, si erano parlati. \u00c8 il momento della svolta\u00bb.<\/p>\n<p class=\"chapter-paragraph\"><b>Gardini capisce che, se non paga i politici, possono colpirlo in tutte le attivit\u00e0 del gruppo, si arrende e decide di dare \u00abla paghetta al sistema\u00bb. \u00c8 cos\u00ec?<\/b><br \/>\u00abS\u00ec. Me lo disse: devo difendere il fatturato che rimane al gruppo Ferruzzi. Aveva capito che il potere politico era pi\u00f9 forte\u00bb.<\/p>\n<p class=\"chapter-paragraph\"><b>Era sotto ricatto?<\/b><br \/>\u00abNon \u00e8 questo il tema. \u00c8 come quando fai a braccio di ferro e capisci la forza dell\u2019altro. Voglio essere pi\u00f9 esplicito. Raul aveva un programma fantastico, si sarebbe tenuto l\u2019Enimont e anche le sue aziende. Chi lo ha bloccato?\u00bb.<\/p>\n<p class=\"chapter-paragraph\"><b>Il giudice Diego Curt\u00f2, poi condannato per corruzione?<\/b><br \/>\u00abBravo. E Curt\u00f2 era il sistema\u00bb.<\/p>\n<p class=\"chapter-paragraph\"><b>Il 23 luglio 1993 ci sono i funerali del presidente dell\u2019Eni, Gabriele Cagliari, suicida in carcere. Si uccide Gardini. E lei viene arrestato. Cosa ricorda?<\/b><br \/>(Lunga pausa) \u00abAncora il principio di responsabilit\u00e0. Ho capito subito che di tutta questa vicenda, con tanti morti, rimanevo io a sopportare tutto il peso. Ho avuto un momento di smarrimento quando mi hanno portato dal carcere di Opera a San Vittore, una punizione per non aver collaborato coi magistrati. Vidi la Luna, le chiesi se non fosse il caso di farla finita. Poi pensai ai miei figli, scelsi di vivere. La mattina dopo mi accorsi che avevo parlato con un faro della cinta muraria. Eppure resto convinto sia stata la Luna, il cielo, a farmi prendere la decisione giusta\u00bb.<\/p>\n<p class=\"chapter-paragraph\"><b>Il suo avvocato storico, Giuliano Spazzali, un personaggio straordinario, \u00e8 morto di recente. Ci sarebbe stato l\u2019imputato Cusani senza Spazzali?<\/b><br \/>\u00abC\u2019\u00e8 stato Spazzali perch\u00e9 c\u2019\u00e8 stato Cusani. Giuliano non avrebbe accettato la mia difesa se io fossi stato un imputato diverso\u00bb.<\/p>\n<p class=\"chapter-paragraph\"><b>Ha mai rimpianto di essersi fatto tanta galera per un atteggiamento processuale cos\u00ec\u2026 sfidante?<\/b><br \/>\u00abNon era sfidante. Se mi avessero chiamato come testimone, avrei raccontato tutto. Ma non con quel do ut des, quello scambio no\u00bb.<\/p>\n<p class=\"chapter-paragraph\"><b>Come va con Di Pietro? Lei scrive che, dopo, lo hanno trattato come \u00abun vecchio straccio\u00bb.<\/b><br \/>\u00abEd \u00e8 cos\u00ec. Io non ho rancori. Ringrazio Di Pietro per il necrologio su Spazzali. E, se viene alla presentazione del mio libro, vado a stringergli la mano\u00bb.<\/p>\n<p class=\"chapter-paragraph\"><b>Perch\u00e9 lasci\u00f2 Mani pulite, secondo lei?<\/b><br \/>\u00abPer capitalizzare, immagino\u00bb.<\/p>\n<p class=\"chapter-paragraph\"><b>Lei, in permesso dal carcere, incontr\u00f2 Andreotti: lo descrive con ammirazione.<\/b><br \/>\u00abEra acuto, meticoloso. Craxi mi disse che era stato il suo miglior ministro\u00bb.<\/p>\n<p class=\"chapter-paragraph\"><b>Belzeb\u00f9 o vittima dei pm?<\/b><br \/>\u00abNon ne ho idea. Ma esibire le relazioni di servizio delle scorte al processo fu geniale. La parola dei carabinieri contro quella dei mafiosi pentiti, che dubbio c\u2019era?\u00bb.<\/p>\n<p class=\"chapter-paragraph\"><b>C\u2019era un Cusani militante dell\u2019estrema sinistra e un Cusani finanziere nei salotti buoni. In carcere si\u2026 riconciliano?<\/b><br \/>\u00abIn parte s\u00ec. Paradossalmente il carcere \u00e8 stato quasi una liberazione. Ho avuto a che fare con una umanit\u00e0 povera e sofferente\u00bb.<\/p>\n<p class=\"chapter-paragraph\"><b>Lei ha lavorato molto per i detenuti. Abbiamo prigioni sovraffollate e flagellate dai suicidi. Come si risolve?<\/b><br \/>\u00abNon sbattendo un migrante in Albania. Lo risolvi vedendo le persone non come vuoti a perdere ma come risorse. Dando opportunit\u00e0\u00bb.<\/p>\n<p class=\"chapter-paragraph\"><b>Com\u2019\u00e8 stata l\u2019Italia di Berlusconi?<\/b><br \/>\u00abMah, Berlusconi\u2026 posso raccontarle come lo aiutai a comprare la Standa da Gardini. Si incontrarono, si fecero un sacco di sviolinate reciproche\u2026 Volevo fargli risparmiare un paio di centinaia di milioni di lire ma lui voleva comprarla subito, a ogni costo, la prese a mille miliardi. Mi voleva pagare la parcella coi quadri di casa sua: conoscevo la sua casa e i suoi quadri, avevo delle&#8230; perplessit\u00e0. Ne parlai a Confalonieri. Mi arriv\u00f2 in studio un assegno il giorno dopo, settecento milioni. Lire, ovviamente. Poca cosa rispetto al volume dell\u2019affare, ma Fedele fu un signore\u00bb.<\/p>\n<p class=\"chapter-paragraph\"><b>Com\u2019\u00e8 l\u2019Italia di Meloni?<\/b><br \/>\u00abNon lo so. Confusa\u00bb.<\/p>\n<p class=\"chapter-paragraph\"><b>Come \u00e8 cambiata la corruzione dai suoi tempi?<\/b><br \/>\u00abOggi, pi\u00f9 che sui quattrini \u00e8 basata sul potere\u00bb.<\/p>\n<p class=\"chapter-paragraph\"><b>Qual \u00e8 stata la malattia della magistratura in questi trent\u2019anni?<\/b><br \/>\u00abEh, la mia condizione non mi permette di fare il grillo parlante. Gliel\u2019ho detto: sono un pregiudicato, mi capisca\u00bb.<\/p>\n<p class=\"is-last-update\" datetime=\"2026-02-22T20:54:59+01:00\">23 febbraio 2026<\/p>\n<p class=\"is-copyright\">\n            \u00a9 RIPRODUZIONE RISERVATA\n        <\/p>\n","protected":false},"excerpt":{"rendered":"di Goffredo Buccini L&#8217;ex manager: \u00abMani Pulite? Non accettavo il &#8220;se parli, esci&#8221;. Sul referendum solo insulti e&hellip;\n","protected":false},"author":3,"featured_media":366412,"comment_status":"","ping_status":"","sticky":false,"template":"","format":"standard","meta":{"footnotes":"","_share_on_mastodon":"0"},"categories":[79],"tags":[14226,167429,4605,13479,211931,211932,211933,2436,36127,211934,211935,12276,1267,4000,3079,874,928,483,164442,7022,555,211936,4538,5621,18975,14,93,94,211937,211929,595,81737,3876,211938,211939,6929,25,10407,25259,211930,12028,77211,5480,45935,51969,211940,27380,211941,211942,846,10408,37750,54083,533,211943,211944,211945,128,83147,14843,211946,1537,90,89,1207,2698,1211,23055,426,11818,4045,2422,56,211947,211948,487,488,4557,7,15,811,211949,155935,2463,211950,60670,211951,30572,68,44130,11630,23939,477,332,1916,2428,177128,1885,405,282,493,494,14641,1699,211952,211953,16591,2517,984,127737,211954,532,97626,211955,211956,211957,2434,188552,3971,11,84,91,12,85,92,13027],"class_list":["post-366411","post","type-post","status-publish","format-standard","has-post-thumbnail","category-italia","tag-abbraccio","tag-accettavo","tag-arrestato","tag-autobiografia","tag-autobiografia-ragazzi","tag-autobiografia-ragazzi-sappiano","tag-autocompiacimento","tag-berlusconi","tag-borrelli","tag-botteghe","tag-botteghe-oscure","tag-bugie","tag-buoni","tag-capisce","tag-capito","tag-carcere","tag-chiaro","tag-cio","tag-cio-successo","tag-colpevole","tag-com","tag-com-italia","tag-condannato","tag-corruzione","tag-craxi","tag-cronaca","tag-cronaca-italiana","tag-cronacaitaliana","tag-curto","tag-cusani","tag-definitivo","tag-descrive","tag-dico","tag-dico-hic","tag-dico-hic-manebimus","tag-dirigenti","tag-discorso","tag-disse","tag-eh","tag-enimont","tag-entra","tag-esci","tag-famoso","tag-farla","tag-farla-finita","tag-ferruzzi","tag-finanziere","tag-finanziere-salotti","tag-finanziere-salotti-buoni","tag-finita","tag-frase","tag-galera","tag-gardini","tag-giuliano","tag-hic","tag-hic-manebimus","tag-hic-manebimus-optime","tag-idea","tag-imputato","tag-insulti","tag-insulti-bugie","tag-it","tag-italia","tag-italy","tag-legge","tag-lettera","tag-libro","tag-lire","tag-luglio","tag-luna","tag-madre","tag-magistrati","tag-magistratura","tag-manebimus","tag-manebimus-optime","tag-mani","tag-mani-pulite","tag-mattina","tag-news","tag-notizie","tag-operazione","tag-optime","tag-oscure","tag-parla","tag-parla-libro","tag-parli","tag-parli-esci","tag-partiti","tag-passo","tag-pensai","tag-peso","tag-pietro","tag-politica","tag-politico","tag-portato","tag-potere","tag-pregiudicato","tag-problema","tag-processo","tag-procura","tag-pulite","tag-punto","tag-quadri","tag-ragazzi","tag-ragazzi-sappiano","tag-ragazzi-sappiano-cio","tag-raul","tag-referendum","tag-responsabilita","tag-salotti","tag-salotti-buoni","tag-san","tag-san-vittore","tag-sappiano","tag-sappiano-cio","tag-sappiano-cio-successo","tag-si","tag-spazzali","tag-tempi","tag-ultime-notizie","tag-ultime-notizie-e-news-di-oggi","tag-ultime-notizie-italia","tag-ultimenotizie","tag-ultimenotizieenewsdioggi","tag-ultimenotizieitalia","tag-voleva"],"share_on_mastodon":{"url":"","error":"Validation failed: Text character limit of 500 exceeded"},"_links":{"self":[{"href":"https:\/\/www.europesays.com\/it\/wp-json\/wp\/v2\/posts\/366411","targetHints":{"allow":["GET"]}}],"collection":[{"href":"https:\/\/www.europesays.com\/it\/wp-json\/wp\/v2\/posts"}],"about":[{"href":"https:\/\/www.europesays.com\/it\/wp-json\/wp\/v2\/types\/post"}],"author":[{"embeddable":true,"href":"https:\/\/www.europesays.com\/it\/wp-json\/wp\/v2\/users\/3"}],"replies":[{"embeddable":true,"href":"https:\/\/www.europesays.com\/it\/wp-json\/wp\/v2\/comments?post=366411"}],"version-history":[{"count":0,"href":"https:\/\/www.europesays.com\/it\/wp-json\/wp\/v2\/posts\/366411\/revisions"}],"wp:featuredmedia":[{"embeddable":true,"href":"https:\/\/www.europesays.com\/it\/wp-json\/wp\/v2\/media\/366412"}],"wp:attachment":[{"href":"https:\/\/www.europesays.com\/it\/wp-json\/wp\/v2\/media?parent=366411"}],"wp:term":[{"taxonomy":"category","embeddable":true,"href":"https:\/\/www.europesays.com\/it\/wp-json\/wp\/v2\/categories?post=366411"},{"taxonomy":"post_tag","embeddable":true,"href":"https:\/\/www.europesays.com\/it\/wp-json\/wp\/v2\/tags?post=366411"}],"curies":[{"name":"wp","href":"https:\/\/api.w.org\/{rel}","templated":true}]}}