{"id":366425,"date":"2026-02-23T08:02:37","date_gmt":"2026-02-23T08:02:37","guid":{"rendered":"https:\/\/www.europesays.com\/it\/366425\/"},"modified":"2026-02-23T08:02:37","modified_gmt":"2026-02-23T08:02:37","slug":"jana-scopre-tutto-manuel-spiazza-e-segreto-a-rischio","status":"publish","type":"post","link":"https:\/\/www.europesays.com\/it\/366425\/","title":{"rendered":"Jana scopre tutto, Manuel spiazza e segreto a rischio"},"content":{"rendered":"<p>            Anticipazioni giorno per giorno Luned\u00ec 23 febbraio 2026 <strong>Jana<\/strong> trova un nuovo indizio che la spinge a proseguire nelle sue indagini. <strong>Manuel<\/strong>, intanto, osserva da lontano e sembra sempre pi\u00f9 coinvolto. Marted\u00ec 24 febbraio 2026 Un confronto acceso mette <strong>Jana<\/strong> in difficolt\u00e0. Qualcuno prova a fermarla, ma lei non ha intenzione di rinunciare. Mercoled\u00ec 25 febbraio 2026 <strong>Manuel<\/strong> prende una decisione inaspettata che sorprende tutti. Il suo gesto potrebbe cambiare gli equilibri. Gioved\u00ec 26 febbraio 2026 La tensione cresce quando un segreto rischia di venire a galla. <strong>Jana<\/strong> \u00e8 sempre pi\u00f9 vicina alla verit\u00e0. Venerd\u00ec 27 febbraio 2026 Colpo di scena: emerge un dettaglio decisivo che potrebbe cambiare tutto. <strong>Jana<\/strong> \u00e8 pronta ad affrontare le conseguenze, mentre <strong>Manuel<\/strong> deve scegliere da che parte stare.            <\/p>\n<p>&#13;<br \/>\n                        \u00a9 RIPRODUZIONE RISERVATA &#13;<\/p>\n<p>&#13;<\/p>\n","protected":false},"excerpt":{"rendered":"Anticipazioni giorno per giorno Luned\u00ec 23 febbraio 2026 Jana trova un nuovo indizio che la spinge a proseguire&hellip;\n","protected":false},"author":3,"featured_media":366426,"comment_status":"","ping_status":"","sticky":false,"template":"","format":"standard","meta":{"footnotes":"","_share_on_mastodon":"0"},"categories":[1444],"tags":[1518,199345,89886,203,204,1537,90,89,116504,11099,44206,146995,253],"class_list":["post-366425","post","type-post","status-publish","format-standard","has-post-thumbnail","category-tv","tag-anticipazioni","tag-anticipazioni-la-promessa","tag-anticipazioni-tv","tag-entertainment","tag-intrattenimento","tag-it","tag-italia","tag-italy","tag-la-promessa","tag-oggi-in-tv","tag-rete-4","tag-rete4","tag-tv"],"share_on_mastodon":{"url":"https:\/\/pubeurope.com\/@it\/116118902872559738","error":""},"_links":{"self":[{"href":"https:\/\/www.europesays.com\/it\/wp-json\/wp\/v2\/posts\/366425","targetHints":{"allow":["GET"]}}],"collection":[{"href":"https:\/\/www.europesays.com\/it\/wp-json\/wp\/v2\/posts"}],"about":[{"href":"https:\/\/www.europesays.com\/it\/wp-json\/wp\/v2\/types\/post"}],"author":[{"embeddable":true,"href":"https:\/\/www.europesays.com\/it\/wp-json\/wp\/v2\/users\/3"}],"replies":[{"embeddable":true,"href":"https:\/\/www.europesays.com\/it\/wp-json\/wp\/v2\/comments?post=366425"}],"version-history":[{"count":0,"href":"https:\/\/www.europesays.com\/it\/wp-json\/wp\/v2\/posts\/366425\/revisions"}],"wp:featuredmedia":[{"embeddable":true,"href":"https:\/\/www.europesays.com\/it\/wp-json\/wp\/v2\/media\/366426"}],"wp:attachment":[{"href":"https:\/\/www.europesays.com\/it\/wp-json\/wp\/v2\/media?parent=366425"}],"wp:term":[{"taxonomy":"category","embeddable":true,"href":"https:\/\/www.europesays.com\/it\/wp-json\/wp\/v2\/categories?post=366425"},{"taxonomy":"post_tag","embeddable":true,"href":"https:\/\/www.europesays.com\/it\/wp-json\/wp\/v2\/tags?post=366425"}],"curies":[{"name":"wp","href":"https:\/\/api.w.org\/{rel}","templated":true}]}}