{"id":366477,"date":"2026-02-23T08:56:13","date_gmt":"2026-02-23T08:56:13","guid":{"rendered":"https:\/\/www.europesays.com\/it\/366477\/"},"modified":"2026-02-23T08:56:13","modified_gmt":"2026-02-23T08:56:13","slug":"rigoletto-e-linno-eseguito-da-fresu-telecronaca-senza-gaffe-di-bulbarelli","status":"publish","type":"post","link":"https:\/\/www.europesays.com\/it\/366477\/","title":{"rendered":"Rigoletto e l\u2019Inno eseguito da Fresu. Telecronaca (senza gaffe) di Bulbarelli"},"content":{"rendered":"<p>Professionalit\u00e0, competenza, affidabilit\u00e0. Dopo il <strong>caso <a href=\"https:\/\/www.ilmessaggero.it\/t\/petrecca\" rel=\"nofollow noopener\" target=\"_blank\">Petrecca<\/a><\/strong>, ossia il <strong>trionfo della scarsezza informativa in mondovisione<\/strong>, il conduttore della cerimonia finale delle Olimpiadi, <a href=\"https:\/\/www.ilmessaggero.it\/t\/auro-bulbarelli\" rel=\"nofollow noopener\" target=\"_blank\">Auro Bulbarelli<\/a>, non aveva un compito facile. <strong>Come recuperare la figuraccia della <a href=\"https:\/\/www.ilmessaggero.it\/t\/rai\" rel=\"nofollow noopener\" target=\"_blank\">Rai<\/a>?<\/strong> Come far dimenticare il precedente e non replicare il disastro?<\/p>\n<p>Ha pesato ogni parola Bulbarelli nella diretta, ha riflettuto seduta stante su ogni virgola il post Petrecca, l\u2019anti Petrecca. <strong>Ha portato a casa &#8211; ma che stress! &#8211; il risultato il conduttore di RaiSport<\/strong>. Ecco <a href=\"https:\/\/www.ilmessaggero.it\/t\/davide-ghiotto\" rel=\"nofollow noopener\" target=\"_blank\">Davide Ghiotto<\/a> e <a href=\"https:\/\/www.ilmessaggero.it\/t\/lisa-vittozzi\" rel=\"nofollow noopener\" target=\"_blank\">Lisa Vittozzi<\/a>, i portabandiera azzurri all\u2019Arena di Verona. Bulbarelli non sbaglia i loro nomi. E neppure sbaglia le date quando arriva in scena il vessillo tricolore dell\u2019Italia: \u00abNacque nel <strong>1797 a Reggio Emilia, al tempo di Napoleone<\/strong>\u00bb. <strong>Mamma Rai per ora \u00e8 salva dalle gaffe<\/strong>.<\/p>\n<p>Resister\u00e0 fino alla fine questa decenza, dopo <strong>tre ore e mezza di estenuante diretta<\/strong> che avrebbe meritato tempi pi\u00f9 stringati, specialmente in previsione della maratona sanremese? A proposito di Sanremo: l\u2019Inno di Mameli cantato ieri all\u2019Arena e curato dal trombettista <strong>Paolo Fresu<\/strong> con una profondit\u00e0 ben intesa \u00e8 molto migliore di quello intonato, in stile marcetta pop, da Laura Pausini alla festa d\u2019inaugurazione dei Giochi a San Siro. E funziona anche il Rigoletto.<\/p>\n<p>Il Bulbarelli riabilitato \u2013 era stato <strong>escluso dalla diretta d\u2019apertura dei Giochi<\/strong> \u2013 presentando i vip in tribuna non confonde <strong>Lorenzo Fontana, presidente della Camera, con Attilio Fontana, presidente della Lombardia<\/strong>, e per fortuna non c\u2019\u00e8 Laura, la figlia di Mattarella, per cui la presidentessa del Cio, Coventry, nel racconto \u00e8 proprio lei e anche Meloni \u00e8 proprio Giorgia. In pi\u00f9 ci sono <strong>tre ministri oltre al presidente della Corte Costituzionale: Salvini, Santanch\u00e8 e Ciriani<\/strong>.<\/p>\n<p>Il racconto <\/p>\n<p>Chiss\u00e0 che brividi a Severo che al posto di Mazzini in ristrutturazione \u00e8 sede provvisoria della Rai &#8211; ma il pericolo \u00e8 che aveva ragione Flaiano: in Italia niente \u00e8 pi\u00f9 definitivo del provvisorio &#8211; e stiamo parlando do via Alessandro Severo a Roma angolo Cristoforo Colombo dove c\u2019\u00e8 la governance del servizio pubblico guidata dall\u2019amministratore delegato <strong>Giampaolo Rossi<\/strong>. Quando Bulbarelli dice \u00abpossiamo dire che l\u2019Arena di Verona \u00e8 uno stadio olimpico\u00bb scatta la paura nei vertici della televisione: <strong>non \u00e8 che qualcuno pu\u00f2 pensare a un bis della gaffe di Petrecca<\/strong> che fece passare San Siro per lo stadio dei giallorossi e dei laziali? Ma no, stavolta no: sembra andare tutto liscio.<\/p>\n<p>Cecilia Gasdia, la soprana, non sbaglia la data d\u2019esordio di <strong>Maria Callas all\u2019Arena di Verona: il 1947<\/strong>. S\u00ec, giusto, brava, e vai. Nella war room di Severo, i big di Mamma Rai incrociando le dita assistono alla diretta infinita e non vanno a letto, temendo una scivolata, finch\u00e9 non cala il sipario. Comunque Bulbarelli <strong>non confonde il fiume Adige con il fiume Tevere, non sbaglia il risultato della partita tra Usa e Canada (\u00abHanno vinto gli States\u00bb, dice, e ci azzecca)<\/strong> e insieme a Fabio Genovesi, lo scrittore co-conduttore, e alla Gasdia fa a gara a chi \u00e8 pi\u00f9 erudito: l\u2019importante \u00e8 far dimenticare l\u2019anti-erudizione petrecchiana o petrecchiesca. E far sentire il \u00abcoro a bocca chiusa di Giacomo Puccini\u00bb senza scambiarlo per una canzone dei Pooh.<\/p>\n<p>Non c\u2019\u00e8 Mattarella, ma ha gi\u00e0 dato, e soprattutto non c\u2019\u00e8 sugli spalti <strong>Macron, che avrebbe dovuto starci se non altro perch\u00e9 i prossimi giochi invernali si svolgeranno sulle Alpi francesi nel 2030<\/strong>. Ma passare una domenica sera in compagnia di Meloni evidentemente non \u00e8 l\u2019aspirazione del presidente uscente dell\u2019Eliseo. \u00abLa Francia \u00e8 terra di grandi sciatori\u00bb, si lascia sfuggire Bulbarelli. Verr\u00e0 epurato? Macch\u00e8!<\/p>\n<p>La Rai stavolta fa la Rai d\u2019antan, classica nel tono e nel modo: non autolesionista. Occhio ai <strong>ballerini del Teatro dell\u2019Opera di Roma<\/strong>. Fanno uno spettacolo sulla bellezza della sfida e del superamento dei problemi: esaltazione del Metodo Giubileo anche all\u2019Arena di Verona? I conduttori non si spingono a dire cos\u00ec, ma il silenzio pi\u00f9 lungo delle telecronaca \u00e8 proprio mentre ballano i ballerini capitolini: e la pausa verbale non disturba.<\/p>\n<p>I liceali dei nostri giorni, per dire che una persona funziona, dicono \u00abha aura\u00bb. Da ora in poi non diranno \u00abha Auro\u00bb. Ma Bulbarelli <strong>se l\u2019\u00e8 cavata<\/strong>.<\/p>\n<p>&#13;<br \/>\n                                \u00a9 RIPRODUZIONE RISERVATA&#13;<\/p>\n<p>&#13;<\/p>\n<p>\n                            Commenti e retroscena del panorama politico<br \/>\n                            <b>Iscriviti<\/b> e ricevi le notizie via email\n                        <\/p>\n","protected":false},"excerpt":{"rendered":"Professionalit\u00e0, competenza, affidabilit\u00e0. Dopo il caso Petrecca, ossia il trionfo della scarsezza informativa in mondovisione, il conduttore della&hellip;\n","protected":false},"author":3,"featured_media":366478,"comment_status":"","ping_status":"","sticky":false,"template":"","format":"standard","meta":{"footnotes":"","_share_on_mastodon":"0"},"categories":[1444],"tags":[197903,200633,203,204,1537,90,89,33689,199488,2848,253],"class_list":["post-366477","post","type-post","status-publish","format-standard","has-post-thumbnail","category-tv","tag-auro-bulbarelli","tag-davide-ghiotto","tag-entertainment","tag-intrattenimento","tag-it","tag-italia","tag-italy","tag-lisa-vittozzi","tag-petrecca","tag-rai","tag-tv"],"share_on_mastodon":{"url":"https:\/\/pubeurope.com\/@it\/116119115397947801","error":""},"_links":{"self":[{"href":"https:\/\/www.europesays.com\/it\/wp-json\/wp\/v2\/posts\/366477","targetHints":{"allow":["GET"]}}],"collection":[{"href":"https:\/\/www.europesays.com\/it\/wp-json\/wp\/v2\/posts"}],"about":[{"href":"https:\/\/www.europesays.com\/it\/wp-json\/wp\/v2\/types\/post"}],"author":[{"embeddable":true,"href":"https:\/\/www.europesays.com\/it\/wp-json\/wp\/v2\/users\/3"}],"replies":[{"embeddable":true,"href":"https:\/\/www.europesays.com\/it\/wp-json\/wp\/v2\/comments?post=366477"}],"version-history":[{"count":0,"href":"https:\/\/www.europesays.com\/it\/wp-json\/wp\/v2\/posts\/366477\/revisions"}],"wp:featuredmedia":[{"embeddable":true,"href":"https:\/\/www.europesays.com\/it\/wp-json\/wp\/v2\/media\/366478"}],"wp:attachment":[{"href":"https:\/\/www.europesays.com\/it\/wp-json\/wp\/v2\/media?parent=366477"}],"wp:term":[{"taxonomy":"category","embeddable":true,"href":"https:\/\/www.europesays.com\/it\/wp-json\/wp\/v2\/categories?post=366477"},{"taxonomy":"post_tag","embeddable":true,"href":"https:\/\/www.europesays.com\/it\/wp-json\/wp\/v2\/tags?post=366477"}],"curies":[{"name":"wp","href":"https:\/\/api.w.org\/{rel}","templated":true}]}}