{"id":366640,"date":"2026-02-23T11:09:09","date_gmt":"2026-02-23T11:09:09","guid":{"rendered":"https:\/\/www.europesays.com\/it\/366640\/"},"modified":"2026-02-23T11:09:09","modified_gmt":"2026-02-23T11:09:09","slug":"labbraccio-di-pippo-baudo-da-militello-un-murales-che-e-il-suo-ritorno-a-casa-per-lui-vengono-qui-da-tutta-italia","status":"publish","type":"post","link":"https:\/\/www.europesays.com\/it\/366640\/","title":{"rendered":"L&#8217;abbraccio di Pippo Baudo da Militello. \u00abUn murales che \u00e8 il suo ritorno a casa. Per lui vengono qui da tutta Italia\u00bb"},"content":{"rendered":"<p>    di<br \/>\n    Alfio Sciacca<\/p>\n<p class=\"summary-art is-line-h-12\">L&#8217;opera realizzata accanto alla sede del comune e al teatro dove mosse i primi passi, ultimata alla vigilia di Sanremo. A seguire i lavori anche la storica segretaria Dina Minna<\/p>\n<p class=\"chapter-paragraph\">Il solito Pippo Baudo. Sembra abbracciare quanti arrivano per ammirare il grande murales che il suo comune, Militello val di Catania, gli ha voluto dedicare. <b>Un\u2019opera di 14 metri per 9 <\/b>realizzata dal maestro Salvatore Ligama che troneggia accanto al municipio e al teatro Tempio, dove Pippo Baudo cominci\u00f2 a cimentarsi con le prime recite da bambino. L\u2019opera \u00e8 stata ultimata appena qualche settimana fa e non \u00e8 stata ancora ufficialmente inaugurata.\u00a0<\/p>\n<p class=\"chapter-paragraph\">L\u2019amministrazione comunale la vuole mostrare all\u2019Italia intera proprio in questi giorni del festival di Sanremo, che quest\u2019anno sar\u00e0 dedicato al \u00abPippo nazionale\u00bb. L\u2019opera \u00e8 stata scelta tra vari bozzetti dagli stessi cittadini di Militello, con una piccola consultazione popolare. \u00ab<b>Una scelta partecipata<\/b> \u2013 spiega il sindaco di Militello Giovanni Burtone &#8211; perch\u00e9 Pippo Baudo era il concittadino di tutti che non ha mai dimenticato le sue radici e ha sempre mantenuto un rapporto saldo con la nostra comunit\u00e0\u00bb.\u00a0    &#13;<br \/>\n&#13;<br \/>\n&#13;<br \/>\n&#13;<br \/>\n&#13;<br \/>\n&#13;<br \/>\n&#13;<br \/>\n&#13;<br \/>\n&#13;<br \/>\n&#13;<br \/>\n&#13;<br \/>\n&#13;<br \/>\n&#13;<br \/>\n&#13;<br \/>\n&#13;<br \/>\n&#13;<br \/>\n&#13;<br \/>\n&#13;<br \/>\n&#13;<br \/>\n&#13;<br \/>\n&#13;<br \/>\n&#13;<br \/>\n&#13;<br \/>\n&#13;<br \/>\n&#13;<br \/>\n&#13;<br \/>\n&#13;<br \/>\n&#13;<br \/>\n&#13;<br \/>\n&#13;<br \/>\n&#13;<br \/>\n&#13;<br \/>\n&#13;<br \/>\n&#13;<br \/>\n&#13;<br \/>\n&#13;<br \/>\n&#13;<br \/>\n&#13;<br \/>\n&#13;<br \/>\n&#13;<br \/>\n&#13;<br \/>\n&#13;<br \/>\n&#13;<br \/>\n&#13;<br \/>\n&#13;<br \/>\n&#13;<br \/>\n&#13;<br \/>\n&#13;<br \/>\n&#13;<br \/>\n&#13;<br \/>\n&#13;<br \/>\n&#13;<br \/>\n&#13;\n<\/p>\n<p class=\"chapter-paragraph\">Per il primo cittadino della cittadina siciliana vincitrice nel 2025 del premio \u00abBorgo dei borghi\u00bb d&#8217;Italia, il murales vuole essere anche un esempio di come <b>\u00abl\u2019arte diventa identit\u00e0\u00bb<\/b> e rappresenta un simbolico \u00abritorno a casa definitivo di un uomo e di un artista che ci ha resi orgogliosi e che ha saputo raccontare come nessun&#8217;altro l\u2019Italia per oltre sessant\u2019anni\u00bb. Baudo, aggiunge Burtone \u00ab\u00e8 stato un siciliano sempre con la schiena dritta e mai il cappello in mano che si \u00e8 battuto per una Sicilia migliore, anche attraverso la sua lunga attivit\u00e0 in televisione\u00bb.<\/p>\n<p class=\"chapter-paragraph\"><b>A seguire personalmente i lavori del grande murales \u00e8 stata anche Dina Minna<\/b>, la storica segretaria di Pippo Baudo, che continua a mantenere uno stretto rapporto con Militello e la sua amministrazione comunale. Spesso si vede in citt\u00e0 ed \u00e8 partecipe di ogni iniziativa che viene promossa nel nome e nel ricordo del grande presentatore.\u00a0<\/p>\n<p class=\"chapter-paragraph\">Anche se non \u00e8 stato ancora inaugurato il murales di Baudo \u00e8 gi\u00e0 meta di turisti e curiosi, che arrivano con con i pullman da ogni parte d&#8217;Italia e, come in pellegrinaggio, ammirano l\u2019opera del maestro Ligama. Alcuni chiedono anche di poter visitare la tomba dove riposa Pippo Baudo. Una costruzione imponente realizzata nella parte monumentale del cimitero di Militello.<\/p>\n<p class=\"chapter-paragraph\">A volerla cos\u00ec fu proprio il presentatore. Di fatto \u00e8 l&#8217;unica propriet\u00e0 che prima di morire volle mantenere a Militello, dopo aver venduto la casa di famiglia. <b>A proteggere la tomba ci sono due sofisticati sistemi di allarme<\/b>. Il timore \u00e8 che possa succedere quel che avvenne con la salma di Mike Bongiorno. Ma i sistemi di allarme sono veramente impenetrabili.\u00a0<\/p>\n<p class=\"chapter-paragraph\">Quella del murales \u00e8 solo la prima delle tante iniziative che ha in programma l&#8217;amministrazione comunale di Militello. C&#8217;\u00e8 chi spinge per dedicargli anche una statua, come \u00e8 stato per Leonardo Sciascia a Racalmuto, Andrea Camilleri ad Agrigento o Lucio Dalla a Milo. Tutte proposte che verranno valutate nel tempo e condivise sempre con i cittadini. Imminente invece \u00e8 l&#8217;apposizione di una targa proprio all&#8217;ingresso del paese, con la scritta:\u00a0<b>\u00abMilitello, la citt\u00e0 di Pippo Baudo\u00bb.<\/b><\/p>\n<p class=\"is-last-update\" datetime=\"2026-02-23T09:19:58+01:00\">23 febbraio 2026 ( modifica il 23 febbraio 2026 | 09:19)<\/p>\n<p class=\"is-copyright\">\n            \u00a9 RIPRODUZIONE RISERVATA\n        <\/p>\n","protected":false},"excerpt":{"rendered":"di Alfio Sciacca L&#8217;opera realizzata accanto alla sede del comune e al teatro dove mosse i primi passi,&hellip;\n","protected":false},"author":3,"featured_media":366641,"comment_status":"","ping_status":"","sticky":false,"template":"","format":"standard","meta":{"footnotes":"","_share_on_mastodon":"0"},"categories":[1446],"tags":[5781,2271,31,24432,13074,1615,1613,1614,1611,1610,31678,48146,1064,446,393,1612,48011,44541,203,204,1537,90,89,722,212068,15263,4046,43233,48142,14809,1573,31680,11211,43227,899,124420,3675,9143,1360,38225,22479,6341],"class_list":["post-366640","post","type-post","status-publish","format-standard","has-post-thumbnail","category-arte-e-design","tag-accanto","tag-allarme","tag-amministrazione","tag-amministrazione-comunale","tag-arrivano","tag-arte","tag-arte-e-design","tag-arteedesign","tag-arts","tag-arts-and-design","tag-baudo","tag-burtone","tag-cittadini","tag-comunale","tag-comune","tag-design","tag-dina","tag-dina-minna","tag-entertainment","tag-intrattenimento","tag-it","tag-italia","tag-italy","tag-lavori","tag-ligama","tag-maestro","tag-mantenere","tag-militello","tag-minna","tag-murales","tag-opera","tag-pippo","tag-pippo-baudo","tag-presentatore","tag-rapporto","tag-realizzata","tag-ritorno","tag-sanremo","tag-scelta","tag-segretaria","tag-seguire","tag-sistemi"],"share_on_mastodon":{"url":"","error":"Validation failed: Text character limit of 500 exceeded"},"_links":{"self":[{"href":"https:\/\/www.europesays.com\/it\/wp-json\/wp\/v2\/posts\/366640","targetHints":{"allow":["GET"]}}],"collection":[{"href":"https:\/\/www.europesays.com\/it\/wp-json\/wp\/v2\/posts"}],"about":[{"href":"https:\/\/www.europesays.com\/it\/wp-json\/wp\/v2\/types\/post"}],"author":[{"embeddable":true,"href":"https:\/\/www.europesays.com\/it\/wp-json\/wp\/v2\/users\/3"}],"replies":[{"embeddable":true,"href":"https:\/\/www.europesays.com\/it\/wp-json\/wp\/v2\/comments?post=366640"}],"version-history":[{"count":0,"href":"https:\/\/www.europesays.com\/it\/wp-json\/wp\/v2\/posts\/366640\/revisions"}],"wp:featuredmedia":[{"embeddable":true,"href":"https:\/\/www.europesays.com\/it\/wp-json\/wp\/v2\/media\/366641"}],"wp:attachment":[{"href":"https:\/\/www.europesays.com\/it\/wp-json\/wp\/v2\/media?parent=366640"}],"wp:term":[{"taxonomy":"category","embeddable":true,"href":"https:\/\/www.europesays.com\/it\/wp-json\/wp\/v2\/categories?post=366640"},{"taxonomy":"post_tag","embeddable":true,"href":"https:\/\/www.europesays.com\/it\/wp-json\/wp\/v2\/tags?post=366640"}],"curies":[{"name":"wp","href":"https:\/\/api.w.org\/{rel}","templated":true}]}}