{"id":366689,"date":"2026-02-23T11:43:12","date_gmt":"2026-02-23T11:43:12","guid":{"rendered":"https:\/\/www.europesays.com\/it\/366689\/"},"modified":"2026-02-23T11:43:12","modified_gmt":"2026-02-23T11:43:12","slug":"massimo-lopez-e-lo-storico-spot-sip-una-telefonata-allunga-la-vita-perche-e-tornato-in-tv","status":"publish","type":"post","link":"https:\/\/www.europesays.com\/it\/366689\/","title":{"rendered":"Massimo Lopez e lo storico spot Sip \u00abUna telefonata allunga la vita\u00bb: perch\u00e9 \u00e8 tornato in tv"},"content":{"rendered":"<p class=\"summary-art is-normal-b-light\">La pubblicit\u00e0 della Sip torna in televisione a ridosso della cerimonia finale delle Olimpiadi e lascia molti sbalorditi. Tanti hanno pensato a un errore dei palinsesti, ma \u00e8 una misteriosa campagna di comunicazione di Telecom Italia, che per ora non vuole svelare altro<\/p>\n<p class=\"chapter-paragraph\">Nella serata di domenica 22 febbraio sulle principali emittenti televisive italiane \u00e8 tornato in onda uno spot che appartiene a un\u2019altra epoca della comunicazione pubblicitaria. Protagonista <b>Massimo Lopez<\/b>, volto noto del teatro e della televisione italiana, impegnato in una delle pubblicit\u00e0 pi\u00f9 ricordate della telefonia italiana. Non un remake n\u00e9 una riedizione aggiornata, ma la riproposizione integrale di un film pubblicitario realizzato oltre trent\u2019anni fa per la <b>Sip<\/b>, la <b>Societ\u00e0 Italiana per l\u2019Esercizio delle Telecomunicazioni<\/b>, azienda che fino al 1994 ha gestito la rete telefonica nazionale <a href=\"https:\/\/www.corriere.it\/economia\/finanza\/cards\/tim-privatizzazione-sip-all-arrivo-spagnoli-francesi-cronistoria-telecom-italia\/dalla-sip-telecom-italia_principale.shtml\" rel=\"nofollow noopener\" target=\"_blank\">prima della nascita di <b>Telecom Italia<\/b> e poi del <b>marchio Tim<\/b>.<\/a><br \/>La decisione di riportare in televisione una pubblicit\u00e0 storica non \u00e8 passata inosservata. Per chi ha vissuto gli anni della <b>Sip<\/b> si tratta di un ritorno immediato alla memoria collettiva di un Paese che stava entrando nell\u2019era della comunicazione di massa. Per il pubblico pi\u00f9 giovane \u00e8 invece l\u2019occasione di scoprire uno stile pubblicitario che oggi appare quasi lontano nel tempo, costruito su un racconto semplice ma efficace. La scelta di riproporre lo spot \u00e8 evidentemente riconducibile a <b>Tim<\/b>, l\u2019attuale erede industriale e commerciale di quella stagione. Un\u2019operazione che comunque non rappresenta una novit\u00e0 assoluta nella strategia di comunicazione dell\u2019azienda, che potrebbe peraltro essere legata all&#8217;ormai imminente inizio del <b><a href=\"https:\/\/www.corriere.it\/argomenti\/festival-di-sanremo\/\" rel=\"nofollow noopener\" target=\"_blank\">Festival di Sanremo<\/a><\/b> (di cui Tim \u00e8 main partner).<\/p>\n<p>    Il possibile legame con Sanremo<\/p>\n<p class=\"chapter-paragraph\">Al momento non sono stati diffusi dettagli ufficiali sulle ragioni precise che hanno portato alla messa in onda dello spot Sip il 22 febbraio. <b>Da parte di Tim al momento bocche cucite. Lo spot \u00e8 parte di una strategia di comunicazione di cui si scoprir\u00e0 altro nei prossimi giorni<\/b>.<br \/>Un elemento che potrebbe offrire una chiave di lettura \u00e8 il calendario degli eventi televisivi delle prossime settimane. <b>Tim<\/b> sar\u00e0 infatti <b>Main Partner del Festival di Sanremo 2026<\/b>, in programma dal 24 al 28 febbraio. La riproposizione dello spot storico potrebbe quindi rappresentare un primo segnale di una strategia di comunicazione che punta a valorizzare il patrimonio storico del gruppo in un contesto televisivo ad altissima visibilit\u00e0. Se cos\u00ec fosse, il ritorno dello spot con <b>Massimo Lopez<\/b>\u00a0sarebbe l\u2019inizio di un racconto pi\u00f9 ampio sulla storia della telefonia italiana. Una storia che attraversa oltre mezzo secolo di innovazioni tecnologiche e trasformazioni industriali.    &#13;<br \/>\n&#13;<br \/>\n&#13;<br \/>\n&#13;<br \/>\n&#13;<br \/>\n&#13;<br \/>\n&#13;<br \/>\n&#13;<br \/>\n&#13;<br \/>\n&#13;<br \/>\n&#13;<br \/>\n&#13;<br \/>\n&#13;<br \/>\n&#13;<br \/>\n&#13;<br \/>\n&#13;<br \/>\n&#13;<br \/>\n&#13;<br \/>\n&#13;<br \/>\n&#13;<br \/>\n&#13;<br \/>\n&#13;<br \/>\n&#13;<br \/>\n&#13;<br \/>\n&#13;<br \/>\n&#13;<br \/>\n&#13;<br \/>\n&#13;<br \/>\n&#13;<br \/>\n&#13;<br \/>\n&#13;<br \/>\n&#13;<br \/>\n&#13;<br \/>\n&#13;<br \/>\n&#13;<br \/>\n&#13;<br \/>\n&#13;<br \/>\n&#13;<br \/>\n&#13;<br \/>\n&#13;<br \/>\n&#13;<br \/>\n&#13;<br \/>\n&#13;<br \/>\n&#13;<br \/>\n&#13;<br \/>\n&#13;<br \/>\n&#13;<br \/>\n&#13;<br \/>\n&#13;<br \/>\n&#13;<br \/>\n&#13;<br \/>\n&#13;<br \/>\n&#13;\n<\/p>\n<p>    La leva della memoria collettiva<\/p>\n<p class=\"chapter-paragraph\">Siamo evidentemente di fronte alla pi\u00f9 classica delle operazioni nostalgia. Il <b>marchio Sip<\/b> continua a occupare uno spazio particolare nell\u2019immaginario di molti italiani. Per decenni \u00e8 stato sinonimo di telefono, di cabine pubbliche e di una rete che progressivamente ha collegato il Paese. La pubblicit\u00e0 televisiva di quegli anni rifletteva un contesto in cui il servizio telefonico non era ancora percepito come un bene scontato. Il telefono rappresentava uno strumento di relazione che cambiava la vita quotidiana delle persone, accorciando le distanze e rendendo pi\u00f9 immediato il contatto tra famiglie, amici e lavoro. L\u2019immagine del <b>marchio Sip<\/b>, con il suo logo e il linguaggio visivo degli anni Novanta, richiama un momento storico preciso della modernizzazione italiana, quando la rete telefonica stava diventando un\u2019infrastruttura essenziale per la societ\u00e0.<\/p>\n<p class=\"chapter-paragraph\">Non \u00e8 la prima volta che <b>Tim<\/b> decide di utilizzare il proprio archivio storico per iniziative di comunicazione. Nel 2020 l\u2019azienda aveva realizzato uno spot istituzionale dedicato alla storia del gruppo, costruito come un racconto attraverso le tappe principali dell\u2019evoluzione delle telecomunicazioni italiane. In quell\u2019occasione la narrazione partiva dalle cinque concessionarie telefoniche attive negli anni Venti, passava attraverso la nascita della <b>Sip<\/b> nel 1964 e arrivava fino alla trasformazione in <b>Telecom Italia<\/b> nel 1994. Il racconto proseguiva poi con la nascita del marchio Tim nel 1995, dedicato alla telefonia mobile, e con l\u2019unificazione dei due brand nel gennaio 2016 sotto un unico marchio. Quella campagna utilizzava immagini provenienti dall\u2019archivio storico Tim e dall\u2019archivio storico di Istituto Luce Cinecitt\u00e0, ma si trattava comunque di una produzione nuova, costruita per raccontare la continuit\u00e0 tra passato e presente dell\u2019azienda e per arrivare fino alle tecnologie pi\u00f9 recenti, dal digitale alle <b>reti 5g<\/b>. L\u2019operazione vista in televisione il 22 febbraio segue una logica differente, perch\u00e9 ripropone un singolo spot nella sua forma originale.<\/p>\n<p>    Lo spot che ha segnato un\u2019epoca<\/p>\n<p class=\"chapter-paragraph\">Il film pubblicitario tornato in onda \u00e8 uno dei pi\u00f9 noti della comunicazione <b>Sip<\/b> degli anni Novanta. La scena si apre in un contesto insolito per una pubblicit\u00e0 telefonica. Il protagonista, interpretato da <b>Massimo Lopez<\/b>, si trova davanti a un plotone di esecuzione in un paesaggio che richiama un ambiente desertico. Il personaggio viene invitato a esprimere un ultimo desiderio prima dell\u2019esecuzione. Lopez chiede semplicemente di poter fare una telefonata. A questo punto gli viene consegnato un telefono e inizia una conversazione che appare del tutto normale. La telefonata prosegue mentre il plotone resta in attesa, trasformando la scena in una situazione paradossale. Il tempo si dilata e la tensione iniziale lascia spazio a un registro pi\u00f9 leggero. Il messaggio finale della campagna sintetizza l\u2019idea alla base dello spot: \u00abuna telefonata allunga la vita\u00bb.\u00a0<\/p>\n<p class=\"chapter-paragraph\">Lo spot porta la firma del regista <b>Alessandro d\u2019Alatri <\/b>(<a href=\"https:\/\/www.corriere.it\/spettacoli\/23_maggio_03\/alessandro-d-alatri-morto-regista-casomai-la-febbre-3e9acd58-e9b9-11ed-b051-eaed8a84c878.shtml\" rel=\"nofollow noopener\" target=\"_blank\">venuto a mancare nel 2023<\/a>), autore che in quegli anni lavorava tra cinema e pubblicit\u00e0 e che avrebbe poi costruito una carriera significativa anche nel cinema italiano. L\u2019idea creativa era dell\u2019agenzia <b>Armando Testa<\/b>, una delle realt\u00e0 pi\u00f9 importanti della pubblicit\u00e0 italiana, che nel corso dei decenni ha firmato molte delle campagne pi\u00f9 riconoscibili della televisione nazionale (<a href=\"https:\/\/www.corriere.it\/politica\/23_aprile_27\/venere-influencer-armando-testa-campagna-open-to-meraviglia-non-pronta-video-repertorio-6717aa5e-e4bd-11ed-9767-c520489f6dde.shtml\" rel=\"nofollow noopener\" target=\"_blank\">tra cui la discussa \u00abOpen to meraviglia\u00bb<\/a>).<br \/>La combinazione tra regia cinematografica e concept pubblicitario contribu\u00ec a rendere lo spot particolarmente efficace. In pochi secondi riusciva a costruire una piccola storia, con un inizio, uno sviluppo e una chiusura rimasta nella memoria collettiva. Non era peraltro una pubblicit\u00e0 legata a una specifica offerta commerciale, in quanto l\u2019obiettivo era valorizzare il servizio telefonico in s\u00e9.<\/p>\n<p>    L&#8217;eredit\u00e0 della Sip<\/p>\n<p class=\"chapter-paragraph\">Per comprendere il significato di questo ritorno televisivo \u00e8 necessario ricordare il ruolo che la <b>Sip<\/b> ha avuto nello sviluppo delle telecomunicazioni italiane. L\u2019azienda nacque nel 1964 dalla fusione di cinque concessionarie telefoniche regionali: Stipel, Telve, Timo, Teti e Set. L\u2019operazione port\u00f2 alla creazione di un gestore unico del servizio telefonico nazionale sotto il controllo dell\u2019Istituto per la Ricostruzione Industriale. Per tre decenni la <b>Sip<\/b> ha rappresentato il punto di riferimento della telefonia italiana. Nel corso degli anni ha contribuito in modo determinante all\u2019espansione della rete telefonica domestica e alla diffusione delle cabine pubbliche, diventate un elemento familiare del paesaggio urbano italiano. Parallelamente ha svilupp\u00f2 nuovi servizi come la filodiffusione in collaborazione con la Rai e avvi\u00f2 sperimentazioni tecnologiche che avrebbero anticipato l\u2019evoluzione delle telecomunicazioni. Tra queste rientra l\u2019introduzione delle <b>schede telefoniche magnetiche<\/b> nel 1976 e lo sviluppo dei primi sistemi di radiotelefonia mobile.\u00a0<br \/>Uno degli episodi pi\u00f9 significativi della ricerca nel settore risale comunque al settembre 1977. A Torino venne realizzato quello che \u00e8 considerato <b>il primo collegamento al mondo in fibra ottica<\/b> tra centrali telefoniche urbane. L\u2019esperimento fu coordinato dal Cselt, il centro studi e laboratori telecomunicazioni del gruppo. Due anni pi\u00f9 tardi a Roma vennero posati i primi chilometri di fibra ottica in Italia. Si trattava di una tecnologia ancora in fase sperimentale che negli anni successivi avrebbe trasformato radicalmente la trasmissione dei dati e delle comunicazioni.<\/p>\n<p>Per non perdere le ultime novit\u00e0 su tecnologia e innovazione<br \/>iscriviti alla <a href=\"https:\/\/www.corriere.it\/newsletter\/?id=53\" style=\"text-decoration: underline;\" rel=\"nofollow noopener\" target=\"_blank\">newsletter di Login<\/a><\/p>\n<p class=\"is-last-update\" datetime=\"2026-02-23T10:42:25+01:00\">23 febbraio 2026 ( modifica il 23 febbraio 2026 | 10:42)<\/p>\n<p class=\"is-copyright\">\n            \u00a9 RIPRODUZIONE RISERVATA\n        <\/p>\n","protected":false},"excerpt":{"rendered":"La pubblicit\u00e0 della Sip torna in televisione a ridosso della cerimonia finale delle Olimpiadi e lascia molti sbalorditi.&hellip;\n","protected":false},"author":3,"featured_media":366690,"comment_status":"","ping_status":"","sticky":false,"template":"","format":"standard","meta":{"footnotes":"","_share_on_mastodon":"0"},"categories":[174],"tags":[3678,1420,26999,72328,4072,104852,212084,39,640,631,212085,212086,12593,3715,11693,212087,50130,212088,879,790,5078,212089,16480,10378,6391,12300,203,3452,19561,23775,19830,212090,1595,1302,204,1537,90,4945,4946,1599,89,18009,6726,1285,21088,12572,194449,272,9167,811,13592,17757,12343,5156,2518,212079,3675,9143,669,212080,28511,8799,1567,7946,8756,212081,3002,66936,29762,24281,30054,23164,212082,192414,128807,212083,5485,5486,664,1994],"class_list":["post-366689","post","type-post","status-publish","format-standard","has-post-thumbnail","category-intrattenimento","tag-allunga","tag-appare","tag-archivio","tag-archivio-storico","tag-azienda","tag-cabine","tag-cabine-pubbliche","tag-campagna","tag-cinema","tag-cinque","tag-cinque-concessionarie","tag-cinque-concessionarie-telefoniche","tag-collettiva","tag-commerciale","tag-comunicazione","tag-comunicazione-azienda","tag-concessionarie","tag-concessionarie-telefoniche","tag-contesto","tag-corso","tag-costruito","tag-costruito-racconto","tag-decenni","tag-dedicato","tag-efficace","tag-elemento","tag-entertainment","tag-epoca","tag-esecuzione","tag-evidentemente","tag-evoluzione","tag-evoluzione-telecomunicazioni","tag-febbraio","tag-inizio","tag-intrattenimento","tag-it","tag-italia","tag-italiana","tag-italiane","tag-italiano","tag-italy","tag-lopez","tag-marchio","tag-massimo","tag-massimo-lopez","tag-memoria","tag-memoria-collettiva","tag-nascita","tag-onda","tag-operazione","tag-pubblicita","tag-pubblicitario","tag-racconto","tag-realizzato","tag-rete","tag-rete-telefonica","tag-ritorno","tag-sanremo","tag-servizio","tag-servizio-telefonico","tag-sip","tag-spot","tag-storia","tag-storico","tag-strategia","tag-strategia-comunicazione","tag-sviluppo","tag-telecom","tag-telecom-italia","tag-telecomunicazioni","tag-telefonata","tag-telefonia","tag-telefonia-italiana","tag-telefonica","tag-telefoniche","tag-telefonico","tag-telefono","tag-televisione","tag-tim","tag-tornato"],"share_on_mastodon":{"url":"","error":"Validation failed: Text character limit of 500 exceeded"},"_links":{"self":[{"href":"https:\/\/www.europesays.com\/it\/wp-json\/wp\/v2\/posts\/366689","targetHints":{"allow":["GET"]}}],"collection":[{"href":"https:\/\/www.europesays.com\/it\/wp-json\/wp\/v2\/posts"}],"about":[{"href":"https:\/\/www.europesays.com\/it\/wp-json\/wp\/v2\/types\/post"}],"author":[{"embeddable":true,"href":"https:\/\/www.europesays.com\/it\/wp-json\/wp\/v2\/users\/3"}],"replies":[{"embeddable":true,"href":"https:\/\/www.europesays.com\/it\/wp-json\/wp\/v2\/comments?post=366689"}],"version-history":[{"count":0,"href":"https:\/\/www.europesays.com\/it\/wp-json\/wp\/v2\/posts\/366689\/revisions"}],"wp:featuredmedia":[{"embeddable":true,"href":"https:\/\/www.europesays.com\/it\/wp-json\/wp\/v2\/media\/366690"}],"wp:attachment":[{"href":"https:\/\/www.europesays.com\/it\/wp-json\/wp\/v2\/media?parent=366689"}],"wp:term":[{"taxonomy":"category","embeddable":true,"href":"https:\/\/www.europesays.com\/it\/wp-json\/wp\/v2\/categories?post=366689"},{"taxonomy":"post_tag","embeddable":true,"href":"https:\/\/www.europesays.com\/it\/wp-json\/wp\/v2\/tags?post=366689"}],"curies":[{"name":"wp","href":"https:\/\/api.w.org\/{rel}","templated":true}]}}