{"id":366887,"date":"2026-02-23T14:36:16","date_gmt":"2026-02-23T14:36:16","guid":{"rendered":"https:\/\/www.europesays.com\/it\/366887\/"},"modified":"2026-02-23T14:36:16","modified_gmt":"2026-02-23T14:36:16","slug":"la-top10-e-il-sestetto-azzurro-ideale","status":"publish","type":"post","link":"https:\/\/www.europesays.com\/it\/366887\/","title":{"rendered":"la top10 e il sestetto azzurro ideale"},"content":{"rendered":"<p>\t\t\t\t\t\t\t\t\t\t\t\t\t\tLE MIGLIORI ITALIANE DELLA REGULAR SEASON DI SERIE A1<\/p>\n<p><strong>CHIDERA EZE<\/strong>\u00a0Alzatrice di Bergamo, prosegue la sua crescita che la porter\u00e0 ad entrare nel giro della Nazionale. Stupisce la sua autorit\u00e0 in campo, nonostante la giovane et\u00e0 e la precisione. Deve ancora migliorare tanti aspetti ma \u00e8 sulla strada giusta<\/p>\n<p><strong>CARLOTTA CAMBI<\/strong> Geniale quando si pu\u00f2 inventare, lineare quando c\u2019\u00e8 bisogno di serenit\u00e0. Sempre leader nelle file di Novara, sempre positiva anche nei momenti difficili che ci sono stati. Difficile privarsi di lei in azzurro.<\/p>\n<p><strong>PAOLA EGONU<\/strong> Inutile dilungarsi in spiegazioni. E\u2019 la migliore attaccante del campionato. Campionessa vera che alza pure il primo trofeo con Milano facendo la differenza nella finale di Supercoppa contro Conegliano.<\/p>\n<p><strong>EKATERINA ANTROPOVA<\/strong>\u00a0Peccato che sia l\u2019ultima stagione in Italia per l\u2019opposta di Scandicci. Sentiremo la mancanza delle sue bordate che hanno portato Scandicci sul secondo gradino del podio e sul tetto del mondo. Continua a crescere e non si vuole fermare.<\/p>\n<p><strong>STELLA NERVINI<\/strong> La migliore in banda. Ricezione, attacco, difesa, muro: sa fare tutto la giocatrice lanciata in azzurro da Velasco e a cui togliere il posto da titolare sar\u00e0 molto, molto difficile.<\/p>\n<p><strong>REBECCA PIVA<\/strong>\u00a0Ha iniziato la stagione un po\u2019 in sordina e poi ha trovato la continuit\u00e0 che ha contribuito a portare in alto Milano. Si \u00e8 guadagnata un\u2019altra chance azzurra e stavolta vuole dimostrare a Velasco che \u00e8 pronta per una maglia da titolare.<\/p>\n<p><strong>ANNA DANESI<\/strong>\u00a0Rendimento come sempre altissimo. Una certezza, anche quando non tutto funziona bene in casa Milano.<\/p>\n<p><strong>LINDA MANFREDINI<\/strong> Nome nuovo ma fino a un certo punto. A Bergamo \u00e8 sempre dentro la partita, gioca su ottimi livelli e viene chiamata sempre pi\u00f9 in causa da Eze. Fiducia ben ripagata. Da campionessa del mondo under 21 alla Nazionale senior in questo caso la strada appare piuttosto breve.<\/p>\n<p><strong>MONICA DE GENNARO<\/strong>\u00a0Che si vuole dire ancora. Non ha rifiatato un attimo dopo una estate infinita eppure \u00e8 sempre l\u00ec, tra le migliori in ricezione, la migliore in difesa. Infinita.<\/p>\n<p><strong>MARTINA ARMINI<\/strong>\u00a0Tra i nomi nuovi del panorama italiano \u00e8 colei che pi\u00f9 \u00e8 cresciuta soprattutto nel fondamentale della ricezione. L\u2019impressione \u00e8 che Velasco la getter\u00e0 nella mischia nella lunga estate azzurra.<\/p>\n<p>IL SESTETTO AZZURRO IDEALE DELLA REGULAR SEASON<\/p>\n<p><strong>ALZATRICE Carlotta Cambi<\/strong><\/p>\n<p><strong>OPPOSTA Paola Egonu<\/strong><\/p>\n<p><strong>CENTRALI Anna Danesi, Linda Manfredini<\/strong><\/p>\n<p><strong>SCHIACCIATRICI Stella Nervini, Rebecca Piva<\/strong><\/p>\n<p><strong>LIBERO Monica De Gennaro<\/strong><\/p>\n","protected":false},"excerpt":{"rendered":"LE MIGLIORI ITALIANE DELLA REGULAR SEASON DI SERIE A1 CHIDERA EZE\u00a0Alzatrice di Bergamo, prosegue la sua crescita che&hellip;\n","protected":false},"author":3,"featured_media":259880,"comment_status":"","ping_status":"","sticky":false,"template":"","format":"standard","meta":{"footnotes":"","_share_on_mastodon":"0"},"categories":[1474],"tags":[99031,13300,13302,98844,13305,1537,90,89,33617,99477,13311,8056,99545,245,244,13314,1869],"class_list":["post-366887","post","type-post","status-publish","format-standard","has-post-thumbnail","category-volley","tag-a1-volley-femminile-2025-2026","tag-anna-danesi","tag-carlotta-cambi","tag-chidera-eze","tag-ekaterina-antropova","tag-it","tag-italia","tag-italy","tag-linda-manfredini","tag-martina-armini","tag-monica-de-gennaro","tag-paola-egonu","tag-rebecca-piva","tag-sport","tag-sports","tag-stella-nervini","tag-volley"],"share_on_mastodon":{"url":"https:\/\/pubeurope.com\/@it\/116120451947003813","error":""},"_links":{"self":[{"href":"https:\/\/www.europesays.com\/it\/wp-json\/wp\/v2\/posts\/366887","targetHints":{"allow":["GET"]}}],"collection":[{"href":"https:\/\/www.europesays.com\/it\/wp-json\/wp\/v2\/posts"}],"about":[{"href":"https:\/\/www.europesays.com\/it\/wp-json\/wp\/v2\/types\/post"}],"author":[{"embeddable":true,"href":"https:\/\/www.europesays.com\/it\/wp-json\/wp\/v2\/users\/3"}],"replies":[{"embeddable":true,"href":"https:\/\/www.europesays.com\/it\/wp-json\/wp\/v2\/comments?post=366887"}],"version-history":[{"count":0,"href":"https:\/\/www.europesays.com\/it\/wp-json\/wp\/v2\/posts\/366887\/revisions"}],"wp:featuredmedia":[{"embeddable":true,"href":"https:\/\/www.europesays.com\/it\/wp-json\/wp\/v2\/media\/259880"}],"wp:attachment":[{"href":"https:\/\/www.europesays.com\/it\/wp-json\/wp\/v2\/media?parent=366887"}],"wp:term":[{"taxonomy":"category","embeddable":true,"href":"https:\/\/www.europesays.com\/it\/wp-json\/wp\/v2\/categories?post=366887"},{"taxonomy":"post_tag","embeddable":true,"href":"https:\/\/www.europesays.com\/it\/wp-json\/wp\/v2\/tags?post=366887"}],"curies":[{"name":"wp","href":"https:\/\/api.w.org\/{rel}","templated":true}]}}