{"id":366939,"date":"2026-02-23T15:21:12","date_gmt":"2026-02-23T15:21:12","guid":{"rendered":"https:\/\/www.europesays.com\/it\/366939\/"},"modified":"2026-02-23T15:21:12","modified_gmt":"2026-02-23T15:21:12","slug":"addio-al-vecchio-amministratore-ecco-chi-gestira-le-nostre-case-e-perche-i-costi-cambieranno-nei-condomini-arrivano-le-multinazionali","status":"publish","type":"post","link":"https:\/\/www.europesays.com\/it\/366939\/","title":{"rendered":"Addio al vecchio amministratore: ecco chi gestir\u00e0 le nostre case (e perch\u00e9 i costi cambieranno). Nei condomini arrivano le multinazionali"},"content":{"rendered":"<p>    di<br \/>\n    Christian Benna<\/p>\n<p class=\"summary-art is-line-h-12\">Manager e call center al posto dei vecchi professionisti. Parte a Torino il risiko degli amministratori condominiali. A comprare gli studi  ci sono grandi aziende, come Estia e Gabetti<\/p>\n<p class=\"chapter-paragraph\">Caro vecchio amministratore di condominio addio. Alla prossima assemblea a parlare di conto termico, ascensori, manutenzioni, varie ed eventuali, <b>interverranno i manager di grandi societ\u00e0 <\/b>specializzate e in futuro anche multinazionali. Infatti in questi giorni negli uffici legali di Torino (e non solo) avvocati e commercialisti sono al lavoro per finalizzare due acquisizioni di peso che promettono di rivoluzionare il mondo della gestione della casa, fin qui governato da un centinaio studi, il classico geometra tuttofare, in genere a capo di 50-100 condomini.\u00a0<\/p>\n<p>    Tremila palazzi in portafoglio<\/p>\n<p class=\"chapter-paragraph\"><b>Gabetti Lab<\/b>, societ\u00e0 da 38 milioni di euro di ricavi del gruppo Gabetti, attiva\u00a0 nella riqualificazione e nella gestione immobiliare, sta per comprare (manca solo il passaggio notarile) un importante studio di amministrazione di condomini della citt\u00e0 con <b>l\u2019obiettivo di arrivare a tremila palazzi in portafoglio<\/b>. Nelle stesse ore Estia, fondata nel 2021 dalla famiglia <b>Garesio<\/b>, e partecipata dal colosso immobiliare spagnolo <b>Odevo- Portik<\/b> (80 milioni di ricavi che ne ha spesi 20 per il 51% della societ\u00e0 torinese), metter\u00e0 la firma sull\u2019acquisizione di uno dei pi\u00f9 noti gestori condominiali del centro citt\u00e0.    &#13;<br \/>\n&#13;<br \/>\n&#13;<br \/>\n&#13;<br \/>\n&#13;<br \/>\n&#13;<br \/>\n&#13;<br \/>\n&#13;<br \/>\n&#13;<br \/>\n&#13;<br \/>\n&#13;<br \/>\n&#13;<br \/>\n&#13;<br \/>\n&#13;<br \/>\n&#13;<br \/>\n&#13;<br \/>\n&#13;<br \/>\n&#13;<br \/>\n&#13;<br \/>\n&#13;<br \/>\n&#13;<br \/>\n&#13;<br \/>\n&#13;<br \/>\n&#13;<br \/>\n&#13;<br \/>\n&#13;<br \/>\n&#13;<br \/>\n&#13;<br \/>\n&#13;<br \/>\n&#13;<br \/>\n&#13;<br \/>\n&#13;<br \/>\n&#13;<br \/>\n&#13;<br \/>\n&#13;<br \/>\n&#13;<br \/>\n&#13;<br \/>\n&#13;<br \/>\n&#13;<br \/>\n&#13;<br \/>\n&#13;<br \/>\n&#13;<br \/>\n&#13;<br \/>\n&#13;<br \/>\n&#13;<br \/>\n&#13;<br \/>\n&#13;<br \/>\n&#13;<br \/>\n&#13;<br \/>\n&#13;<br \/>\n&#13;<br \/>\n&#13;<br \/>\n&#13;\n<\/p>\n<p class=\"chapter-paragraph\"><a href=\"https:\/\/torino.corriere.it\/notizie\/cronaca\/26_febbraio_23\/schiamazzi-notturni-mobili-abbandonati-e-parcheggi-per-cosa-litigano-i-condomini-di-torino-ecco-perche-e-tra-le-5-citta-piu-fd5c2536-91a6-4fc9-8b50-500f23975xlk.shtml\" rel=\"nofollow noopener\" target=\"_blank\">PERCH\u00c8 SI LITIGA NEI CONDOMINI. ECCO LE CAUSE PIU&#8217; COMUNI<\/a><\/p>\n<p>    Il patrimonio immobiliare<\/p>\n<p class=\"chapter-paragraph\">\u00a0Valutazione media dello shopping? Tra il 90 e il 110% dei ricavi di uno studio acquisito. Perch\u00e9<b>\u00a0la gestione della nostra casa vale davvero un tesoro<\/b>, sia per chi la abita che per chi l\u2019amministra. E non stiamo parlando solamente delle commissioni, in genere a prezzi ragionevoli,\u00a0 che variano tra 100 euro e 200 per abitazione, ma per  tutti quei lavori che andranno fatti per manutenere e rinverdire<b> l\u2019ormai arrugginito patrimonio immobiliare Italia.<\/b> Attualmente si stima che a Torino il 65% dei trilocali in vendita siano di classe G, F ed E, ovvero le pi\u00f9 basse. Quindi due immobili su tre sono interessati dalla direttiva Green dell\u2019Ue che vuole trasformare i palazzi in edifici sostenibili. Anaci, associazione di riferimento, <b>conta pi\u00f9 di 8 mila amministratori di condominio nel nostro Paese<\/b>.<\/p>\n<p>    I piccoli proprietari<\/p>\n<p class=\"chapter-paragraph\">\u00abSiamo all\u2019alba di una rivoluzione \u2014 ammette <b>Piera Bessi, presidente dei piccoli proprietari di Uppi <\/b>\u2014 non sappiamo ancora se sar\u00e0 luminosa o meno. Noi ci auguriamo che se l\u2019Italia seguir\u00e0 il percorso gi\u00e0 intrapreso da altri Paesi con la gestione affidata a grandi societ\u00e0, il settore possa diventare pi\u00f9 professionale, ridurre i conflitti e le cause, e soprattutto possa portare risparmi\u00bb.<b> In Spagna, Francia e Germania la gestione condominiale \u00e8 gi\u00e0 oggi un business<\/b> per grandi aziende che infatti ne amministrano a migliaia. In Italia tra i primi a portare la novit\u00e0 in uno dei contesti pi\u00f9 conservatori e talvolta anche poco trasparenti, basti pensare che la <b>riforma sulle gestioni condominiali<\/b> \u00e8 stata appena ritirata in Parlamento dopo l\u2019alzata di scudi di politici e associazioni,\u00e8 stata la torinese Estia.<\/p>\n<p>    Il cambio di gestione<\/p>\n<p class=\"chapter-paragraph\">\u00a0\u00abIl nostro obiettivo \u00e8 gestire entro il 2029 <b>8 mila condomini<\/b>.  Siamo tra i pionieri del settore nel nostro Paese e lo facciamo con partner di rilievo come il gruppo Odevo \u2014 spiega <b>il ceo Giuliano Garesio <\/b>\u2014. La gestione della casa \u00e8 non \u00e8 pi\u00f9 come una volta solo un registro contabile delle spese e chiamare l\u2019idraulico, ma un vero e proprio servizio di property management perch\u00e9 le nostre abitazioni diventeranno sempre pi\u00f9 smart e sostenibili. Servono professionalit\u00e0 e managerialit\u00e0, e anche un servizio di customer care sempre attivo\u00bb.<b> Il cambio da gestione quasi familiare, con il numero di telefono dell\u2019amministratori in rubrica<\/b>, a un manager, e quindi a un call center desta qualche preoccupazione.\u00a0<\/p>\n<p>    L&#8217;obiettivo<\/p>\n<p class=\"chapter-paragraph\">Lo spiega <b>Marco Delpiano l&#8217;architetto <\/b>che ha cominciato a gestire condomini una decina di anni e fa, e oggi dalla sede di None ne amministra pi\u00f9 di un centinaio nel Torinese. \u00abIl mio \u00e8 il mestiere pi\u00f9 bello del mondo. <b>Ogni giorno affrontiamo sfide diverse<\/b>: \u00e8 complicato, abbiamo a che fare con tanti proprietari e tutte le richieste vanno ascoltate. Ma il nostro impegno \u00e8 garantire risparmi, efficienza. Non so se una grande azienda sar\u00e0 in grado di ascoltare davvero i bisogni di tutti condomini\u00bb.\u00a0<\/p>\n<p>    Il settore<\/p>\n<p class=\"chapter-paragraph\"><b>Che il settore avesse bisogno di una spolverata \u00e8 noto da tempo<\/b>. Ma la figura del vecchio amministratore che magari gestisce tutto e tutti con un solo conto corrente (il suo) \u00e8 ormai una rarit\u00e0, anche se i casi di mala gestione non mancano. \u00abIl nostro obiettivo \u00e8 arrivare a tremila condomini da amministrare \u2014 spiega<b> Alessandro De Biasio ad i Gabetti Lab <\/b>\u2014 siamo nati come societ\u00e0 di servizi per la riqualificazione ora vogliamo fare anche gli amministratore. Siamo convinti che con le economie di scala e la professionalit\u00e0 possiamo portare valore aggiunto e risparmio\u00bb. Nel risiko dei condomini italiani resta l\u2019incognita del passaggio di testimone. Di quei proprietari che si troveranno da un giorno all\u2019altro un manager al posto del volto noto, a volte amico, che era l\u2019amministrazione.\u00a0<\/p>\n<p class=\"is-mr-t-20 is-mr-b-20\"><b><br \/>\n                    <a href=\"https:\/\/torino.corriere.it\/?intcmp=Notizielocali_nd_010623_corriere_ss_nd\" target=\"_blank\" rel=\"nofollow noopener\">Vai a tutte le notizie di Torino<\/a><br \/>\n            <\/b><\/p>\n<p class=\"chapter-paragraph\"><b><a href=\"https:\/\/www.corriere.it\/newsletter\/?theme=35&amp;intcmp=IIIcolonna_NL_CorTorino\" target=\"_blank\" rel=\"nofollow noopener\">Iscriviti alla newsletter di Corriere Torino<\/a><\/b><\/p>\n<p class=\"is-last-update\" datetime=\"2026-02-23T12:22:43+01:00\">23 febbraio 2026 ( modifica il 23 febbraio 2026 | 12:22)<\/p>\n<p class=\"is-copyright\">\n            \u00a9 RIPRODUZIONE RISERVATA\n        <\/p>\n","protected":false},"excerpt":{"rendered":"di Christian Benna Manager e call center al posto dei vecchi professionisti. Parte a Torino il risiko degli&hellip;\n","protected":false},"author":3,"featured_media":366940,"comment_status":"","ping_status":"","sticky":false,"template":"","format":"standard","meta":{"footnotes":"","_share_on_mastodon":"0"},"categories":[172],"tags":[2983,178,190573,6964,56517,31,36,212306,5609,177,26653,26654,6099,23982,23000,37170,7779,155875,155877,10095,2944,1278,212304,724,198246,212307,212308,2437,2615,4036,1251,119695,212309,4813,1537,90,89,12605,2947,212310,212311,809,6893,3492,14786,3516,861,1359,479,36896,1641,55438,34776,212305],"class_list":["post-366939","post","type-post","status-publish","format-standard","has-post-thumbnail","category-affari","tag-addio","tag-affari","tag-amministra","tag-amministratore","tag-amministratori","tag-amministrazione","tag-arrivare","tag-arrivare-tremila","tag-aziende","tag-business","tag-call","tag-call-center","tag-cambio","tag-cambio-gestione","tag-center","tag-centinaio","tag-comprare","tag-condomini","tag-condominiali","tag-condominio","tag-conto","tag-davvero","tag-estia","tag-euro","tag-gabetti","tag-gabetti-lab","tag-garesio","tag-genere","tag-gestione","tag-gestire","tag-grandi","tag-grandi-aziende","tag-grandi-societa","tag-immobiliare","tag-it","tag-italia","tag-italy","tag-lab","tag-manager","tag-manager-call","tag-manager-call-center","tag-obiettivo","tag-palazzi","tag-portare","tag-proprietari","tag-ricavi","tag-settore","tag-societa","tag-spiega","tag-torinese","tag-torino","tag-tremila","tag-vecchio","tag-vecchio-amministratore"],"share_on_mastodon":{"url":"","error":"Validation failed: Text character limit of 500 exceeded"},"_links":{"self":[{"href":"https:\/\/www.europesays.com\/it\/wp-json\/wp\/v2\/posts\/366939","targetHints":{"allow":["GET"]}}],"collection":[{"href":"https:\/\/www.europesays.com\/it\/wp-json\/wp\/v2\/posts"}],"about":[{"href":"https:\/\/www.europesays.com\/it\/wp-json\/wp\/v2\/types\/post"}],"author":[{"embeddable":true,"href":"https:\/\/www.europesays.com\/it\/wp-json\/wp\/v2\/users\/3"}],"replies":[{"embeddable":true,"href":"https:\/\/www.europesays.com\/it\/wp-json\/wp\/v2\/comments?post=366939"}],"version-history":[{"count":0,"href":"https:\/\/www.europesays.com\/it\/wp-json\/wp\/v2\/posts\/366939\/revisions"}],"wp:featuredmedia":[{"embeddable":true,"href":"https:\/\/www.europesays.com\/it\/wp-json\/wp\/v2\/media\/366940"}],"wp:attachment":[{"href":"https:\/\/www.europesays.com\/it\/wp-json\/wp\/v2\/media?parent=366939"}],"wp:term":[{"taxonomy":"category","embeddable":true,"href":"https:\/\/www.europesays.com\/it\/wp-json\/wp\/v2\/categories?post=366939"},{"taxonomy":"post_tag","embeddable":true,"href":"https:\/\/www.europesays.com\/it\/wp-json\/wp\/v2\/tags?post=366939"}],"curies":[{"name":"wp","href":"https:\/\/api.w.org\/{rel}","templated":true}]}}