{"id":367223,"date":"2026-02-23T19:41:15","date_gmt":"2026-02-23T19:41:15","guid":{"rendered":"https:\/\/www.europesays.com\/it\/367223\/"},"modified":"2026-02-23T19:41:15","modified_gmt":"2026-02-23T19:41:15","slug":"tre-vittorie-che-cambiano-la-stagione","status":"publish","type":"post","link":"https:\/\/www.europesays.com\/it\/367223\/","title":{"rendered":"Tre vittorie che cambiano la stagione"},"content":{"rendered":"<p>            <a href=\"https:\/\/www.europesays.com\/it\/wp-content\/uploads\/2026\/02\/2026_BRONDI_22_FEBBRAIO_110.jpg\" data-caption=\"Quinn Ellis&#10;EA7 Emporio Armani Olimpia Milano - Bertram Derthona Tortona Basket&#10;FrecciaRossa Final Eight Coppa Italia 2026&#10;Finale&#10;Torino, 22\/02\/2026&#10;Foto Marco\/brondi \/\/ CIAMILLO-CASTORIA\"><img loading=\"lazy\" decoding=\"async\" width=\"600\" height=\"400\" class=\"entry-thumb td-modal-image\" src=\"https:\/\/www.europesays.com\/it\/wp-content\/uploads\/2026\/02\/2026_BRONDI_22_FEBBRAIO_110.jpg\"   alt=\"\" title=\"Quinn Ellis\"\/><\/a>Quinn Ellis<br \/>\nEA7 Emporio Armani Olimpia Milano &#8211; Bertram Derthona Tortona Basket<br \/>\nFrecciaRossa Final Eight Coppa Italia 2026<br \/>\nFinale<br \/>\nTorino, 22\/02\/2026<br \/>\nFoto Marco\/brondi \/\/ CIAMILLO-CASTORIA<\/p>\n<p>&#13;<br \/>\n&#13;<br \/>\n&lt;! &#8212; mobile Banner Top mobile 300&#215;250\/336&#215;280   &#8211;&gt;&#13;<\/p>\n<p><strong>Quinn Ellis<\/strong> ha conquistato con l\u2019Olimpia Milano la seconda Final Eight consecutiva della sua carriera. A margine della vittoria, la guardia ha parlato del momento della squadra e di cosa pu\u00f2 significare questo risultato per il prosieguo della stagione.<\/p>\n<p>&#13;<br \/>\n&#13;<br \/>\n&lt;! &#8212; mobile Banner Banner Middle mobile 300&#215;250\/300&#215;600   &#8211;&gt;&#13;<\/p>\n<blockquote>\n<p>\u00abSono molto contento, felicissimo. Abbiamo giocato benissimo in tutte e tre le partite, abbiamo trovato difficolt\u00e0, per\u00f2 siamo stati l\u00ec, tutti insieme, tutti e cinque in campo e anche quelli in panchina, a lottare fino alla fine. Abbiamo vinto oggi e siamo molto contenti.\u00bb<\/p>\n<\/blockquote>\n<p>Ellis ha poi sottolineato il valore di queste tre vittorie in un contesto di stagione tutt\u2019altro che semplice, segnato da infortuni e continui cambi di roster che non hanno mai permesso alla squadra di lavorare con un gruppo fisso di dodici uomini.<\/p>\n<blockquote>\n<p>\u00abQuesta cambia tanto. Avevamo tanti infortuni, tantissimi cambi di roster, quindi magari non abbiamo mai avuto un 12 fisso. Adesso che abbiamo vinto queste tre partite possiamo prendere fiducia, sia per il campionato sia per l\u2019Eurolega.\u00bb<\/p>\n<\/blockquote>\n<p>A corredo dell\u2019intervista, anche un video con <strong>Paolo Galbiati<\/strong>, ex allenatore di Ellis e protagonista del trionfo a Valencia.<\/p>\n<p>Pubblicit\u00e0&lt;! &#8212; Banner mobile 300&#215;250\/300&#215;600  &#8211;&gt;&#13;<br \/>\n&#13;<br \/>\n&#13;<br \/>\n&#13;<br \/>\n&lt;! &#8212; Banner Native   &#8211;&gt;&#13;<br \/>\n&#13;<br \/>\n&#13;<br \/>\n&lt;! &#8212; Banner mobile   &#8211;&gt;&#13;<\/p>\n","protected":false},"excerpt":{"rendered":"Quinn Ellis EA7 Emporio Armani Olimpia Milano &#8211; Bertram Derthona Tortona Basket FrecciaRossa Final Eight Coppa Italia 2026&hellip;\n","protected":false},"author":3,"featured_media":367224,"comment_status":"","ping_status":"","sticky":false,"template":"","format":"standard","meta":{"footnotes":"","_share_on_mastodon":"0"},"categories":[1453],"tags":[1756,1757,4159,73882,1537,90,89,10611,5874,87488,245,244],"class_list":["post-367223","post","type-post","status-publish","format-standard","has-post-thumbnail","category-basket","tag-basket","tag-basketball","tag-euroleague","tag-final-eight","tag-it","tag-italia","tag-italy","tag-lega-basket","tag-olimpia-milano","tag-quinn-ellis","tag-sport","tag-sports"],"share_on_mastodon":{"url":"https:\/\/pubeurope.com\/@it\/116121651477205630","error":""},"_links":{"self":[{"href":"https:\/\/www.europesays.com\/it\/wp-json\/wp\/v2\/posts\/367223","targetHints":{"allow":["GET"]}}],"collection":[{"href":"https:\/\/www.europesays.com\/it\/wp-json\/wp\/v2\/posts"}],"about":[{"href":"https:\/\/www.europesays.com\/it\/wp-json\/wp\/v2\/types\/post"}],"author":[{"embeddable":true,"href":"https:\/\/www.europesays.com\/it\/wp-json\/wp\/v2\/users\/3"}],"replies":[{"embeddable":true,"href":"https:\/\/www.europesays.com\/it\/wp-json\/wp\/v2\/comments?post=367223"}],"version-history":[{"count":0,"href":"https:\/\/www.europesays.com\/it\/wp-json\/wp\/v2\/posts\/367223\/revisions"}],"wp:featuredmedia":[{"embeddable":true,"href":"https:\/\/www.europesays.com\/it\/wp-json\/wp\/v2\/media\/367224"}],"wp:attachment":[{"href":"https:\/\/www.europesays.com\/it\/wp-json\/wp\/v2\/media?parent=367223"}],"wp:term":[{"taxonomy":"category","embeddable":true,"href":"https:\/\/www.europesays.com\/it\/wp-json\/wp\/v2\/categories?post=367223"},{"taxonomy":"post_tag","embeddable":true,"href":"https:\/\/www.europesays.com\/it\/wp-json\/wp\/v2\/tags?post=367223"}],"curies":[{"name":"wp","href":"https:\/\/api.w.org\/{rel}","templated":true}]}}