{"id":367229,"date":"2026-02-23T19:46:24","date_gmt":"2026-02-23T19:46:24","guid":{"rendered":"https:\/\/www.europesays.com\/it\/367229\/"},"modified":"2026-02-23T19:46:24","modified_gmt":"2026-02-23T19:46:24","slug":"sanremo-2026-dove-vedere-il-festival-guida-scaletta-ospiti-conduttori","status":"publish","type":"post","link":"https:\/\/www.europesays.com\/it\/367229\/","title":{"rendered":"Sanremo 2026, dove vedere il festival: guida, scaletta, ospiti, conduttori"},"content":{"rendered":"<p>                              <img decoding=\"async\" src=\"https:\/\/www.europesays.com\/it\/wp-content\/uploads\/2026\/02\/RCSTYLEWEB_sanremo-conti.jpg\" loading=\"lazy\" alt=\"Dove vedere Sanremo 2026 in tv, web, radio, social: guida definitiva al 76mo festival, giorno per giorno- immagine 2\" width=\"1280\" height=\"856\"\/><\/p>\n<p class=\"img-caption\"> Carlo Conti, direttore artistico e conduttore (uscente) di Sanremo 2026, che andr\u00e0 in onda dal 24 al 28 febbraio su Rai 1, in diretta dal Teatro Ariston. Foto ANSA<\/p>\n<p>\n                              <strong>SANREMO 2026 INIZIA<\/strong> <strong>marted\u00ec 24 febbraio\u00a0e finisce\u00a0<\/strong><b>sabato 28<\/b>. Siamo alla 76ma edizione del Festival che si tiene come sempre al <b>teatro Ariston di Sanremo<\/b>. Cinque giorni in cui l&#8217;Italia sar\u00e0 tutta collegata al <b>Festival della canzone italiana<\/b>.\n                          <\/p>\n<p>\n                              Per questi cinque giorni non esister\u00e0 pi\u00f9 nulla (o quasi!). Ci saranno <a href=\"https:\/\/style.corriere.it\/spettacoli\/musica\/sanremo-2026-le-pagelle-delle-canzoni-dalla-peggiore-alla-migliore\/\" data-wpel-link=\"internal\" rel=\"nofollow noopener\" target=\"_blank\"><strong>30 artisti in gara con 30 canzoni inedite<\/strong><\/a>, oltre alle cover della quarta serata. \u00a0E allora ecco come seguire il festival sui media principali. Tenendo conto che infinite sono le tv, le radio, i siti web e i social che lo \u201ccopriranno&#8221;.\n                          <\/p>\n<p>                          <b>Dove vedere Sanremo 2026 in tv: il festival, il PrimaFestival e il DopoFestival su Rai 1<\/b><\/p>\n<p>\n                              <b>La Rai trasmetter\u00e0 Sanremo 2026 in diretta su\u00a0Rai 1, con collegamenti a partire dalle 20,30 alla fine dello show.<\/b>\u00a0Con la regia di Maurizio Pagnussat, il Festival di Sanremo 2026 sar\u00e0 in onda\u00a0<b>da marted\u00ec 24 a sabato 28 febbraio su Rai1, Radio2 e RaiPlay<\/b>, in\u00a0<b>streaming, <\/b>con visione sia in diretta sia on demand, per rivedere le esibizioni e i momenti clou. A fare compagnia al pubblico prima e dopo le puntate della kermesse ci saranno\u00a0<b>il PrimaFestival e il DopoFestival<\/b>. L&#8217;appuntamento che precede le puntate del Festival va in onda <b>dal 21 al 28 febbraio<\/b>\u00a0sempre su Rai1, con la conduzione di\u00a0<b>Ema Stokholma, Manola Moslehi e Carolina Rey<\/b>.\n                          <\/p>\n<p>\n                              Il\u00a0<b>DopoFestival <\/b>andr\u00e0 in onda <b>dal 24 al 27 febbraio<\/b>, subito dopo le puntate. Conduttore <b>Nicola Savino con Aurora Leone, Federico Basso ed Enrico Cremonesi<\/b>.\n                          <\/p>\n<p>\n                              Nella settimana del festival\u00a0<b>tutte le principali trasmissioni\/contenitori quotidiane e serali della Rai si trasferiranno in Riviera<\/b>. Fino all&#8217;abituale puntata sanremese di\u00a0Domenica In, il giorno dopo la finale di sabato 28 febbraio. Superospite il vincitore.\n                          <\/p>\n<p>                              <img decoding=\"async\" src=\"https:\/\/www.europesays.com\/it\/wp-content\/uploads\/2026\/02\/RCSTYLEWEB_20260223161559966_1b38a96790a209ef93c6e66a5dde03e2-scaled.jpg\" loading=\"lazy\" alt=\"sanremo 2026\" width=\"2560\" height=\"1706\"\/><\/p>\n<p class=\"img-caption\"> La prima conferenza stampa, 24 ore prima dell&#8217;inizio. Foto ANSA<\/p>\n<p>                          <b>Sanremo 2026: dove vederlo sul web, in streaming su RaiPlay, e anche in 4K<\/b><\/p>\n<p>\n                              <b>Tutte le serate di Sanremo 2026 in onda su Rai 1 saranno in diretta su <a href=\"https:\/\/www.raiplay.it\/programmi\/festivaldisanremo\" target=\"_blank\" rel=\"noopener nofollow external\" data-wpel-link=\"external\">RaiPlay<\/a>, anche in formato 4K.<\/b> Le clip delle canzoni e dei momenti pi\u00f9 emozionanti dello show saranno on line in tempo reale. Si possono rivedere in formato clip le esibizioni, le interviste ai cantanti e agli ospiti. Quest\u2019anno una delle pi\u00f9 grandi novit\u00e0 \u00e8 che potremo guardare il <b>Festival di Sanremo 2026 in 4K<\/b> a una definizione altissima sul canale 101. Infatti sulla piattaforma digitale terrestre si \u00e8 acceso un nuovo canale lineare: <a href=\"https:\/\/www.telefonino.net\/notizie\/ufficiale-rai-4k-arriva-in-chiaro-sul-digitale-terrestre-per-tutti\/\" data-wpel-link=\"external\" rel=\"nofollow external noopener\" target=\"_blank\">Rai 4K<\/a>. Per chi ha il televisore 4k o ultra HD sul canale LCN 101.\n                          <\/p>\n<p>                          Come vedere, seguire e ascoltare il festival di Sanremo 2026 in radio: Radio2 \u00e8 la radio ufficiale, il podcast<\/p>\n<p>\n                              Il racconto in diretta delle 5 puntate del 76mo Festival di Sanremo \u00e8 affidato alle voci di Ema Stokholma e Gino Castaldo, on air dalla BLUEROOM di Rai Radio2 all&#8217;interno del Teatro Ariston. Pronti a raccogliere i commenti a caldo degli artisti. Regia di Leonardo Carioti. A cura di Daria Ragazzini.\n                          <\/p>\n<p>\n                              Anche\u00a0<b>RaiPlay Sound<\/b> seguir\u00e0 il Festival con due appuntamenti.\u00a0 <b>Sotto Sanremo <\/b>(23 febbraio &#8211; 1 marzo), sette puntate in esclusiva streaming condotte da <strong>Anna Lou Castoldi, Elisa Maino e Nicole Rossi<\/strong>, trasmesse da un &#8220;bunker urbano&#8221; sotto il Teatro Ariston. <b>Extra e Interviste:<\/b>\u00a0RaiPlay Sound proporr\u00e0 interviste esclusive ai campioni del Festival, pillole e contenuti speciali nella sezione dedicata \u201cExtra&#8221;.\u00a0\n                          <\/p>\n<p>                          <b>Quali sono i social ufficiali di #Sanremo2026<\/b><\/p>\n<p>\n                              Gli account ufficiali del Festival (Sanremo Rai) sono attivi su <strong>X, Facebook, Instagram, TikTok.<\/strong> Oltre al <strong>canale broadcast di RaiPlay su WhatsApp<\/strong>, gli account social di Rai1 e RaiPlay, Rai Radio2, Rai Ufficiale, Ufficio Stampa Rai, RaiPlay Sound, RaiNews e Rai Accessibilit\u00e0. \u00a0\n                          <\/p>\n<blockquote class=\"instagram-media\" data-instgrm-version=\"7\" style=\"background:#FFF;border:0;border-radius:3px;box-shadow:0 0 1px 0 rgba(0,0,0,0.5),0 1px 10px 0 rgba(0,0,0,0.15);margin:1px;max-width:540px;min-width:326px;padding:0;width:99.375%;width:-webkit-calc(100% - 2px);width:calc(100% - 2px)\"><p>\n                          <a href=\"https:\/\/www.instagram.com\/p\/DVB3lsTjEvR\/?utm_source=ig_web_copy_link&amp;igsh=MzRlODBiNWFlZA==\" rel=\"nofollow noopener\" target=\"_blank\">\n                        <\/p><\/blockquote>\n<p>                          <b>Sanremo 2026: i palchi e gli eventi in citt\u00e0 e in rada<\/b><\/p>\n<p>\n                              Dalla nave di <strong>Costa Crociere in rada a Sanremo al Suzuki Stage<\/strong> di piazza Colombo, una ruota panoramica alta 32 metri, il trenino turistico e diverse postazioni nei punti pi\u00f9 strategici. Il Festival di Sanremo sar\u00e0 anche fuori dall\u2019Ariston <strong>Tra palco e citt\u00e0<\/strong>: con eventi e location esclusive che nascono dalla collaborazione tra Rai Pubblicit\u00e0 e il Comune. Novit\u00e0 di questa edizione \u00e8 la presenza su Costa Toscana di <strong>Max Pezzali<\/strong> a bordo per tutte le serate del Festival. <strong>L\u2019Eni Carpet accoglier\u00e0 davanti all&#8217;Ariston, p<\/strong>er tutta la settimana della kermesse, personalit\u00e0, artisti e l&#8217;attesa sfilata dei cantanti in gara, il 23 febbraio dalle 20.30. In Piazza Colombo, c\u2019\u00e8 <strong>il Suzuki Stage, il palcoscenico all&#8217;aperto su cui si esibiranno: Gaia, Bresh, The Kolors, Gabbani, i Pooh.<\/strong> Il Forte di Santa Tecla ospiter\u00e0 la mostra tributo a <strong>Pippo Baudo<\/strong> (al quale verr\u00e0 reso un omaggio durante la prima serata del festival).\n                          <\/p>\n<p>                              <img decoding=\"async\" src=\"https:\/\/www.europesays.com\/it\/wp-content\/uploads\/2026\/02\/sanremo-2026-1.jpg\" loading=\"lazy\" alt=\"sanremo 2026\" width=\"1280\" height=\"800\"\/><\/p>\n<p>                          <b>Guida a Sanremo 2026: Il conduttore<\/b><\/p>\n<p>\n                              Il conduttore di Sanremo 2026 \u00e8 Carlo Conti, che \u00e8 anche\u00a0<b>direttore artistico<\/b>.\u00a0Dopo la conduzione dell\u2019anno scorso, che succedeva ai cinque anni con Amadeus alla guida del Festival, torna per la quinta volta sul palco il conduttore toscano, che aveva presentato l&#8217;evento all&#8217;Ariston<b>\u00a0nel 2015, nel 2016 e nel 2017. Sar\u00e0 il suo ultimo Festival.\u00a0<\/b>\n                          <\/p>\n<p>                          <b>Sanremo 2026: l&#8217;elenco dei cantanti BIG in gara e le loro canzoni<\/b><\/p>\n<ol>\n<li>Raf &#8211;\u00a0Ora e per sempre<\/li>\n<li>Tredici Pietro &#8211;\u00a0Uomo che cade<\/li>\n<li>Tommaso Paradiso &#8211;\u00a0I romantici<\/li>\n<li>Patty Pravo &#8211;\u00a0Opera<\/li>\n<li>Fulminacci &#8211;\u00a0Stupida sfortuna<\/li>\n<li>Luch\u00e9 &#8211;\u00a0Labirinto<\/li>\n<li>Arisa &#8211;\u00a0Magica favola<\/li>\n<li>Serena Brancale &#8211;\u00a0Qui con me<\/li>\n<li>Enrico Nigiotti &#8211;\u00a0Ogni volta che non so volare<\/li>\n<li>LDA e AKA 7even &#8211;\u00a0Poesie clandestine<\/li>\n<li>Malika Ayane &#8211;\u00a0Animali notturni<\/li>\n<li>Mara Sattei &#8211;\u00a0Le cose che non sai di me<\/li>\n<li>Sayf &#8211;\u00a0Tu mi piaci tanto<\/li>\n<li>J-Ax &#8211;\u00a0Italia starter pack<\/li>\n<li>Fedez &amp; Masini &#8211;\u00a0Male necessario<\/li>\n<li>Levante &#8211;\u00a0Sei tu<\/li>\n<li>Samurai Jay &#8211;\u00a0Ossessione<\/li>\n<li>Ermal Meta &#8211;\u00a0Stella stellina<\/li>\n<li>Elettra Lamborghini &#8211;\u00a0Voil\u00e0<\/li>\n<li>Eddie Brock &#8211;\u00a0Avvoltoi<\/li>\n<li>Dargen D&#8217;Amico &#8211;\u00a0Ai ai<\/li>\n<li>Nayt &#8211;\u00a0Prima che<\/li>\n<li>Bambole di pezza &#8211;\u00a0Resta con me<\/li>\n<li>Leo Gassmann &#8211;\u00a0Naturale<\/li>\n<li>Sal da Vinci &#8211;\u00a0Per sempre s\u00ec<\/li>\n<li>Maria Antonietta e Colombre &#8211;\u00a0La felicit\u00e0 e basta<\/li>\n<li>Michele Bravi &#8211;\u00a0Prima o poi<\/li>\n<li>Ditonellapiaga &#8211;\u00a0Che fastidio!<\/li>\n<li>Chiello &#8211;\u00a0Ti penso sempre<\/li>\n<li>Francesco Renga &#8211;\u00a0Il meglio di me<\/li>\n<\/ol>\n<p>Le Nuove Proposte di Sanremo 2026<\/p>\n<p>\n                              Accanto ai Big si esibiranno le<strong>\u00a0Nuove Proposte<\/strong>. Gli artisti che si giocano la vittoria sono quattro. Due di loro hanno ottenuto l&#8217;accesso alla gara trionfando a <strong>Sanremo Giovani 2025<\/strong>: sono\u00a0<a href=\"https:\/\/style.corriere.it\/video\/nicolo-filippucci-nuova-proposta-sanremo-2026-intervista\/\" target=\"_blank\" rel=\"noopener nofollow\" data-wpel-link=\"internal\"><strong>Nicol\u00f2 Filippucci<\/strong><\/a>\u00a0(Laguna) e\u00a0<strong>Angelica Bove<\/strong>\u00a0(Mattone). Con loro, i vincitori di <strong>Area Sanremo 2025<\/strong>. Sono\u00a0<strong>Mazzariello<\/strong>\u00a0(Manifestazione d&#8217;amore) e il trio formato da\u00a0<strong>Blind, El Ma e Soniko<\/strong>\u00a0(Nei miei DM).\n                          <\/p>\n<p>                              <img decoding=\"async\" src=\"https:\/\/www.europesays.com\/it\/wp-content\/uploads\/2026\/02\/sanremo-2026-nuove-proposte.jpg\" loading=\"lazy\" alt=\"Dove vedere Sanremo 2026 in tv, web, radio, social: guida definitiva al 76mo festival, giorno per giorno- immagine 5\" width=\"1280\" height=\"800\"\/><\/p>\n<p class=\"img-caption\"> Le Nuove Proposte di Sanremo 2026: Carlo Conti con Nicol\u00f2 Filippucci, Angelica Bove, Mazzariello ed EL ma Blind Soniko. Foto Getty<\/p>\n<p>\n                              Il Festival di Sanremo 2026 conferma un sistema di voto che combina il giudizio del pubblico con quello di esperti e operatori del settore, basato su tre componenti principali:<strong> televoto del pubblico (34%), tramite SMS da cellulare o chiamata da rete fissa; Giuria della Sala Stampa, TV e Web (33%), composta da giornalisti accreditati di carta stampata, radio, TV e testate online; Giuria delle Radio (33%).<br \/>\n                          <\/strong><\/p>\n<p>\n                              Come si vota serata per serata? <strong>Marted\u00ec 24 i 30 brani vengono votati esclusivamente dalla Giuria della Sala Stampa, TV e Web.<\/strong> Al termine vengono comunicate le prime 5 canzoni in classifica, senza ordine di piazzamento.\n                          <\/p>\n<p>\n                              Nella <strong>seconda e terza serata si esibiscono 15 Campioni,<\/strong> <strong>che saranno votati dal<\/strong> <strong>Televoto con un peso del 50% e dalla Giuria delle Radio<\/strong> con un peso del 50%.\n                          <\/p>\n<p>\n                              Nella <strong>quarta serata delle cover le esibizioni vengono votate da tutte e tre le giurie<\/strong>:<strong> Televoto (34%), Sala Stampa (33%) e Radio (33%).<\/strong> Viene poi proclamato il vincitore della serata, ma la classifica non influisce su quella finale (vale solo per il Fantasanremo).\n                          <\/p>\n<p>\n                              Nella<strong> quinta serata tutti e 30 i brani si rieseguono e vengono votati dalle tre giurie<\/strong> (34% Televoto, 33% Sala Stampa, 33% Radio). Il risultato si somma a quello di tutte le serate precedenti. Si comunicano le prime 5 posizioni senza ordine, poi si vota di nuovo solo tra i 5 finalisti con le stesse percentuali, e quel voto finale decreta il vincitore di Sanremo 2026.\n                          <\/p>\n<blockquote class=\"instagram-media\" data-instgrm-version=\"7\" style=\"background:#FFF;border:0;border-radius:3px;box-shadow:0 0 1px 0 rgba(0,0,0,0.5),0 1px 10px 0 rgba(0,0,0,0.15);margin:1px;max-width:540px;min-width:326px;padding:0;width:99.375%;width:-webkit-calc(100% - 2px);width:calc(100% - 2px)\"><p>\n                          <a href=\"https:\/\/www.instagram.com\/p\/DURHDp2DKB6\/?utm_source=ig_web_copy_link&amp;igsh=MzRlODBiNWFlZA==\" rel=\"nofollow noopener\" target=\"_blank\">\n                        <\/p><\/blockquote>\n<p>                          <b>Sanremo 2026: scaletta, ospiti e co-conduttori della prima serata, marted\u00ec 24 febbraio<\/b><\/p>\n<p>\n                              La prima serata del\u00a0<strong>Festival di Sanremo 2026 \u00e8 dedicata a Pippo Baudo. \u00a0<\/strong>A condurre \u00e8 <strong>Carlo Conti<\/strong>, affiancato da\u00a0<strong>Laura Pausini<\/strong>. Insieme a loro, sale sul palco <strong>Can Yaman<\/strong>. Il super ospite \u00e8 <strong>Tiziano Ferro\u00a0<\/strong>che celebra i 25 anni dall\u2019uscita del singolo Xdono e presenta il nuovo album Sono un grande. L\u2019altro super ospite \u00e8 <a href=\"https:\/\/style.corriere.it\/video\/lo-straordinario-2026-di-max-pezzali-inizia-live-a-sanremo-2026-ma-in-mare\/\" data-wpel-link=\"internal\" rel=\"nofollow noopener\" target=\"_blank\"><strong>Max Pezzali<\/strong> <\/a>che si esibisce dalla nave Costa Toscana (lo far\u00e0 tute le sere): con lui, <strong>Olly<\/strong>, vincitore uscente del festival con Balorda nostalgia.\n                          <\/p>\n<p>                          <b>Sanremo 2026: scaletta, ospiti e co-conduttori della seconda serata, mercoled\u00ec 25 febbraio<\/b><\/p>\n<p>\n                              Mercoled\u00ec 25 febbraio lo show parte con le <strong>Nuove Proposte<\/strong>.\u00a0<strong>Angelica Bove<\/strong>\u00a0con il brano Mattone, <strong>Nicol\u00f2 Filippucci <\/strong>con Laguna , <strong>Mazzariello<\/strong>\u00a0con Manifestazione d&#8217;amore, <strong>Blind, El Ma &amp; Soniko<\/strong>\u00a0con Nei miei DM. Dopo i giovani tornano <strong>15 Big<\/strong>, che saranno votati da radio (50%) e pubblico a casa (50%). Sul palco, accanto a Conti e Pausini, ci saanno <strong>Pilar Fogliati<\/strong>, <a href=\"https:\/\/style.corriere.it\/spettacoli\/musica\/sanremo-2026-laura-pausini-e-achille-lauro-svelano-le-loro-canzoni-preferite-della-storia-della-kermesse\/\" data-wpel-link=\"internal\" rel=\"nofollow noopener\" target=\"_blank\">Achille Lauro<\/a> e\u00a0<strong>Lillo<\/strong>. Nella seconda serata saliranno sul palco tre campionesse olimpiche <strong>Arianna Fontana, Francesca Lollobrigida e Lisa Vittozzi,<\/strong> insieme con due atleti paralimpici <strong>Giacomo Bertagnolli<\/strong> e <strong>Giuliana Turra<\/strong>. In piazza Colombo, al Suzuki Stage, si esibir\u00e0 <strong>Bresh<\/strong>.\n                          <\/p>\n<p>                          <b>Sanremo 2026: scaletta, ospiti e co-conduttori della terza serata, gioved\u00ec 26 febbraio<\/b><\/p>\n<p>\n                              Gioved\u00ec 26 febbraio toccher\u00e0 agli altri 15 Big, con lo stesso sistema di voto della sera precedente. Al termine verr\u00e0 stilata una nuova classifica provvisoria. Poi spazio alla finale delle<strong> Nuove Proposte<\/strong>. Co-conduttrice della serata sar\u00e0<strong>\u00a0<a href=\"https:\/\/style.corriere.it\/moda\/news\/milano-fashion-week-sanremo-2026\/\" target=\"_blank\" rel=\"noopener nofollow\" data-wpel-link=\"internal\">Irina Shayk<\/a><\/strong>, dopo il passo indietro di Andrea Pucci. Gli ospiti internazionali saranno <a href=\"https:\/\/style.corriere.it\/attualita\/celebrity\/eros-ramazzotti-versi-canzoni\/\" target=\"_blank\" rel=\"noopener nofollow\" data-wpel-link=\"internal\"><strong>Eros Ramazzotti<\/strong><\/a>\u00a0e\u00a0<strong>Alicia Keys<\/strong>, mentre dal Suzuki Stage si collegheranno\u00a0<strong>The Kolors<\/strong>.\n                          <\/p>\n<p>                          <b>SANREMO 2025: scaletta, ospiti e co-conduttori della quarta serata, venerd\u00ec 27 febbraio <\/b><\/p>\n<p>\n                              <b>La quarta serata <\/b>sar\u00e0 dedicata ai duetti e alle cover<b>. <\/b>Sul palco salir\u00e0 come co-conduttrice<b> Bianca Balti.<\/b><\/p>\n<ul>\n<li><b\/><b> Arisa<\/b> con Il Coro Teatro Regio di Parma \u2013 Quello che le donne non dicono<\/li>\n<li><b\/><b> Bambole di Pezza<\/b> con Cristina D\u2019Avena \u2013 Occhi di gatto<\/li>\n<li><b\/><b> Chiello<\/b> con il pianista Saverio Cigarini (non ci sar\u00e0 pi\u00f9 Morgan)\u2013 Mi sono innamorato di te<\/li>\n<li><b\/><b> Dargen D\u2019Amico<\/b> con Pupo e Fabrizio Bosso \u2013 Su di noi<\/li>\n<li><b\/><b> Ditonellapiaga<\/b> con TonyPitony -The lady is a tramp<\/li>\n<li><b\/><b> Eddie Brock<\/b> con Fabrizio Moro \u2013 Portami via<\/li>\n<li><b\/><b> Elettra Lamborghini<\/b> con le Las Ketchup \u2013 Aserej\u00e9<\/li>\n<li><b\/><b> Enrico Nigiotti<\/b> con Alfa \u2013 En e Xanax<\/li>\n<li><b\/><b> Ermal Meta<\/b> con Dardust \u2013 Golden hour<\/li>\n<li><b\/><b> Fedez &amp; Masini<\/b> con Stjepan Hauser \u2013 Meravigliosa creatura<\/li>\n<li><b\/><b> Francesco Renga<\/b>\u00a0con Giusy Ferreri \u2013 Ragazzo solo, ragazza sola<\/li>\n<li><b\/><b> Fulminacci<\/b> con Francesca Fagnani \u2013 Parole, parole<\/li>\n<li><b\/><b> J-Ax<\/b> con Ligera County Fam. \u2013 E la vita, la vita<\/li>\n<li><b\/><b> LDA &amp; Aka 7even<\/b> con Tullio De Piscopo \u2013 Andamento lento<\/li>\n<li><b\/><b> Leo Gassmann<\/b> con Aiello \u2013 Era gi\u00e0 tutto previsto<\/li>\n<li><b\/><b> Levante<\/b> con Gaia \u2013 I maschi<\/li>\n<li><b\/><b> Luch\u00e8<\/b> con Gianluca Grignani \u2013 Falco a met\u00e0<\/li>\n<li><b\/><b> Malika Ayane<\/b> con Claudio Santamaria \u2013 Mi sei scoppiato dentro il cuore<\/li>\n<li><b\/><b> Mara Sattei<\/b> con Mecna \u2013 L\u2019ultimo bacio<\/li>\n<li><b\/><b> Maria Antonietta &amp; Colombre<\/b> con Brunori Sas \u2013 Il mondo<\/li>\n<li><b\/><b> Michele Bravi<\/b> con Fiorella Mannoia \u2013 Domani \u00e8 un altro giorno<\/li>\n<li><b\/><b> Nayt<\/b> con Joan Thiele \u2013 La canzone dell\u2019amore perduto<\/li>\n<li><b\/><b> Patty Pravo<\/b> con Timofej Andrijashenko \u2013 Ti lascio una canzone<\/li>\n<li><b\/><b> Raf<\/b> con i The Kolors \u2013 The riddle<\/li>\n<li><b\/><b> Sal Da Vinci<\/b> con Michele Zarrillo \u2013 Cinque giorni<\/li>\n<li><b\/><b> Samurai Jay<\/b> con Bel\u00e9n Rodr\u00edguez e Roy Paci \u2013 Baila morena<\/li>\n<li><b\/><b> Sayf<\/b> con Alex Britti e Mario Biondi \u2013 Hit the road Jack<\/li>\n<li><b\/><b> Serena Brancale<\/b> con Gregory Porter e Delia \u2013 Besame mucho<\/li>\n<li><b\/><b> Tommaso Paradiso<\/b> con gli Stadio \u2013 L\u2019ultima luna<\/li>\n<li><b\/><b> Tredici Pietro<\/b> con Galeffi, Fudasca &amp; Band \u2013 Vita<\/li>\n<\/ul>\n<p>\u00a0<\/p>\n<p>                              <img decoding=\"async\" src=\"https:\/\/www.europesays.com\/it\/wp-content\/uploads\/2026\/02\/sanremo-2026-30-big-in-gara-al-festival.jpg\" loading=\"lazy\" alt=\"sanremo 2026 BIG: 30 cantanti in gara al festival\" width=\"1280\" height=\"800\"\/><\/p>\n<p class=\"img-caption\"> I 30 BIG di Sanremo 2026. Foto ANSA<\/p>\n<p>                          <b>Scaletta, ospiti, co-conduttori e classifiche della serata finale di Sanremo 2026, sabato 28 febbraio<\/b><\/p>\n<p>\n                                Novit\u00e0, curiosit\u00e0 e approfondimenti.<br \/>Per essere sempre aggiornato<br \/>attraverso il punto di vista di chi<br \/>la<br \/>\n                                moda la vive dall&#8217;interno.\n                              <\/p>\n<p>                              <img loading=\"lazy\" decoding=\"async\" src=\"https:\/\/www.europesays.com\/it\/wp-content\/uploads\/2025\/07\/newsletter-bg-horizontal.png\" alt=\"\" title=\"\" width=\"640\" height=\"165\"\/><\/p>\n<p>\n                              Sabato 28 febbraio \u00e8 in programma la grande finale del<strong> Festival della canzone italiana<\/strong>. La co-conduttrice accanto a Carlo Conti \u00e8 la giornalista <b>Giorgia Cardinaletti<\/b>, il super ospite\u00a0<b>Andrea Bocelli<\/b>. Tornano a esibirsi tutti e 30 cantanti in gara, votati dalle tre giurie. Il risultato di questa votazione sar\u00e0 sommato al risultato delle votazioni delle serate precedenti. La votazione sulle cinque canzoni finaliste decreter\u00e0 la vincitrice o il vincitore del Festival di Sanremo 2026.\n                          <\/p>\n<p>                <script async src=\"\/\/www.instagram.com\/embed.js\"><\/script><\/p>\n","protected":false},"excerpt":{"rendered":"Carlo Conti, direttore artistico e conduttore (uscente) di Sanremo 2026, che andr\u00e0 in onda dal 24 al 28&hellip;\n","protected":false},"author":3,"featured_media":367230,"comment_status":"","ping_status":"","sticky":false,"template":"","format":"standard","meta":{"footnotes":"","_share_on_mastodon":"0"},"categories":[1444],"tags":[5781,2719,71344,4008,87,5831,46223,212514,2700,75278,128510,175580,194474,41478,8807,11185,18469,212515,212516,21483,212517,212518,139625,149237,31678,6512,141016,120217,153225,212519,50322,44392,17174,23153,61918,59193,2773,1500,11344,16371,8115,9797,2387,5216,631,1932,594,15948,45400,1396,1411,6985,32868,8348,5631,33473,2730,203,28945,626,451,1595,212499,212500,4631,20575,153233,1426,3086,228,629,5302,196919,17773,212496,3453,6272,204,1537,90,89,61722,1427,206265,153234,4559,202716,28075,176110,2508,103268,212506,23892,9167,212507,17191,9424,212491,2298,5543,202715,152544,212508,6558,3237,17299,212509,179,8835,14384,212497,120588,4061,2848,23990,212510,6811,2841,199904,18,28708,9143,212501,212494,212495,212502,7600,212492,212493,2521,159076,22479,9065,212511,212512,18637,212513,2936,1686,157539,33372,38659,408,252,26549,148453,18894,212503,4887,193246,84141,3586,202055,628,7582,253,103272,409,7914,2959,212504,212505,12363,14862,212498,2424,6124],"class_list":["post-367229","post","type-post","status-publish","format-standard","has-post-thumbnail","category-tv","tag-accanto","tag-account","tag-aka","tag-amico","tag-amore","tag-andra","tag-andra-onda","tag-andra-onda-febbraio","tag-andrea","tag-angelica","tag-angelica-bove","tag-antonietta","tag-antonietta-colombre","tag-ariston","tag-artisti","tag-artistico","tag-ascoltare","tag-ascoltare-festival","tag-ascoltare-festival-sanremo","tag-assistere","tag-assistere-evento","tag-assistere-evento-televisivo","tag-ax","tag-ayane","tag-baudo","tag-big","tag-big-gara","tag-blind","tag-blind-el","tag-blind-el-soniko","tag-bove","tag-brancale","tag-brani","tag-bravi","tag-bresh","tag-brock","tag-canale","tag-canali","tag-canali-ufficiali","tag-cantanti","tag-canzone","tag-canzoni","tag-carlo","tag-carlo-conti","tag-cinque","tag-classifica","tag-colombo","tag-conduttore","tag-conduttori","tag-conduttrice","tag-conti","tag-costa","tag-cover","tag-dedicata","tag-diretta","tag-dopofestival","tag-el","tag-entertainment","tag-esibizioni","tag-eventi","tag-evento","tag-febbraio","tag-febbraio-sanremo","tag-febbraio-sanremo-scaletta","tag-festival","tag-festival-sanremo","tag-filippucci","tag-finale","tag-formato","tag-foto","tag-gara","tag-giovedi","tag-giovedi-febbraio","tag-giuria","tag-giurie","tag-guida","tag-interviste","tag-intrattenimento","tag-it","tag-italia","tag-italy","tag-kolors","tag-martedi","tag-martedi-febbraio","tag-mazzariello","tag-mercoledi","tag-mercoledi-febbraio","tag-nicolo","tag-nicolo-filippucci","tag-nuove","tag-nuove-proposte","tag-nuove-proposte-sanremo","tag-on","tag-onda","tag-onda-febbraio","tag-ospite","tag-ospiti","tag-ospiti-conduttori","tag-palco","tag-piazza","tag-piazza-colombo","tag-primafestival","tag-primafestival-dopofestival","tag-principali","tag-pronti","tag-proposte","tag-proposte-sanremo","tag-pubblico","tag-puntate","tag-quarta","tag-quarta-serata","tag-rada","tag-radio","tag-rai","tag-raiplay","tag-raiplay-sound","tag-risultato","tag-sabato","tag-sabato-febbraio","tag-sala","tag-sala-stampa","tag-sanremo","tag-sanremo-febbraio","tag-sanremo-scaletta","tag-sanremo-scaletta-ospiti","tag-sanremo-tv","tag-scaletta","tag-scaletta-ospiti","tag-scaletta-ospiti-conduttori","tag-seconda","tag-seconda-serata","tag-seguire","tag-serata","tag-serata-martedi","tag-serata-serata","tag-serate","tag-serate-sanremo","tag-show","tag-social","tag-soniko","tag-sound","tag-stage","tag-stampa","tag-streaming","tag-super","tag-super-ospite","tag-suzuki","tag-suzuki-stage","tag-teatro","tag-teatro-ariston","tag-televoto","tag-terza","tag-terza-serata","tag-the","tag-the-kolors","tag-tv","tag-tv-web","tag-ufficiale","tag-ufficiali","tag-vedere","tag-vedere-sanremo","tag-vedere-sanremo-tv","tag-vengono","tag-vincitore","tag-votati","tag-voto","tag-web"],"share_on_mastodon":{"url":"","error":"Validation failed: Text character limit of 500 exceeded"},"_links":{"self":[{"href":"https:\/\/www.europesays.com\/it\/wp-json\/wp\/v2\/posts\/367229","targetHints":{"allow":["GET"]}}],"collection":[{"href":"https:\/\/www.europesays.com\/it\/wp-json\/wp\/v2\/posts"}],"about":[{"href":"https:\/\/www.europesays.com\/it\/wp-json\/wp\/v2\/types\/post"}],"author":[{"embeddable":true,"href":"https:\/\/www.europesays.com\/it\/wp-json\/wp\/v2\/users\/3"}],"replies":[{"embeddable":true,"href":"https:\/\/www.europesays.com\/it\/wp-json\/wp\/v2\/comments?post=367229"}],"version-history":[{"count":0,"href":"https:\/\/www.europesays.com\/it\/wp-json\/wp\/v2\/posts\/367229\/revisions"}],"wp:featuredmedia":[{"embeddable":true,"href":"https:\/\/www.europesays.com\/it\/wp-json\/wp\/v2\/media\/367230"}],"wp:attachment":[{"href":"https:\/\/www.europesays.com\/it\/wp-json\/wp\/v2\/media?parent=367229"}],"wp:term":[{"taxonomy":"category","embeddable":true,"href":"https:\/\/www.europesays.com\/it\/wp-json\/wp\/v2\/categories?post=367229"},{"taxonomy":"post_tag","embeddable":true,"href":"https:\/\/www.europesays.com\/it\/wp-json\/wp\/v2\/tags?post=367229"}],"curies":[{"name":"wp","href":"https:\/\/api.w.org\/{rel}","templated":true}]}}