{"id":367605,"date":"2026-02-24T01:43:10","date_gmt":"2026-02-24T01:43:10","guid":{"rendered":"https:\/\/www.europesays.com\/it\/367605\/"},"modified":"2026-02-24T01:43:10","modified_gmt":"2026-02-24T01:43:10","slug":"il-sintomo-che-eric-dane-aveva-ignorato-prima-della-diagnosi-di-sla","status":"publish","type":"post","link":"https:\/\/www.europesays.com\/it\/367605\/","title":{"rendered":"Il sintomo che Eric Dane aveva ignorato prima della diagnosi di SLA"},"content":{"rendered":"<p class=\"has-dropcap\">Per molti rimasto l&#8217;affascinante <strong>Dr. Mark Sloan<\/strong> di <a href=\"https:\/\/www.vanityfair.it\/show\/tv\/2020\/05\/04\/greys-anatomy-reunion-patrick-dempsey-eric-dane-quarantena\" rel=\"nofollow noopener\" target=\"_blank\">Grey\u2019s Anatomy<\/a>, <strong><a href=\"https:\/\/www.vanityfair.it\/article\/morto-eric-dane-star-greys-anatomy-euphoria\" target=\"_blank\" rel=\"nofollow noopener\">Eric Dane<\/a> \u00e8 morto il 19 febbraio all\u2019et\u00e0 di 53 ann<\/strong>i, nemmeno un anno dopo essersi aperto con i media sulla sua <strong>diagnosi di SLA<\/strong>. Ma i primi, subdoli <strong>segnali della malattia<\/strong>, come spesso accade, si erano manifestati parecchio tempo prima. Circa <strong>diciotto mesi prima di ricevere la diagnosi<\/strong> ufficiale da parte dei medici, l&#8217;americano <a href=\"https:\/\/www.vanityfair.it\/article\/morto-eric-dane-star-greys-anatomy-euphoria\" rel=\"nofollow noopener\" target=\"_blank\">Eric Dane<\/a> aveva infatti iniziato a notare <strong>qualche anomalia<\/strong>, anche se inizialmente <strong>aveva sottovalutato<\/strong> la cosa. Durante una toccante intervista televisiva a <a data-offer-url=\"https:\/\/www.goodmorningamerica.com\/\" class=\"external-link\" data-event-click=\"{&quot;element&quot;:&quot;ExternalLink&quot;,&quot;outgoingURL&quot;:&quot;https:\/\/www.goodmorningamerica.com\/&quot;}\" href=\"https:\/\/www.goodmorningamerica.com\/\" rel=\"nofollow noopener\" target=\"_blank\"><strong>Good Morning America<\/strong><\/a> rilasciata lo scorso giugno, Eric Dane aveva ammesso: <strong>\u00abAvevo cominciato a percepire una certa debolezza nella mano destra, ma all\u2019inizio non ci avevo dato peso\u00bb.<\/strong> Quindi, nel corso dell&#8217;intervista, aveva aggiunto: \u00ab<strong>Mi dicevo che forse avevo usato troppo il telefonino<\/strong> o che la mia mano fosse semplicemente affaticata. Ma qualche settimana dopo, <strong>ho capito che la situazione stava peggiorando<\/strong>\u00bb.<\/p>\n<p>Eric Dane e la SLA: dal primo segnale della mano indebolita alla diagnosi<\/p>\n<p>Da quelle prime, insospettabili avvisaglie aveva avuto inizio un lungo e frustrante percorso di visite mediche per capire che cosa stava accadendo. \u00ab<strong>Prima sono andato da uno specialista della mano, che mi ha mandato da un altro specialista.<\/strong> Quindi mi hanno dato una visita con un neurologo, che mi ha rimandato a un altro collega, il quale mi ha detto: <strong>\u201cQuesta situazione va oltre le mie competenze<\/strong>\u201d\u00bb. Dopo nove mesi di visite una via l&#8217;altra, l&#8217;attore Eric Dane ha ricevuto la diagnosi definitiva: <strong>sclerosi laterale amiotrofica (<a href=\"https:\/\/www.vanityfair.it\/article\/sla-la-malattia-che-ha-causato-la-morte-a-53-anni-dellattore-eric-dane-a-che-punto-e-la-ricerca-sulle-cure-e-il-trattamento-della-sclerosi-laterale-amiotrofica\" rel=\"nofollow noopener\" target=\"_blank\">SLA<\/a>)<\/strong>, una <a href=\"https:\/\/www.vanityfair.it\/article\/sla-la-malattia-che-ha-causato-la-morte-a-53-anni-dellattore-eric-dane-a-che-punto-e-la-ricerca-sulle-cure-e-il-trattamento-della-sclerosi-laterale-amiotrofica\" target=\"_blank\" rel=\"nofollow noopener\">malattia neurodegenerativa rara e progressiva che <strong>colpisce le cellule nervose del cervello e del midollo spinale<\/strong><\/a>, rendendo sempre pi\u00f9 difficile muoversi, parlare, mangiare e, nella fase terminale, respirare.<\/p>\n<p>I primi segnali di SLA sono spesso subdoli e fraintesi con normale stanchezza<\/p>\n<p>Come la vicenda di Eric Dane insegna, <strong>i sintomi iniziali della <a href=\"https:\/\/www.vanityfair.it\/article\/sla-avrebbe-origine-autoimmune-nuovo-studio-cosa-significa\" rel=\"nofollow noopener\" target=\"_blank\">SLA<\/a> possono essere subdoli<\/strong> e di non facile individuazione, tanto da venire presi sotto gamba dallo stesso paziente. Secondo quanto si legge in un approfondimento dell&#8217;<a data-offer-url=\"https:\/\/www.hsr.it\/\" class=\"external-link\" data-event-click=\"{&quot;element&quot;:&quot;ExternalLink&quot;,&quot;outgoingURL&quot;:&quot;https:\/\/www.hsr.it\/&quot;}\" href=\"https:\/\/www.hsr.it\/\" rel=\"nofollow noopener\" target=\"_blank\"><strong>Ospedale San Raffaele<\/strong><\/a>, \u00abLa SLA si manifesta inizialmente con <strong>sintomi subdoli e spesso aspecifici<\/strong>, che possono variare a seconda delle aree del sistema nervoso coinvolte. Riconoscere i primi segnali \u00e8 cruciale per una diagnosi precoce. Questi sono: <strong>debolezza muscolare localizzata spesso in un arto<\/strong> (per esempio, con difficolt\u00e0 a sollevare un oggetto o a camminare) o nella muscolatura facciale; <strong>crampi e fascicolazioni<\/strong>, con movimenti involontari dei muscoli, percepiti come contrazioni rapide; alterazioni nella voce, <strong>cambiamenti nella capacit\u00e0 di parlare chiaramente<\/strong>, con difficolt\u00e0 di articolazione o tono nasale; rigidit\u00e0 e spasticit\u00e0, con contrazioni muscolari rigide e movimenti limitati. I <strong>sintomi sensitivi<\/strong> (formicolii, perdita di sensibilit\u00e0) <strong>non sono assolutamente tipici della SLA<\/strong> e la loro presenza dovrebbe indirizzare il medico verso altre possibili diagnosi. Poich\u00e9 questi sintomi possono sovrapporsi ad altre condizioni, \u00e8 fondamentale in ogni caso <strong>rivolgersi a un medico specialista<\/strong> per un adeguato inquadramento\u00bb.<\/p>\n","protected":false},"excerpt":{"rendered":"Per molti rimasto l&#8217;affascinante Dr. Mark Sloan di Grey\u2019s Anatomy, Eric Dane \u00e8 morto il 19 febbraio all\u2019et\u00e0&hellip;\n","protected":false},"author":3,"featured_media":367606,"comment_status":"","ping_status":"","sticky":false,"template":"","format":"standard","meta":{"footnotes":"","_share_on_mastodon":"0"},"categories":[1451],"tags":[1621,1620,203,91260,204,1537,90,89,370,240,17926],"class_list":["post-367605","post","type-post","status-publish","format-standard","has-post-thumbnail","category-celebrita","tag-celebrita","tag-celebrities","tag-entertainment","tag-eric-dane","tag-intrattenimento","tag-it","tag-italia","tag-italy","tag-malattia","tag-salute","tag-star-nel-privato"],"share_on_mastodon":{"url":"https:\/\/pubeurope.com\/@it\/116123074861961139","error":""},"_links":{"self":[{"href":"https:\/\/www.europesays.com\/it\/wp-json\/wp\/v2\/posts\/367605","targetHints":{"allow":["GET"]}}],"collection":[{"href":"https:\/\/www.europesays.com\/it\/wp-json\/wp\/v2\/posts"}],"about":[{"href":"https:\/\/www.europesays.com\/it\/wp-json\/wp\/v2\/types\/post"}],"author":[{"embeddable":true,"href":"https:\/\/www.europesays.com\/it\/wp-json\/wp\/v2\/users\/3"}],"replies":[{"embeddable":true,"href":"https:\/\/www.europesays.com\/it\/wp-json\/wp\/v2\/comments?post=367605"}],"version-history":[{"count":0,"href":"https:\/\/www.europesays.com\/it\/wp-json\/wp\/v2\/posts\/367605\/revisions"}],"wp:featuredmedia":[{"embeddable":true,"href":"https:\/\/www.europesays.com\/it\/wp-json\/wp\/v2\/media\/367606"}],"wp:attachment":[{"href":"https:\/\/www.europesays.com\/it\/wp-json\/wp\/v2\/media?parent=367605"}],"wp:term":[{"taxonomy":"category","embeddable":true,"href":"https:\/\/www.europesays.com\/it\/wp-json\/wp\/v2\/categories?post=367605"},{"taxonomy":"post_tag","embeddable":true,"href":"https:\/\/www.europesays.com\/it\/wp-json\/wp\/v2\/tags?post=367605"}],"curies":[{"name":"wp","href":"https:\/\/api.w.org\/{rel}","templated":true}]}}