{"id":368463,"date":"2026-02-24T16:48:14","date_gmt":"2026-02-24T16:48:14","guid":{"rendered":"https:\/\/www.europesays.com\/it\/368463\/"},"modified":"2026-02-24T16:48:14","modified_gmt":"2026-02-24T16:48:14","slug":"e-per-il-futuro-delle-sue-figlie","status":"publish","type":"post","link":"https:\/\/www.europesays.com\/it\/368463\/","title":{"rendered":"\u201c\u00c8 per il futuro delle sue figlie\u201d"},"content":{"rendered":"<p><strong>Eric Dane<\/strong> \u00e8 stato per anni uno di quei volti capaci di far sospirare il pubblico femminile e, allo stesso tempo, di conquistarlo con personaggi intensi e imperfetti. Dal fascino magnetico del dottor Sloan in Grey\u2019s Anatomy fino ai ruoli pi\u00f9 maturi degli ultimi anni, la sua carriera ha sempre alternato successo televisivo e momenti personali complessi. Dietro l\u2019immagine da star, per\u00f2, c\u2019era soprattutto un uomo molto legato alla famiglia, in particolare <strong>alle sue figlie<\/strong>, che considerava il centro della propria vita. Ed \u00e8 proprio questa dimensione privata, oggi, a riportare il suo nome al centro dell\u2019attenzione.<\/p>\n<p>Eric Dane, la famiglia si apre alle donazioni per il futuro delle figlie<\/p>\n<p>La <a href=\"https:\/\/dilei.it\/vip\/eric-dane-morto\/2167870\/\" rel=\"nofollow noopener\" target=\"_blank\">scomparsa di Eric Dane<\/a> ha colpito profondamente il mondo dello spettacolo, ma soprattutto ha acceso i riflettori su una dimensione pi\u00f9 intima e fragile della sua vita, quella di <strong>Eric in veste di padre<\/strong>. Noto al grande pubblico per ruoli diventati iconici in serie amatissime come Grey\u2019s Anatomy ed Euphoria, l\u2019attore aveva sempre cercato di mantenere un equilibrio tra carriera e famiglia, e proprio alle sue figlie era legato in modo viscerale. Ora, dopo la sua morte, la famiglia <strong>ha chiesto aiuto<\/strong> proprio per il futuro delle bambine.<\/p>\n<p>Negli ultimi anni, dopo aver reso pubblica <strong>la diagnosi di SLA<\/strong>, Dane aveva <a href=\"https:\/\/dilei.it\/bellastoria\/eric-dane-ultima-intervista-testamento-parole-commoventi-figlie\/2174602\/\" rel=\"nofollow noopener\" target=\"_blank\">affrontato la malattia con una dignit\u00e0<\/a> che aveva colpito fan e colleghi, scegliendo di raccontare la propria condizione senza retorica ma con una lucidit\u00e0 che lasciava trasparire la sua priorit\u00e0 assoluta: <strong>garantire stabilit\u00e0 e serenit\u00e0 alle ragazze<\/strong> anche in un futuro senza di lui.<\/p>\n<p>\u00c8 in questo contesto che, dopo la sua morte, amici e persone a lui vicine hanno deciso di attivarsi concretamente lanciando una <strong>raccolta fondi online<\/strong> destinata proprio alle figlie, con l\u2019obiettivo di assicurare loro supporto economico e continuit\u00e0 in un momento gi\u00e0 segnato dal dolore.<\/p>\n<p>\u201cQualsiasi contributo, indipendentemente dall\u2019importo, aiuter\u00e0 a garantire stabilit\u00e0 in questo momento incredibilmente difficile\u201d, recita la nota sul sito di <strong>GoFundMe<\/strong> che si \u00e8 posta come obbiettivo <strong>500mila dollari<\/strong>. In poche ore la campagna ha iniziato a circolare tra fan e addetti ai lavori, raccogliendo adesioni e donazioni che raccontano quanto l\u2019attore fosse stimato non solo per il suo talento, ma per il suo lato umano.<\/p>\n<p>Tra i contributi pi\u00f9 importanti finora quelli di <strong>Sam Levinson<\/strong>, creatore di Euphoria, serie in cui Dane ha recitato, e della moglie<strong> Ashley<\/strong>, che avrebbero donato circa 27mila dollari, e quello di <strong>Brad Falchuk<\/strong>, co-creatore di Glee e marito di <a href=\"https:\/\/dilei.it\/star-e-vip\/gwyneth-paltrow\/\" rel=\"nofollow noopener\" target=\"_blank\">Gwyneth Paltrow<\/a>, che ha donato 10mila dollari.<\/p>\n<p>Eric Dane come James Van Der Beek tra solidariet\u00e0 e qualche polemica<\/p>\n<p>La storia della raccolta fondi aperta dalla famiglia di Eric Dane ricorda molto quanto accaduto recentemente ad un altro attore molto famoso ed amato, <a href=\"https:\/\/dilei.it\/vip\/james-van-der-beek-morto\/2149865\/\" rel=\"nofollow noopener\" target=\"_blank\">James Van Der Beek<\/a>, il celebre <strong>Dawson<\/strong> dell\u2019omonima serie cult Dawson\u2019s Creek. Dopo aver lungamente combattuto contro un <strong>tumore al color<\/strong>, James \u00e8 venuto a mancare lasciando un vuoto incolmabile nel mondo del cinema e nella sua famiglia.<\/p>\n<p>Anche lui padre di 4 figli, ha lasciato un <a href=\"https:\/\/dilei.it\/vip\/james-van-der-beek-figli-futuro-incerto-raccolta-fondi\/2154844\/\" rel=\"nofollow noopener\" target=\"_blank\">futuro incerto per la sua famigli<\/a>a che si \u00e8 subito attivata per una <strong>raccolta fondi in loro sostegno.<\/strong><\/p>\n<p>Come per Van Der Beek, anche per Dane la questione della raccolta fondi ha aperto anche un dibattito pi\u00f9 ampio, tipico quando si parla di celebrit\u00e0: alcuni si chiedono se sia giusto ricorrere al <strong>crowdfunding<\/strong> per una famiglia legata a Hollywood, mentre altri sottolineano come malattie lunghe e complesse possano prosciugare risorse enormi, indipendentemente dalla fama o dal successo passato.<\/p>\n<p>In realt\u00e0, al di l\u00e0 delle discussioni, ci\u00f2 che emerge \u00e8 un <strong>sentimento collettivo di partecipazione<\/strong>, come se il pubblico avesse percepito la dimensione reale e vulnerabile della vicenda. Eric Dane, negli ultimi mesi, non era pi\u00f9 solo il volto di personaggi affascinanti e tormentati, ma un uomo che combatteva contro il tempo cercando di restare presente nella vita delle figlie il pi\u00f9 possibile.<\/p>\n<p>Chi lo conosceva racconta che, anche quando la malattia avanzava, parlava di loro come della sua pi\u00f9 grande responsabilit\u00e0 e del suo orgoglio pi\u00f9 profondo. Ed \u00e8 proprio questa immagine che sembra aver spinto tante persone a mobilitarsi: non quella della star, ma quella di un padre che voleva lasciare <strong>qualcosa di solido alle proprie ragazze.<\/strong><\/p>\n<p class=\"tp04__text\">\n\t\t\t\tScopri i personaggi in trend, le storie del momento e molto altro.<br \/>Dove? Sul <a href=\"https:\/\/whatsapp.com\/channel\/0029Vb68mVyHVvTWezDm7d0R\" target=\"_blank\" rel=\"noopener nofollow\">canale WhatsApp di DiLei!<\/a>\n\t\t\t<\/p>\n<p>\t\t\t<a class=\"buttonCall\" href=\"https:\/\/whatsapp.com\/channel\/0029Vb68mVyHVvTWezDm7d0R\" target=\"_blank\" rel=\"noopener nofollow\" title=\"Seguici su WhatsApp\"><br \/>\n\t\t\t\tSeguici su WhatsApp<br \/>\n\t\t\t<\/a><\/p>\n","protected":false},"excerpt":{"rendered":"Eric Dane \u00e8 stato per anni uno di quei volti capaci di far sospirare il pubblico femminile e,&hellip;\n","protected":false},"author":3,"featured_media":368464,"comment_status":"","ping_status":"","sticky":false,"template":"","format":"standard","meta":{"footnotes":"","_share_on_mastodon":"0"},"categories":[1451],"tags":[1621,1620,203,91260,1909,204,1537,90,89,86],"class_list":["post-368463","post","type-post","status-publish","format-standard","has-post-thumbnail","category-celebrita","tag-celebrita","tag-celebrities","tag-entertainment","tag-eric-dane","tag-famiglia","tag-intrattenimento","tag-it","tag-italia","tag-italy","tag-vip"],"share_on_mastodon":{"url":"https:\/\/pubeurope.com\/@it\/116126633452017712","error":""},"_links":{"self":[{"href":"https:\/\/www.europesays.com\/it\/wp-json\/wp\/v2\/posts\/368463","targetHints":{"allow":["GET"]}}],"collection":[{"href":"https:\/\/www.europesays.com\/it\/wp-json\/wp\/v2\/posts"}],"about":[{"href":"https:\/\/www.europesays.com\/it\/wp-json\/wp\/v2\/types\/post"}],"author":[{"embeddable":true,"href":"https:\/\/www.europesays.com\/it\/wp-json\/wp\/v2\/users\/3"}],"replies":[{"embeddable":true,"href":"https:\/\/www.europesays.com\/it\/wp-json\/wp\/v2\/comments?post=368463"}],"version-history":[{"count":0,"href":"https:\/\/www.europesays.com\/it\/wp-json\/wp\/v2\/posts\/368463\/revisions"}],"wp:featuredmedia":[{"embeddable":true,"href":"https:\/\/www.europesays.com\/it\/wp-json\/wp\/v2\/media\/368464"}],"wp:attachment":[{"href":"https:\/\/www.europesays.com\/it\/wp-json\/wp\/v2\/media?parent=368463"}],"wp:term":[{"taxonomy":"category","embeddable":true,"href":"https:\/\/www.europesays.com\/it\/wp-json\/wp\/v2\/categories?post=368463"},{"taxonomy":"post_tag","embeddable":true,"href":"https:\/\/www.europesays.com\/it\/wp-json\/wp\/v2\/tags?post=368463"}],"curies":[{"name":"wp","href":"https:\/\/api.w.org\/{rel}","templated":true}]}}