{"id":368530,"date":"2026-02-24T17:45:20","date_gmt":"2026-02-24T17:45:20","guid":{"rendered":"https:\/\/www.europesays.com\/it\/368530\/"},"modified":"2026-02-24T17:45:20","modified_gmt":"2026-02-24T17:45:20","slug":"mercoledi-winona-ryder-sara-nella-terza-stagione-della-serie-tv-di-tim-burton","status":"publish","type":"post","link":"https:\/\/www.europesays.com\/it\/368530\/","title":{"rendered":"Mercoled\u00ec, Winona Ryder sar\u00e0 nella terza stagione della serie tv di Tim Burton"},"content":{"rendered":"<p>Sono iniziate a Dublino le riprese della terza stagione di Mercoled\u00ec, la serie dei record su Netflix. Nel cast arrivano Winona Ryder, Chris Sarandon e Noah Taylor, insieme a Eva Green nei panni di Ophelia. Tim Burton torna alla regia e promette nuovi segreti della Famiglia Addams e incubi ancora pi\u00f9 oscuri alla Nevermore Academy<\/p>\n<p>Sono ufficialmente iniziate a Dublino, in Irlanda, le riprese della terza stagione di <strong>Mercoled\u00ec<\/strong>, la serie dei record che ha riscritto le gerarchie dell\u2019intrattenimento globale su Netflix. E se l\u2019avvio del set basta gi\u00e0 a scaldare i fan, la notizia che accende davvero l\u2019immaginazione \u00e8 un\u2019altra: nel cast entra <strong>Winona Ryder<\/strong>, icona gotica per generazioni, pronta a immergersi nel mondo cupo e ironico della Nevermore Academy.<\/p>\n<p>Con lei si aggiungono <strong>Chris Sarandon<\/strong>, <strong>Noah Taylor<\/strong>, Oscar Morgan e Kennedy Moyer, nuove presenze che promettono di espandere ulteriormente l\u2019universo narrativo della famiglia pi\u00f9 macabra della cultura pop. Un\u2019espansione che non \u00e8 semplice decorazione, ma dichiarazione d\u2019intenti.<\/p>\n<p>\t\t \tDublino diventa Nevermore<\/p>\n<p>La terza stagione prende forma in Irlanda, scelta che rafforza l\u2019estetica gotica e brumosa che ha contribuito al successo della serie. Castelli, nebbie, pietra antica: elementi che sembrano usciti da un sogno vittoriano filtrato dall\u2019immaginario dark contemporaneo.<\/p>\n<p>I creatori e showrunner <strong>Alfred Gough<\/strong> e <strong>Miles Millar<\/strong> parlano di \u201coscuro piacere\u201d nel riaprire i cancelli della Nevermore Academy. E promettono nuovi studenti, nuovi insegnanti e soprattutto segreti della Famiglia Addams rimasti a lungo sepolti. Un avvertimento che suona come una carezza e una minaccia insieme.<\/p>\n<p>La serie, mystery investigativo dalle tinte soprannaturali, ha raccontato finora gli anni di Mercoled\u00ec Addams come studentessa fuori dagli schemi. Ma la sensazione \u00e8 che la terza stagione voglia andare oltre il semplice enigma settimanale, scavando nella genealogia emotiva e simbolica del clan Addams.<\/p>\n<p>\t\t\t<a class=\"c-inline-card j-inline-card c-inline-card--with-image\" href=\"https:\/\/tg24.sky.it\/spettacolo\/serie-tv\/2025\/11\/26\/mercoledi-3-eva-green\" rel=\"follow nofollow noopener\" data-intcmp=\"skytg24_articolo_approfondimenti_inline\" target=\"_blank\"><\/p>\n<p>\t\t\t         <img decoding=\"async\" crossorigin=\"anonymous\" alt=\"\" src=\"https:\/\/www.europesays.com\/it\/wp-content\/uploads\/2026\/02\/green-g.jpg\"  loading=\"lazy\"  bad-src=\"https:\/\/www.europesays.com\/it\/wp-content\/uploads\/2026\/02\/green-g.jpg\"\/><\/p>\n<p>\n\t\t\t         Approfondimento<br \/>\n\t\t\t         Mercoled\u00ec 3, Eva Green si unisce al cast nel ruolo pi\u00f9 atteso\n\t\t\t      <\/p>\n<p>\t\t\t<\/a><\/p>\n<p>             Non visualizzi questo contenuto?<\/p>\n<p>Siamo spiacenti! Per poter visualizzare questo contenuto <b>Instagram<\/b>, clicca su Gestisci cookie e Accetta tutto<\/p>\n<p>            Gestisci cookie<\/p>\n<p>\t\t \tWinona Ryder: un ritorno alle radici gotiche<\/p>\n<p>L\u2019ingresso di Winona Ryder non \u00e8 soltanto una scelta di casting: \u00e8 un gesto metacinematografico. L\u2019attrice che ha incarnato l\u2019adolescenza inquieta e poetica negli anni Novanta, musa prediletta di Tim Burton, torna ora sotto la sua direzione in un progetto che sembra chiudere un cerchio.<\/p>\n<p>Burton, regista e produttore esecutivo della serie, si \u00e8 detto entusiasta di ritrovare \u201ccari amici e collaboratori di lunga data\u201d. Il riferimento non \u00e8 casuale: Ryder \u00e8 stata volto simbolo di un certo immaginario burtoniano, sospeso tra malinconia, ironia e marginalit\u00e0.<\/p>\n<p>In questo senso, la sua presenza dialoga idealmente con quella di Jenna Ortega, che ha trasformato Mercoled\u00ec in un\u2019icona generazionale. Ortega ha dato al personaggio un volto asciutto, ironico, quasi impenetrabile. Ryder porta con s\u00e9 un\u2019ombra diversa: pi\u00f9 fragile, pi\u00f9 romantica, forse pi\u00f9 consapevole.<\/p>\n<p>Che ruolo interpreter\u00e0? Netflix mantiene il riserbo. Ma la curiosit\u00e0 \u00e8 altissima.<\/p>\n<p>\t\t\t<a class=\"c-inline-card j-inline-card c-inline-card--with-image\" href=\"https:\/\/tg24.sky.it\/spettacolo\/serie-tv\/2025\/09\/11\/mercoledi-serie-tv-zio-fester\" rel=\"follow nofollow noopener\" data-intcmp=\"skytg24_articolo_approfondimenti_inline\" target=\"_blank\"><\/p>\n<p>\t\t\t         <img decoding=\"async\" crossorigin=\"anonymous\" alt=\"\" src=\"https:\/\/www.europesays.com\/it\/wp-content\/uploads\/2026\/02\/fred-armisen-webphoto.jpg\"  loading=\"lazy\"  bad-src=\"https:\/\/www.europesays.com\/it\/wp-content\/uploads\/2026\/02\/fred-armisen-webphoto.jpg\"\/><\/p>\n<p>\n\t\t\t         Approfondimento<br \/>\n\t\t\t         Mercoled\u00ec, in produzione uno spin-off su Zio Fester\n\t\t\t      <\/p>\n<p>\t\t\t<\/a><\/p>\n<p>\t\t\tLe altre new entry: tra cult e nuove promesse<\/p>\n<p>Accanto a Ryder, l\u2019arrivo di Chris Sarandon \u00e8 un altro tassello interessante. Attore dal passato cinematografico e teatrale solido, Sarandon aggiunge autorevolezza e un tocco di ironica ambiguit\u00e0 al cast.<\/p>\n<p>Noah Taylor, volto intenso e imprevedibile, potrebbe incarnare una figura liminale: insegnante? Antagonista? Alleato ambiguo? Oscar Morgan e Kennedy Moyer rappresentano invece la nuova generazione di studenti, pronti a inserirsi nelle dinamiche gi\u00e0 esplosive della Nevermore.<\/p>\n<p>E poi c\u2019\u00e8 <strong>Eva Green<\/strong>, gi\u00e0 annunciata nei mesi scorsi nel ruolo di Ophelia, sorella di Morticia Addams. Un nome che da solo basta a evocare mistero e magnetismo. Se Morticia \u00e8 l\u2019eleganza dell\u2019ombra, Ophelia potrebbe essere la crepa nel ritratto di famiglia.<\/p>\n<p>\t\t\tl cuore della serie: la famiglia Addams<\/p>\n<p>La terza stagione riporta naturalmente al centro il nucleo storico. Jenna Ortega resta il fulcro narrativo nei panni di Mercoled\u00ec Addams. Accanto a lei tornano Catherine Zeta-Jones come Morticia e Luis Guzm\u00e1n come Gomez, coppia elegante e volutamente fuori dal tempo.<\/p>\n<p>Nel cast figurano anche Isaac Ordonez (Pugsley), Emma Myers (Enid Sinclair), Hunter Doohan (Tyler Galpin), Joy Sunday (Bianca Barclay), Moosa Mostafa (Eugene), Georgie Farmer (Ajax), Billie Piper (Isadora Capri), Luyanda Unati Lewis-Nyawo (Sceriffo Ritchie Santiago), Victor Dorobantu (Mano), Evie Templeton (Agnes DeMille), oltre a Joanna Lumley nel ruolo di Nonna Hester Frump e Fred Armisen come Zio Fester.<\/p>\n<p>\t            TAG:<\/p>\n","protected":false},"excerpt":{"rendered":"Sono iniziate a Dublino le riprese della terza stagione di Mercoled\u00ec, la serie dei record su Netflix. Nel&hellip;\n","protected":false},"author":3,"featured_media":368531,"comment_status":"","ping_status":"","sticky":false,"template":"","format":"standard","meta":{"footnotes":"","_share_on_mastodon":"0"},"categories":[1444],"tags":[203,204,1537,90,89,9053,253],"class_list":["post-368530","post","type-post","status-publish","format-standard","has-post-thumbnail","category-tv","tag-entertainment","tag-intrattenimento","tag-it","tag-italia","tag-italy","tag-tim-burton","tag-tv"],"share_on_mastodon":{"url":"https:\/\/pubeurope.com\/@it\/116126857938722863","error":""},"_links":{"self":[{"href":"https:\/\/www.europesays.com\/it\/wp-json\/wp\/v2\/posts\/368530","targetHints":{"allow":["GET"]}}],"collection":[{"href":"https:\/\/www.europesays.com\/it\/wp-json\/wp\/v2\/posts"}],"about":[{"href":"https:\/\/www.europesays.com\/it\/wp-json\/wp\/v2\/types\/post"}],"author":[{"embeddable":true,"href":"https:\/\/www.europesays.com\/it\/wp-json\/wp\/v2\/users\/3"}],"replies":[{"embeddable":true,"href":"https:\/\/www.europesays.com\/it\/wp-json\/wp\/v2\/comments?post=368530"}],"version-history":[{"count":0,"href":"https:\/\/www.europesays.com\/it\/wp-json\/wp\/v2\/posts\/368530\/revisions"}],"wp:featuredmedia":[{"embeddable":true,"href":"https:\/\/www.europesays.com\/it\/wp-json\/wp\/v2\/media\/368531"}],"wp:attachment":[{"href":"https:\/\/www.europesays.com\/it\/wp-json\/wp\/v2\/media?parent=368530"}],"wp:term":[{"taxonomy":"category","embeddable":true,"href":"https:\/\/www.europesays.com\/it\/wp-json\/wp\/v2\/categories?post=368530"},{"taxonomy":"post_tag","embeddable":true,"href":"https:\/\/www.europesays.com\/it\/wp-json\/wp\/v2\/tags?post=368530"}],"curies":[{"name":"wp","href":"https:\/\/api.w.org\/{rel}","templated":true}]}}