{"id":368565,"date":"2026-02-24T18:15:13","date_gmt":"2026-02-24T18:15:13","guid":{"rendered":"https:\/\/www.europesays.com\/it\/368565\/"},"modified":"2026-02-24T18:15:13","modified_gmt":"2026-02-24T18:15:13","slug":"juve-galatasaray-spalletti-in-conferenza-gazzetta-it","status":"publish","type":"post","link":"https:\/\/www.europesays.com\/it\/368565\/","title":{"rendered":"Juve-Galatasaray, Spalletti in conferenza | Gazzetta.it"},"content":{"rendered":"<p>                                L&#8217;allenatore della Juve presenta la gara di ritorno dei playoff di Champions League contro il Galatasaray, in cui la sua squadra \u00e8 chiamata a una storica rimonta dopo il 5-2 subito all&#8217;andata: &#8220;Bremer sar\u00e0 convocato e far\u00e0 parte della partita: \u00e8 di pasta bianconera&#8221;<\/p>\n<p>            <a class=\"image is-50x50\" href=\"https:\/\/www.gazzetta.it\/redazione\/filippo-cornacchia\/\" rel=\"nofollow noopener\" target=\"_blank\"><br \/>\n                <img decoding=\"async\" class=\"is-rounded\" src=\"https:\/\/www.europesays.com\/it\/wp-content\/uploads\/2025\/09\/1757993715_851_omino.png\" alt=\"Filippo Cornacchia\"\/><br \/>\n            <\/a><\/p>\n<p>Giornalista<\/p>\n<p>                    24 febbraio 2026 (modifica alle 17:18)  &#8211; TORINO<\/p>\n<p class=\"paragraph\" spellcheck=\"true\">&#8220;Juve, fino alla fine e insieme al nostro pubblico contro il Galatasaray! Abbiamo poche chance, ma ce le giochiamo tutte. Pensiamo a fare un gol, non tre: poi scenari ed energia cambiano&#8230; Yildiz mi ha detto che vuole esserci e Bremer verr\u00e0 con noi\u201d. Luciano Spalletti non ha la bacchetta magica per domani sera, per\u00f2 ha le idee chiare sul come provare a ribaltare <a href=\"https:\/\/www.gazzetta.it\/Calcio\/Serie-A\/Juventus\/17-02-2026\/galatasaray-juve-live-risultato-e-gol-in-diretta-champions-league.shtml?intcmp=hyperlink-articolo-gazit\" title=\"Juve, \u00e8 una figuraccia storica: il Galatasaray la schianta 5-2, ora per gli ottavi servir\u00e0 un&#039;impresa\" rel=\"nofollow noopener\" target=\"_blank\">il 5-2 di Istanbul<\/a> per qualificarsi agli ottavi di Champions League. L&#8217;allenatore bianconero convoca Yildiz e Bremer, ma anche i 41 mila dell&#8217;Allianz Stadium: &#8220;Ci sono partite che non si giocano, si compongono: abbiamo bisogno degli occhi e del cuore dei nostri tifosi. Tutte le volte che in questo stadio abbiamo sentito il pubblico, ci siamo sentiti pi\u00f9 forti. Pi\u00f9 che il gesto, serve il contesto: il momento \u00e8 delicato e con loro al nostro fianco diventiamo pi\u00f9 forti. Vogliamo essere veri e credibili. Non viviamo un sogno, ma ci siamo guadagnati questo livello e ci giocheremo tutte le nostre chance&#8221;.<\/p>\n<p>    roma? no gala!\u2014 \u00a0<\/p>\n<p class=\"paragraph is-inline\" spellcheck=\"true\">Spalletti ha chiaro il momento, decisivo per il presente e per il futuro della Juventus e non gira tanto intorno alle parole: &#8220;Galatasaray e Roma sono belle minacce, per\u00f2 anche sfide intriganti. Il futuro si scrive oggi. Da questi risultati passa molto, per\u00f2 abbiamo fatto tutti i ragionamenti corretti: siamo nelle condizioni di giocarci la partita al meglio e abbiamo resettato. Il futuro viene dopo questa partita qui e questo risultato&#8221;. Tradotto: battiamo i turchi anche per presentarci al meglio allo scontro diretto per il quarto posto di domenica.<\/p>\n<p>    i conti di lucio\u2014 \u00a0<\/p>\n<p class=\"paragraph is-inline\" spellcheck=\"true\">La Juventus deve recuperare tre gol al Galatasaray, ma Spalletti ha un altro piano per tentare la missione (quasi) impossibile. \u201cNon dobbiamo pensare a fare 3 gol &#8211; ribadisce &#8211; ma uno. Perch\u00e9 poi tutto si autoalimenta e si coinvolge. Diventa una dinamo. Bisogna restare squadra e ritrovare solidit\u00e0, abbiamo bisogno di compattezza per ribaltare questa gara. Le statistiche sono un indizio, non un giudizio: col Como abbiamo meritato di perdere, ma in precedenza abbiamo fatto cose bellissime, invece nei numeri entrano anche gare in cui non abbiamo portato a casa il risultato ma ci siamo comportati bene, come con Lecce e Cagliari. I conti si fanno alla fine&#8221;.<\/p>\n<p>    yildiz c&#8217;\u00e8, bremer in corsa\u2014 \u00a0<\/p>\n<p class=\"paragraph is-inline\" spellcheck=\"true\">Tanto della stagione della Juventus passa dal Galatasaray e Spalletti almeno se la giocher\u00e0 con il suo uomo migliore. Yildiz non \u00e8 al meglio <a href=\"https:\/\/www.gazzetta.it\/Calcio\/Serie-A\/Juventus\/24-02-2026\/juve-galatasaray-la-formazione-di-spalletti-i-dubbi-della-vigilia.shtml?intcmp=hyperlink-articolo-gazit\" title=\"E se Yildiz non ce la fa? Il piano e le alternative di Spalletti per tentare l&#039;impresa col Gala\" rel=\"nofollow noopener\" target=\"_blank\">dopo la contusione rimediata al polpaccio<\/a> contro il Como, per\u00f2 vuole esserci a tutti i costi: &#8220;Kenan \u00e8 un leader e un punto di riferimento anche se \u00e8 giovane &#8211; sottolinea il tecnico toscano \u2013 e lo dimostra anche nei momenti difficili. Caratterialmente ha dimostrato la sua volont\u00e0 di restare qui e rinnovare, lui ci vuole essere in tutte le maniere perch\u00e9 ci tiene a giocarsi questa sfida. Oggi ha fatto un allenamento parziale, ma prima di rientrare negli spogliatoi mi ha detto: &#8220;mister, io ci sono!&#8221;&#8221;. Maggiore prudenza su Bremer, <a href=\"https:\/\/www.gazzetta.it\/Calcio\/Serie-A\/Juventus\/18-02-2026\/juve-infortunio-bremer-ecco-i-tempi-di-recupero.shtml?intcmp=hyperlink-articolo-gazit\" title=\"Bremer, nessuna lesione: la Juve pu\u00f2 tirare un sospiro di sollievo. Ancora a parte David\" rel=\"nofollow noopener\" target=\"_blank\">reduce da affaticamento muscolare<\/a>: &#8220;Gleison sar\u00e0 convocato, pronto per essere utilizzato in corsa: anche lui \u00e8 di pasta bianconera&#8221;. Valutazioni a sinistra viste le squalifiche di Andrea Cambiaso e Juan Cabal. &#8220;A Kostic non ho dato molto spazio e un po&#8217; mi dispiace, \u00e8 un professionista, un uomo e ha una fucilata di sinistro. O prima o dopo si esprimer\u00e0 contro il Galatasaray&#8221;.<\/p>\n<p>    di gregorio scende, perin sale\u2014 \u00a0<\/p>\n<p class=\"paragraph is-inline\" spellcheck=\"true\">Il vero dubbio dell&#8217;ex ct riguarda la conferma di Michele Di Gregorio dopo le ultime difficolt\u00e0 <a href=\"https:\/\/www.gazzetta.it\/Calcio\/Serie-A\/Juventus\/24-02-2026\/juve-galatasaray-tocca-a-perin-in-porta-spalletti-riflette.shtml?intcmp=hyperlink-articolo-gazit\" title=\"Juve, cambio tra i pali per la sfida al Galatasaray? Tentazione Perin\" rel=\"nofollow noopener\" target=\"_blank\">o il rilancio di Mattia Perin tra i pali<\/a>: &#8220;Dobbiamo fare delle valutazioni sperando di farle giuste, soprattutto per non mettere nessuno in difficolt\u00e0&#8221;. Probabile un turno di riposo per l\u2019ex Monza, nuovamente difeso da Spalletti: &#8220;Le critiche ricevute da Di Gregorio? Dobbiamo sviluppare la capacit\u00e0 di accettare di essere disprezzati&#8230; A livello di gruppo non diamo in pasto nessuno alle critiche, dividiamo tutto in parti uguali. Il modo di ragionare \u00e8 questo: io non devo far tirare in porta l&#8217;avversario o non passarla in quel modo, ognuno di noi ha responsabilit\u00e0&#8221;.<\/p>\n<p><a class=\"is-partner-link\" href=\"https:\/\/abbonamenti.gazzetta.it\/calciatori-panini-2025\/?pwcmp_promo_panini_cta&amp;forceBrowser=true\" rel=\"nofollow noopener\" target=\"_blank\">Gazzetta digital + Box Panini + Album a soli 80\u20ac, il modo pi\u00f9 veloce e conveniente per completare la collezione!<\/a><\/p>\n<p>    rivincita kelly\u2014 \u00a0<\/p>\n<p class=\"paragraph is-inline\" spellcheck=\"true\">Una rivincita doppia la cerca anche Lloyd Kelly, all&#8217;Ali Sami Yen strapazzato da Osimhen: &#8220;Siamo pronti, vogliamo uscire da questo momento &#8211; garantisce l&#8217;inglese in conferenza accanto a Spalletti -. Quando giochiamo in casa abbiamo pi\u00f9 fiducia, sappiamo che \u00e8 un grande test e siamo pronti per il Galatasaray. La Juventus \u00e8 una famiglia, sono orgoglioso di giocare in un club cos\u00ec&#8221;.<\/p>\n<p class=\"is-copyright\">\u00a9 RIPRODUZIONE RISERVATA<\/p>\n","protected":false},"excerpt":{"rendered":"L&#8217;allenatore della Juve presenta la gara di ritorno dei playoff di Champions League contro il Galatasaray, in cui&hellip;\n","protected":false},"author":3,"featured_media":368566,"comment_status":"","ping_status":"","sticky":false,"template":"","format":"standard","meta":{"footnotes":"","_share_on_mastodon":"0"},"categories":[176],"tags":[6576,1960,31545,3439,37,27704,1969,1970,36331,3705,1411,17732,1276,9182,5376,2149,27045,435,2246,213211,629,1889,119490,1976,56827,1537,90,89,565,558,3179,1980,6110,1290,3671,7247,213212,80595,3237,179,14751,31028,6811,15695,987,24806,245,244,1857,6035,47180,4969,10571],"class_list":["post-368565","post","type-post","status-publish","format-standard","has-post-thumbnail","category-sport","tag-accettare","tag-allenatore","tag-bianconera","tag-bisogna","tag-bisogno","tag-bremer","tag-champions","tag-champions-league","tag-chance","tag-como","tag-conti","tag-convocato","tag-corsa","tag-critiche","tag-difficolta","tag-dobbiamo","tag-esserci","tag-forti","tag-galatasaray","tag-galatasaray-spalletti","tag-gara","tag-giocare","tag-giochiamo","tag-gol","tag-gregorio","tag-it","tag-italia","tag-italy","tag-juve","tag-juventus","tag-kelly","tag-league","tag-livello","tag-partita","tag-passa","tag-pasta","tag-pasta-bianconera","tag-perin","tag-pronti","tag-pubblico","tag-restare","tag-ribaltare","tag-risultato","tag-rivincita","tag-roma","tag-spalletti","tag-sport","tag-sports","tag-squadra","tag-tifosi","tag-valutazioni","tag-vuole","tag-yildiz"],"share_on_mastodon":{"url":"","error":"Validation failed: Text character limit of 500 exceeded"},"_links":{"self":[{"href":"https:\/\/www.europesays.com\/it\/wp-json\/wp\/v2\/posts\/368565","targetHints":{"allow":["GET"]}}],"collection":[{"href":"https:\/\/www.europesays.com\/it\/wp-json\/wp\/v2\/posts"}],"about":[{"href":"https:\/\/www.europesays.com\/it\/wp-json\/wp\/v2\/types\/post"}],"author":[{"embeddable":true,"href":"https:\/\/www.europesays.com\/it\/wp-json\/wp\/v2\/users\/3"}],"replies":[{"embeddable":true,"href":"https:\/\/www.europesays.com\/it\/wp-json\/wp\/v2\/comments?post=368565"}],"version-history":[{"count":0,"href":"https:\/\/www.europesays.com\/it\/wp-json\/wp\/v2\/posts\/368565\/revisions"}],"wp:featuredmedia":[{"embeddable":true,"href":"https:\/\/www.europesays.com\/it\/wp-json\/wp\/v2\/media\/368566"}],"wp:attachment":[{"href":"https:\/\/www.europesays.com\/it\/wp-json\/wp\/v2\/media?parent=368565"}],"wp:term":[{"taxonomy":"category","embeddable":true,"href":"https:\/\/www.europesays.com\/it\/wp-json\/wp\/v2\/categories?post=368565"},{"taxonomy":"post_tag","embeddable":true,"href":"https:\/\/www.europesays.com\/it\/wp-json\/wp\/v2\/tags?post=368565"}],"curies":[{"name":"wp","href":"https:\/\/api.w.org\/{rel}","templated":true}]}}