{"id":369130,"date":"2026-02-25T02:37:16","date_gmt":"2026-02-25T02:37:16","guid":{"rendered":"https:\/\/www.europesays.com\/it\/369130\/"},"modified":"2026-02-25T02:37:16","modified_gmt":"2026-02-25T02:37:16","slug":"tennis-club-sfrattato-dal-comune-il-sindaco-pronto-a-chiedere-i-danni-se-il-circolo-non-lascera-limpianto-il-prima-possibile","status":"publish","type":"post","link":"https:\/\/www.europesays.com\/it\/369130\/","title":{"rendered":"Tennis club sfrattato dal Comune, il sindaco pronto a chiedere i danni se il circolo non lascer\u00e0 l&#8217;impianto \u00abil prima possibile\u00bb"},"content":{"rendered":"<p><strong><a href=\"https:\/\/www.ilgazzettino.it\/t\/marcon\" rel=\"nofollow noopener\" target=\"_blank\">MARCON<\/a><\/strong> &#8211; \u00abDevono lasciare l&#8217;impianto il prima possibile. Ogni ulteriore ritardo sar\u00e0 considerato un danno nei confronti dell&#8217;amministrazione pubblica e dei cittadini\u00bb. Le parole del sindaco di Marcon, <strong><a href=\"https:\/\/www.ilgazzettino.it\/t\/matteo-romanello\" rel=\"nofollow noopener\" target=\"_blank\">Matteo Romanello<\/a><\/strong>, non lasciano spazio a interpretazioni: per il <strong><a href=\"https:\/\/www.ilgazzettino.it\/t\/tennis-club\" rel=\"nofollow noopener\" target=\"_blank\">Tennis Club<\/a><\/strong> Marcon non ci sar\u00e0 pi\u00f9 alcuna tolleranza nell&#8217;utilizzo dell&#8217;impianto sportivo comunale di via dello Sport.<\/p>\n<p>La controversia, secondo quanto riferisce il sindaco, riguarda la durata della concessione, ma soprattutto il mancato pagamento dei canoni al Comune, anche se relativamente a quest&#8217;ultimo aspetto la famiglia Mastellaro che gestisce l&#8217;impianto si dice pronta a mettersi in regola, purch\u00e9 il Comune le faccia sapere a quanto ammonta il dovuto.<\/p>\n<p>La storia<\/p>\n<p>La concessione dei campi da tennis risale al 1990, quando il Comune di Marcon li affid\u00f2 al Circolo tennistico. L&#8217;accordo prevedeva una gestione per 29 anni dalla data di agibilit\u00e0, stabilendo inoltre che, al termine, le strutture sarebbero rimaste di propriet\u00e0 comunale, senza diritto a indennizzi. Tuttavia, nel 2021, l&#8217;intesa era stata aggiornata a causa delle norme emergenziali legate al Covid, ridefinendo canone e durata della concessione. La scadenza, originariamente fissata al 31 ottobre 2022, era stata prorogata fino al 31 dicembre 2024.<\/p>\n<p>\u00abPer pagare stiamo aspettando che il Comune presenti il conto dice Giampietro Mastellaro -. Del resto proprio in Comune ci hanno detto di attendere perch\u00e9 avrebbero dovuto rifare i conteggi applicando le agevolazioni Covid\u00bb.<\/p>\n<p>Il sindaco, invece, sostiene che i gestori siano inadempienti e per tale motivo aveva gi\u00e0 fatto notificare il 19 febbraio 2024 una formale diffida ad adempiere ai sensi dell&#8217;art. 1454 del Codice civile, intimando il pagamento entro il termine previsto e avvertendo che, in caso contrario, il contratto si sarebbe risolto di diritto.<\/p>\n<p>Successivamente, il 28 settembre 2024, perdurando la morosit\u00e0, l&#8217;amministrazione ha dichiarato risolto il rapporto relativo alla concessione e ha avviato il procedimento che ha portato all&#8217;ordinanza di sgombero dell&#8217;impianto, formalmente adottata il 9 aprile 2025.<\/p>\n<p>Battaglia legale<\/p>\n<p>A quel punto il Tennis Club ha fatto ricorso al Tribunale di Venezia chiedendo la sospensione e l&#8217;annullamento dell&#8217;ordinanza, ma il giudice lo ha respinto dichiarando il difetto di giurisdizione. Ora la questione \u00e8 in mano al Tar del Veneto e le parti sono in attesa del pronunciamento.<\/p>\n<p>Intanto l&#8217;avvocato Paolo Romor che rappresenta i gestori precisa che l&#8217;ordinanza di sgombero dell&#8217;aprile 2025 sarebbe illegittima, sia per la forma che per la sostanza, poich\u00e9 si contesta la morosit\u00e0. \u00abParliamo &#8211; dice &#8211; di una lunga battaglia legale iniziata nel 2022, quando il Comune ha improvvisamente preteso la restituzione dell&#8217;impianto e, nel frattempo, abbiamo scoperto che nella delibera di Giunta n. 39 del 2021, l&#8217;impianto \u00e8 stato inserito nel patrimonio disponibile dell&#8217;ente, destinandolo ad &#8220;alienazione&#8221;, tra l&#8217;altro indicando l&#8217;aumento di valore, da 260mila euro a 560mila, conseguente al cambio di destinazione urbanistica adottato con delibera del Consiglio comunale. Non vorremmo che l&#8217;idea fosse quella di speculare sulla vendita dell&#8217;impianto, sacrificando l&#8217;attivit\u00e0 sportiva dei bambini che vi giocano a tennis e la possibilit\u00e0 di lavoro dei maestri\u00bb.<\/p>\n<p>\u00abNoi chiediamo solo &#8211; riprende Giampietro Mastellaro &#8211; di poter proseguire la nostra attivit\u00e0 almeno fino a giugno, cos\u00ec da non creare disagi alle famiglie con l&#8217;interruzione della scuola tennis a met\u00e0 stagione\u00bb.<\/p>\n","protected":false},"excerpt":{"rendered":"MARCON &#8211; \u00abDevono lasciare l&#8217;impianto il prima possibile. Ogni ulteriore ritardo sar\u00e0 considerato un danno nei confronti dell&#8217;amministrazione&hellip;\n","protected":false},"author":3,"featured_media":369131,"comment_status":"","ping_status":"","sticky":false,"template":"","format":"standard","meta":{"footnotes":"","_share_on_mastodon":"0"},"categories":[1457],"tags":[1537,90,89,74908,213558,245,244,1273,23973,108],"class_list":["post-369130","post","type-post","status-publish","format-standard","has-post-thumbnail","category-tennis","tag-it","tag-italia","tag-italy","tag-marcon","tag-matteo-romanello","tag-sport","tag-sports","tag-tennis","tag-tennis-club","tag-veneto"],"share_on_mastodon":{"url":"https:\/\/pubeurope.com\/@it\/116128949604401212","error":""},"_links":{"self":[{"href":"https:\/\/www.europesays.com\/it\/wp-json\/wp\/v2\/posts\/369130","targetHints":{"allow":["GET"]}}],"collection":[{"href":"https:\/\/www.europesays.com\/it\/wp-json\/wp\/v2\/posts"}],"about":[{"href":"https:\/\/www.europesays.com\/it\/wp-json\/wp\/v2\/types\/post"}],"author":[{"embeddable":true,"href":"https:\/\/www.europesays.com\/it\/wp-json\/wp\/v2\/users\/3"}],"replies":[{"embeddable":true,"href":"https:\/\/www.europesays.com\/it\/wp-json\/wp\/v2\/comments?post=369130"}],"version-history":[{"count":0,"href":"https:\/\/www.europesays.com\/it\/wp-json\/wp\/v2\/posts\/369130\/revisions"}],"wp:featuredmedia":[{"embeddable":true,"href":"https:\/\/www.europesays.com\/it\/wp-json\/wp\/v2\/media\/369131"}],"wp:attachment":[{"href":"https:\/\/www.europesays.com\/it\/wp-json\/wp\/v2\/media?parent=369130"}],"wp:term":[{"taxonomy":"category","embeddable":true,"href":"https:\/\/www.europesays.com\/it\/wp-json\/wp\/v2\/categories?post=369130"},{"taxonomy":"post_tag","embeddable":true,"href":"https:\/\/www.europesays.com\/it\/wp-json\/wp\/v2\/tags?post=369130"}],"curies":[{"name":"wp","href":"https:\/\/api.w.org\/{rel}","templated":true}]}}