{"id":369418,"date":"2026-02-25T07:46:22","date_gmt":"2026-02-25T07:46:22","guid":{"rendered":"https:\/\/www.europesays.com\/it\/369418\/"},"modified":"2026-02-25T07:46:22","modified_gmt":"2026-02-25T07:46:22","slug":"il-tormentone-halo-ero-un-nerd-pesavo-100-chili","status":"publish","type":"post","link":"https:\/\/www.europesays.com\/it\/369418\/","title":{"rendered":"il tormentone \u2018Halo\u2019. \u201cEro un nerd, pesavo 100 chili\u201d"},"content":{"rendered":"<p>Pi\u00f9 che un nome d\u2019arte, un vero alter ego. Con un nome senza dubbio pi\u00f9 esotico e che rispetto a quello anagrafico. <strong>Samurai Jay, al secolo Gennaro Amatore<\/strong>, partecipa per la prima volta al Festival di Sanremo e lo fa con il brano \u2018Ossessione\u2019.<\/p>\n<p>Approfondisci:<\/p>\n<p><a href=\"https:\/\/www.quotidiano.net\/magazine\/sanremo\/programma-sanremo-2026-ee047545\" class=\"ArticleEmbed_article__embed__content__Jzqnz\" rel=\"nofollow noopener\" target=\"_blank\">Guida al Festival di Sanremo 2026: partecipanti, ospiti, duetti, voto e televoto. Il programma delle serate<img alt=\"Guida al Festival di Sanremo 2026: partecipanti, ospiti, duetti, voto e televoto. Il programma delle serate\" loading=\"lazy\" width=\"140\" height=\"78\" decoding=\"async\" data-nimg=\"1\" style=\"color:transparent\"  src=\"https:\/\/www.europesays.com\/it\/wp-content\/uploads\/2026\/02\/76th-sanremo-music-festival.webp.webp\"\/><\/a><br \/>\nChi \u00e8 Samurai Jay e perch\u00e9 si chiama cos\u00ec <\/p>\n<p>Il suo nome all\u2019anagrafe non \u00e8 di certo cos\u00ec esotico come quello d\u2019arte, ma rivela molto sulle sue origini e sulle sue radici. Alle quali peraltro \u00e8 molto legato. Samurai Jay all\u2019anagrafe si chiama Gennaro Amatore ed \u00e8 nato a Mugnano di Napoli, vicino a Scampia. All\u2019inizio della propria carriera musicale aveva deciso di intraprendere un percorso nel mondo dell\u2019r\u2019n\u2019b chiamandosi <strong>Jenny Lover<\/strong>, ma poco dopo eccolo virare verso il rap e trasformarsi in Samurai Jay. Il nome d\u2019arte gli \u00e8 stato attribuito da un amico, il quale, avendolo visto con il codino, lo ha apostrofato con il termine \u201cSamurai\u201d. Da l\u00ec, e dal nome Gennaro, ecco Samurai Jay.\u00a0<\/p>\n<p>\u00a0<\/p>\n<p> <img alt=\"Samurai Jay (Foto Luca Paparo)\" loading=\"lazy\" width=\"3400\" height=\"3400\" decoding=\"async\" data-nimg=\"1\" style=\"color:transparent;max-width:100%;height:auto\"   src=\"https:\/\/www.europesays.com\/it\/wp-content\/uploads\/2026\/02\/samurai-jay-foto-luca-paparo.webp.webp\"\/><\/p>\n<p>Samurai Jay (Foto Luca Paparo)<\/p>\n<p>Il tormentone \u2018Halo\u2019 <\/p>\n<p>Il nome di Samurai Jay \u00e8 diventato famoso presso il grande pubblico, soprattutto quello dei giovani e giovanissimi, nell\u2019estate del 2025 grazie a un brano che nel giro di poche settimane \u00e8 diventato un vero tormentone. Nel senso che proprio non si toglieva dalle orecchie di chi lo aveva ascoltato anche soltanto una volta. La canzone in questione \u00e8<strong> \u2018Halo\u2019<\/strong>, che sicuramente ognuno ha sentito nei mesi passati. Sono quasi 37 i milioni di ascolti in streaming su Spotify di questo brano.<\/p>\n<p>Approfondisci:<\/p>\n<p><a href=\"https:\/\/www.quotidiano.net\/magazine\/sanremo\/2026-programma-serata-per-serata-hh86fpng\" class=\"ArticleEmbed_article__embed__content__Jzqnz\" rel=\"nofollow noopener\" target=\"_blank\">Sanremo 2026: il programma del Festival, serata per serata<img alt=\"Sanremo 2026: il programma del Festival, serata per serata\" loading=\"lazy\" width=\"140\" height=\"78\" decoding=\"async\" data-nimg=\"1\" style=\"color:transparent\"  src=\"https:\/\/www.europesays.com\/it\/wp-content\/uploads\/2026\/02\/carlo-conti-e-laura-pausini-condurranno-insieme-le-cinque-serata-di-sanremo-2026-ansa.webp.webp\"\/><\/a><br \/>\nCome ha iniziato a fare musica <\/p>\n<p>\u201c<strong>Ero un nerd, un sociopatico che pesava 100 chili<\/strong>, giocavo ai videogiochi e ascoltavo musica dalla mattina alla sera. Poi pap\u00e0 mi compr\u00f2 la chitarra elettrica. Piansi di gioia, tremavo nel suonarla. Quando ho visto live Sfera Ebbasta alla Casa della musica a Napoli, munito solo di auto-tune e microfono davanti a una platea di migliaia di ragazzi, ho pensato che stavo sbagliando qualcosa: \u2018Io mi ammazzo per fare una cosa centomila volte pi\u00f9 difficile e raccolgo molto meno\u2019.<\/p>\n<p> <img alt=\"Conti, Pausini e i Big di Sanremo al Quirinale, ricevuti da Mattarella\" loading=\"lazy\" width=\"3072\" height=\"1911\" decoding=\"async\" data-nimg=\"1\" style=\"color:transparent;max-width:100%;height:auto\"   src=\"https:\/\/www.europesays.com\/it\/wp-content\/uploads\/2026\/02\/conti-pausini-e-i-big-di-sanremo-al-quirinale-ricevuti-da-mattarella.webp.webp\"\/><\/p>\n<p>Samurai Jay<\/p>\n<p>Cos\u00ec ho deciso di fare trap\u201d ha raccontato il rapper e trapper napoletano al sito lavialibera.it. Da Napoli al Festival di Sanremo: Samurai Jay sar\u00e0 sul palco del Teatro Ariston con <strong>\u2018Ossessione\u2019<\/strong>. E chiss\u00e0 se anche questa canzone entrer\u00e0 subito nella vita di chi l\u2019avr\u00e0 ascoltata. D\u2019altro canto, il brano che porta in gara a Sanremo 2026 ha tutte le caratteristiche per diventare virale ed essere cantato e ballato sino all\u2019estate.\u00a0<\/p>\n","protected":false},"excerpt":{"rendered":"Pi\u00f9 che un nome d\u2019arte, un vero alter ego. Con un nome senza dubbio pi\u00f9 esotico e che&hellip;\n","protected":false},"author":3,"featured_media":369419,"comment_status":"","ping_status":"","sticky":false,"template":"","format":"standard","meta":{"footnotes":"","_share_on_mastodon":"0"},"categories":[1443],"tags":[5697,203,125779,73153,204,1537,90,89,16938,1538,1539,34139,213683,13285,36840],"class_list":["post-369418","post","type-post","status-publish","format-standard","has-post-thumbnail","category-musica","tag-chili","tag-entertainment","tag-ero","tag-halo","tag-intrattenimento","tag-it","tag-italia","tag-italy","tag-jay","tag-music","tag-musica","tag-nerd","tag-pesavo","tag-samurai","tag-tormentone"],"share_on_mastodon":{"url":"https:\/\/pubeurope.com\/@it\/116130164621148980","error":""},"_links":{"self":[{"href":"https:\/\/www.europesays.com\/it\/wp-json\/wp\/v2\/posts\/369418","targetHints":{"allow":["GET"]}}],"collection":[{"href":"https:\/\/www.europesays.com\/it\/wp-json\/wp\/v2\/posts"}],"about":[{"href":"https:\/\/www.europesays.com\/it\/wp-json\/wp\/v2\/types\/post"}],"author":[{"embeddable":true,"href":"https:\/\/www.europesays.com\/it\/wp-json\/wp\/v2\/users\/3"}],"replies":[{"embeddable":true,"href":"https:\/\/www.europesays.com\/it\/wp-json\/wp\/v2\/comments?post=369418"}],"version-history":[{"count":0,"href":"https:\/\/www.europesays.com\/it\/wp-json\/wp\/v2\/posts\/369418\/revisions"}],"wp:featuredmedia":[{"embeddable":true,"href":"https:\/\/www.europesays.com\/it\/wp-json\/wp\/v2\/media\/369419"}],"wp:attachment":[{"href":"https:\/\/www.europesays.com\/it\/wp-json\/wp\/v2\/media?parent=369418"}],"wp:term":[{"taxonomy":"category","embeddable":true,"href":"https:\/\/www.europesays.com\/it\/wp-json\/wp\/v2\/categories?post=369418"},{"taxonomy":"post_tag","embeddable":true,"href":"https:\/\/www.europesays.com\/it\/wp-json\/wp\/v2\/tags?post=369418"}],"curies":[{"name":"wp","href":"https:\/\/api.w.org\/{rel}","templated":true}]}}