{"id":370032,"date":"2026-02-25T16:41:12","date_gmt":"2026-02-25T16:41:12","guid":{"rendered":"https:\/\/www.europesays.com\/it\/370032\/"},"modified":"2026-02-25T16:41:12","modified_gmt":"2026-02-25T16:41:12","slug":"basket-serie-b-naoni-e-dron-sono-out-lorasi-torna-sul-mercato","status":"publish","type":"post","link":"https:\/\/www.europesays.com\/it\/370032\/","title":{"rendered":"Basket serie B. Naoni e Dron sono out. L\u2019OraS\u00ec torna sul mercato"},"content":{"rendered":"<p>L\u2019OraS\u00ec \u00e8 costretta ad intervenire sul mercato. Le sensazioni negative di domenica sera riguardanti gli <strong>infortuni di Dron e Naoni<\/strong> sono state confermate con un quadro clinico pessimo. Naoni star\u00e0 fermo nella migliore delle ipotesi due mesi per il riacutizzarsi dell\u2019infortunio alla clavicola patito ad ottobre, mentre Dron star\u00e0 a riposo almeno tre settimane per un problema ad un piede. Per entrambi non \u00e8 escluso che la stagione sia gi\u00e0 finita. Il ricorso al mercato \u00e8 obbligatorio, ma ci sono due problemi: i giallorossi non hanno un gran budget da investire e il mercato degli under (giocatori nati dal 2003 in poi) non offre nulla di interessante e chiude venerd\u00ec, mentre quello dei senior il 30 marzo.<\/p>\n<p>Una pista potrebbe essere quella di Tommaso Bellini, ala classe 2004 in uscita da Ferrara, ma gli estensi lo hanno proposto come pedina di scambio con Iseo (B Interregionale). L\u2019OraS\u00ec vorrebbe un under, ma il mercato \u00e8 fermo, e allora sta guardando anche i senior. Rumors parlano di un sondaggio per la guardia Zakaria El Agbani (foto), guardia classe 2001 in B Interregionale a Monopoli, visto in B Nazionale due anni fa alla Bakery Piacenza. Profili interessanti sarebbero anche Vincenzo Taddeo, tiratore del 2000 fuori dai piani di Casoria, ma ha un costo elevato e il forlivese Nicola Calabrese, guardia classe 2001 ex Quarrata (dove ha giocato nella prima parte di stagione) che si sta allenando con Faenza per recuperare da un infortunio ad una mano avuto a novembre. Con tutta probabilit\u00e0 arriver\u00e0 un solo giocatore per sostituire Naoni visto che per Dron c\u2019\u00e8 cauto ottimismo. Difficile, ma non impossibile, che il nuovo acquisto sia in campo domenica a San Severo, ma potrebbe esserci la settimana successiva al PalaCosta con Fabriano, match fondamentale per non rischiare di scivolare nelle sabbie mobili dei playout.<\/p>\n<p><strong>Luca Del Favero<\/strong><\/p>\n","protected":false},"excerpt":{"rendered":"L\u2019OraS\u00ec \u00e8 costretta ad intervenire sul mercato. Le sensazioni negative di domenica sera riguardanti gli infortuni di Dron&hellip;\n","protected":false},"author":3,"featured_media":370033,"comment_status":"","ping_status":"","sticky":false,"template":"","format":"standard","meta":{"footnotes":"","_share_on_mastodon":"0"},"categories":[1453],"tags":[1756,1757,214132,1537,90,89,1412,214131,150754,12038,1821,245,244,5583],"class_list":["post-370032","post","type-post","status-publish","format-standard","has-post-thumbnail","category-basket","tag-basket","tag-basketball","tag-dron","tag-it","tag-italia","tag-italy","tag-mercato","tag-naoni","tag-orasi","tag-out","tag-serie","tag-sport","tag-sports","tag-torna"],"share_on_mastodon":{"url":"https:\/\/pubeurope.com\/@it\/116132268374251206","error":""},"_links":{"self":[{"href":"https:\/\/www.europesays.com\/it\/wp-json\/wp\/v2\/posts\/370032","targetHints":{"allow":["GET"]}}],"collection":[{"href":"https:\/\/www.europesays.com\/it\/wp-json\/wp\/v2\/posts"}],"about":[{"href":"https:\/\/www.europesays.com\/it\/wp-json\/wp\/v2\/types\/post"}],"author":[{"embeddable":true,"href":"https:\/\/www.europesays.com\/it\/wp-json\/wp\/v2\/users\/3"}],"replies":[{"embeddable":true,"href":"https:\/\/www.europesays.com\/it\/wp-json\/wp\/v2\/comments?post=370032"}],"version-history":[{"count":0,"href":"https:\/\/www.europesays.com\/it\/wp-json\/wp\/v2\/posts\/370032\/revisions"}],"wp:featuredmedia":[{"embeddable":true,"href":"https:\/\/www.europesays.com\/it\/wp-json\/wp\/v2\/media\/370033"}],"wp:attachment":[{"href":"https:\/\/www.europesays.com\/it\/wp-json\/wp\/v2\/media?parent=370032"}],"wp:term":[{"taxonomy":"category","embeddable":true,"href":"https:\/\/www.europesays.com\/it\/wp-json\/wp\/v2\/categories?post=370032"},{"taxonomy":"post_tag","embeddable":true,"href":"https:\/\/www.europesays.com\/it\/wp-json\/wp\/v2\/tags?post=370032"}],"curies":[{"name":"wp","href":"https:\/\/api.w.org\/{rel}","templated":true}]}}