{"id":370116,"date":"2026-02-25T17:48:14","date_gmt":"2026-02-25T17:48:14","guid":{"rendered":"https:\/\/www.europesays.com\/it\/370116\/"},"modified":"2026-02-25T17:48:14","modified_gmt":"2026-02-25T17:48:14","slug":"iryna-uccisa-in-treno-la-mamma-della-rifugiata-ucraina-in-lacrime-trump-faremo-giustizia-nessuno-dimentica","status":"publish","type":"post","link":"https:\/\/www.europesays.com\/it\/370116\/","title":{"rendered":"Iryna uccisa in treno, la mamma della rifugiata ucraina in lacrime. Trump: \u00abFaremo giustizia, nessuno dimentica\u00bb"},"content":{"rendered":"<p>\n                            Il punto sui temi di attualit\u00e0, ogni luned\u00ec<br \/>\n                            <b>Iscriviti<\/b> e ricevi le notizie via email\n                        <\/p>\n<p>Il ricordo, le lacrime, la rabbia. La madre della rifugiata ucraina <strong><a href=\"https:\/\/www.ilmessaggero.it\/t\/iryna-zarutska\" rel=\"nofollow noopener\" target=\"_blank\">Iryna Zarutska<\/a><\/strong>, assassinata u un treno da un recidivo in libert\u00e0 nella Carolina del Nord, \u00e8 scoppiata in lacrime mentre il presidente Trump raccontava l&#8217;aggressione durante il suo discorso sullo Stato dell&#8217;Unione. \u00abL&#8217;assassino di Iryna\u00a0si \u00e8 alzato in piedi e le ha trapassato brutalmente il collo e il corpo con un coltello. Nessuno dimenticher\u00e0 mai. Nessuno dimenticher\u00e0 mai l&#8217;espressione di terrore sul volto di Iryna mentre guardava il suo aggressore negli ultimi secondi della sua vita. \u00c8 morta sul colpo\u00bb, ha detto Trump. La madre di Iryna, Anna Zarutska, si \u00e8 commossa. Il video sta facendo il giro del mondo.<\/p>\n<p>&#13;<br \/>\n    APPROFONDIMENTI&#13;<br \/>\n    &#13;<\/p>\n<p>Il discorso di Trump \u00a0 <\/p>\n<p>\u00abEra sfuggita a una guerra brutale per essere poi uccisa da un criminale incallito, un uomo libero di uccidere in America. <\/p>\n<p>Signora Zarutska, stasera le prometto che faremo giustizia per la sua magnifica figlia, Iryna\u00bb, ha assicurato il presidente, tra gli applausi.\u00a0Erika Kirk, vedova del fondatore di Turning Point USA Charlie Kirk, assassinato, era seduta accanto ad Anna e sembrava porgerle parole di condoglianze. Durante il meeting, Trump ha chiamato in causa i Democratici, che non si sono alzati in piedi per la standing ovation dei Repubblicani. \u00abCome fate a non alzarvi?\u00bb\u00a0ha tuonato\u00a0Trump, indicando i Democratici.<\/p>\n<p><img decoding=\"async\" alt=\"\" class=\"wnv-lazy\" src=\"https:\/\/www.europesays.com\/it\/wp-content\/uploads\/2026\/02\/treno_uccisa_iryna_25093527.jpg\"\/><\/p>\n<p>La vicenda Iryna, 22 anni, \u00e8 stata accoltellata a morte dal criminale schizofrenico Decalos Brown mentre viaggiava su un treno della metropolitana leggera a Charlotte, nella Carolina del Nord, ad agosto scorso. Il padre di Iryna non ha potuto partecipare al suo funerale, tenutosi a Charlotte, perch\u00e9 era bloccato in Ucraina a causa dell&#8217;invasione russa.<br \/> Brown, 34 anni, \u00e8 stato arrestato almeno 14 volte nella Carolina del Nord per reati che vanno dall&#8217;aggressione e possesso di armi da fuoco alla rapina e al furto, a partire dal 2007. Dopo essere stato ripreso mentre accoltellava Iryna tre volte, almeno una al collo, dalle telecamere di sorveglianza, la giovane \u00e8 crollata sul sedile. \u00c8 stata dichiarata morta sul treno. <\/p>\n<p><strong>L&#8217;arresto<\/strong><\/p>\n<p> Al momento dell&#8217;arresto, Brown ha affermato che un materiale inserito nel suo corpo senza il suo &#8220;permesso o autorizzazione&#8221; controllava le sue azioni, fino a ci\u00f2 che mangiava, stando ai video diffusi\u00a0dalla polizia. Il governatore della Carolina del Nord Josh Stein ha ratificato la &#8220;Legge Iryna&#8221; a ottobre, che includeva un emendamento che avrebbe potuto consentire alla Carolina del Nord di ripristinare la pena capitale, anche tramite fucilazione. Brown \u00e8 stato accusato di violenza contro un trasportatore ferroviario e un sistema di trasporto pubblico con conseguente morte. Rischierebbe la pena di morte se condannato.<\/p>\n<p>&#13;<br \/>\n                            \u00a9 RIPRODUZIONE RISERVATA&#13;<\/p>\n<p>&#13;<\/p>\n","protected":false},"excerpt":{"rendered":"Il punto sui temi di attualit\u00e0, ogni luned\u00ec Iscriviti e ricevi le notizie via email Il ricordo, le&hellip;\n","protected":false},"author":3,"featured_media":370117,"comment_status":"","ping_status":"","sticky":false,"template":"","format":"standard","meta":{"footnotes":"","_share_on_mastodon":"0"},"categories":[160],"tags":[14,164,165,70200,166,7,15,379,243,11,167,12,168,161,162,163],"class_list":["post-370116","post","type-post","status-publish","format-standard","has-post-thumbnail","category-mondo","tag-cronaca","tag-dal-mondo","tag-dalmondo","tag-iryna-zarutska","tag-mondo","tag-news","tag-notizie","tag-trump","tag-ultima-ora","tag-ultime-notizie","tag-ultime-notizie-di-mondo","tag-ultimenotizie","tag-ultimenotiziedimondo","tag-world","tag-world-news","tag-worldnews"],"share_on_mastodon":{"url":"https:\/\/pubeurope.com\/@it\/116132531752706146","error":""},"_links":{"self":[{"href":"https:\/\/www.europesays.com\/it\/wp-json\/wp\/v2\/posts\/370116","targetHints":{"allow":["GET"]}}],"collection":[{"href":"https:\/\/www.europesays.com\/it\/wp-json\/wp\/v2\/posts"}],"about":[{"href":"https:\/\/www.europesays.com\/it\/wp-json\/wp\/v2\/types\/post"}],"author":[{"embeddable":true,"href":"https:\/\/www.europesays.com\/it\/wp-json\/wp\/v2\/users\/3"}],"replies":[{"embeddable":true,"href":"https:\/\/www.europesays.com\/it\/wp-json\/wp\/v2\/comments?post=370116"}],"version-history":[{"count":0,"href":"https:\/\/www.europesays.com\/it\/wp-json\/wp\/v2\/posts\/370116\/revisions"}],"wp:featuredmedia":[{"embeddable":true,"href":"https:\/\/www.europesays.com\/it\/wp-json\/wp\/v2\/media\/370117"}],"wp:attachment":[{"href":"https:\/\/www.europesays.com\/it\/wp-json\/wp\/v2\/media?parent=370116"}],"wp:term":[{"taxonomy":"category","embeddable":true,"href":"https:\/\/www.europesays.com\/it\/wp-json\/wp\/v2\/categories?post=370116"},{"taxonomy":"post_tag","embeddable":true,"href":"https:\/\/www.europesays.com\/it\/wp-json\/wp\/v2\/tags?post=370116"}],"curies":[{"name":"wp","href":"https:\/\/api.w.org\/{rel}","templated":true}]}}