{"id":370220,"date":"2026-02-25T19:28:15","date_gmt":"2026-02-25T19:28:15","guid":{"rendered":"https:\/\/www.europesays.com\/it\/370220\/"},"modified":"2026-02-25T19:28:15","modified_gmt":"2026-02-25T19:28:15","slug":"selvaggia-lucarelli-diventa-opinionista-della-nuova-edizione-del-gf-vip","status":"publish","type":"post","link":"https:\/\/www.europesays.com\/it\/370220\/","title":{"rendered":"Selvaggia Lucarelli diventa opinionista della nuova edizione del GF Vip"},"content":{"rendered":"<p>    di<br \/>\n    Redazione spettacoli<\/p>\n<p class=\"summary-art is-line-h-12\">La blogger, gi\u00e0 nella giuria di Ballando, ingaggiata dal reality di Mediaset<\/p>\n<p class=\"chapter-paragraph\">Il \u00abGrande Fratello Vip\u00bb andr\u00e0 in onda da marted\u00ec 17 marzo in prima serata su Canale 5 con la conduzione di Ilary Blasi. Opinioniste della nuova <br \/>edizione saranno Cesara Buonamici e Selvaggia Lucarelli.\u00a0\u00a0Lo annuncia<br \/>Cologno Monzese in una nota.<br \/>\u00a0<br \/>Mediaset rimescola quindi le carte e punta su un cambio radicale per il suo show dopo il terremoto Corona-Signorini. Da marted\u00ec 17 marzo, il reality show pi\u00f9 seguito d&#8217;Italia avr\u00e0 quindi un nuovo volto: alla conduzione arriva Ilary Blasi, affiancata oltre che dalla blogger e giudice di Ballando con le stelle, anche da quello gi\u00e0 presente nelle edizioni passate di Cesara Buonamici.<br \/>\u00a0<\/p>\n<p class=\"is-last-update\" datetime=\"2026-02-25T17:27:55+01:00\">25 febbraio 2026 ( modifica il 25 febbraio 2026 | 17:27)<\/p>\n<p class=\"is-copyright\">\n            \u00a9 RIPRODUZIONE RISERVATA\n        <\/p>\n","protected":false},"excerpt":{"rendered":"di Redazione spettacoli La blogger, gi\u00e0 nella giuria di Ballando, ingaggiata dal reality di Mediaset Il \u00abGrande Fratello&hellip;\n","protected":false},"author":3,"featured_media":370221,"comment_status":"","ping_status":"","sticky":false,"template":"","format":"standard","meta":{"footnotes":"","_share_on_mastodon":"0"},"categories":[1444],"tags":[2370,19368,23866,128935,128936,128937,32320,203,204,1537,90,89,253],"class_list":["post-370220","post","type-post","status-publish","format-standard","has-post-thumbnail","category-tv","tag-ballando","tag-blasi","tag-blogger","tag-buonamici","tag-cesara","tag-cesara-buonamici","tag-conduzione","tag-entertainment","tag-intrattenimento","tag-it","tag-italia","tag-italy","tag-tv"],"share_on_mastodon":{"url":"https:\/\/pubeurope.com\/@it\/116132925031340193","error":""},"_links":{"self":[{"href":"https:\/\/www.europesays.com\/it\/wp-json\/wp\/v2\/posts\/370220","targetHints":{"allow":["GET"]}}],"collection":[{"href":"https:\/\/www.europesays.com\/it\/wp-json\/wp\/v2\/posts"}],"about":[{"href":"https:\/\/www.europesays.com\/it\/wp-json\/wp\/v2\/types\/post"}],"author":[{"embeddable":true,"href":"https:\/\/www.europesays.com\/it\/wp-json\/wp\/v2\/users\/3"}],"replies":[{"embeddable":true,"href":"https:\/\/www.europesays.com\/it\/wp-json\/wp\/v2\/comments?post=370220"}],"version-history":[{"count":0,"href":"https:\/\/www.europesays.com\/it\/wp-json\/wp\/v2\/posts\/370220\/revisions"}],"wp:featuredmedia":[{"embeddable":true,"href":"https:\/\/www.europesays.com\/it\/wp-json\/wp\/v2\/media\/370221"}],"wp:attachment":[{"href":"https:\/\/www.europesays.com\/it\/wp-json\/wp\/v2\/media?parent=370220"}],"wp:term":[{"taxonomy":"category","embeddable":true,"href":"https:\/\/www.europesays.com\/it\/wp-json\/wp\/v2\/categories?post=370220"},{"taxonomy":"post_tag","embeddable":true,"href":"https:\/\/www.europesays.com\/it\/wp-json\/wp\/v2\/tags?post=370220"}],"curies":[{"name":"wp","href":"https:\/\/api.w.org\/{rel}","templated":true}]}}